{"id":57050,"date":"2021-03-10T16:38:30","date_gmt":"2021-03-10T15:38:30","guid":{"rendered":"https:\/\/www.fedaiisf.it\/?p=57050"},"modified":"2021-03-11T17:46:06","modified_gmt":"2021-03-11T16:46:06","slug":"emendamento-menga-alla-camera-inserire-isf-nelle-categorie-prioritarie-di-vaccinazione-respinto","status":"publish","type":"post","link":"https:\/\/www.fedaiisf.it\/en\/emendamento-menga-alla-camera-inserire-isf-nelle-categorie-prioritarie-di-vaccinazione-respinto\/","title":{"rendered":"Emendamento Menga alla Camera: inserire ISF nelle categorie prioritarie di vaccinazione. Respinto"},"content":{"rendered":"<div id=\"single_content_21619\" class=\"main_text landing_comunicato\">\n<div id=\"social-sharing-block\" class=\"single_content_social\">\n<div class=\"titolo\">\n<h5 class=\"\">Esame del decreto emergenza Covid-19 e svolgimento elezioni 2021<\/h5>\n<\/div>\n<div class=\"testo_linkato\">\n<p class=\"testo\">La Camera, dopo aver respinto la questione pregiudiziale Lollobrigida ed altri n. 1 presentata al disegno di <img loading=\"lazy\" decoding=\"async\" class=\"size-full wp-image-57053 alignright\" src=\"https:\/\/www.fedaiisf.it\/wp-content\/uploads\/2021\/03\/On.-Rosa-Menga.jpeg\" alt=\"\" width=\"277\" height=\"177\" \/>legge di conversione in legge, con modificazioni, del decreto-legge 14 gennaio 2021, n. 2, recante ulteriori disposizioni urgenti in materia di contenimento e prevenzione dell&#8217;emergenza epidemiologica da COVID-19 e di svolgimento delle elezioni per l&#8217;anno 2021 (Approvato dal Senato) (C. <a title=\"Apri la scheda dei lavori preparatori dell&#039;Atto Camera n. 2921\" href=\"http:\/\/documenti.camera.it\/apps\/commonServices\/getDocumento.ashx?sezione=lavori&amp;idLegislatura=18&amp;tipoDoc=pdl&amp;idDocumento=2921&amp;ramo=C\" target=\"_blank\" rel=\"noopener\">2921<\/a>), ha proseguito l&#8217;esame del provvedimento.<\/p>\n<\/div>\n<\/div>\n<\/div>\n<div class=\"data\">Marted\u00ec 9 marzo 2021<\/div>\n<div class=\"titolo\">AULA, Seduta 465 &#8211; Decreto emergenza Covid-19 e svolgimento elezioni 2021<\/div>\n<div><\/div>\n<div><img loading=\"lazy\" decoding=\"async\" class=\"size-full wp-image-57068 aligncenter\" src=\"https:\/\/www.fedaiisf.it\/wp-content\/uploads\/2021\/03\/Emendamento-Menga-9-marzo-21.jpeg\" alt=\"\" width=\"773\" height=\"429\" srcset=\"https:\/\/www.fedaiisf.it\/wp-content\/uploads\/2021\/03\/Emendamento-Menga-9-marzo-21.jpeg 773w, https:\/\/www.fedaiisf.it\/wp-content\/uploads\/2021\/03\/Emendamento-Menga-9-marzo-21-300x166.jpeg 300w, https:\/\/www.fedaiisf.it\/wp-content\/uploads\/2021\/03\/Emendamento-Menga-9-marzo-21-768x426.jpeg 768w\" sizes=\"auto, (max-width: 773px) 100vw, 773px\" \/><\/div>\n<div><\/div>\n<div><a href=\"https:\/\/documenti.camera.it\/leg18\/resoconti\/assemblea\/html\/sed0465\/leg.18.sed0465.allegato_a.pdf\" target=\"_blank\" rel=\"noopener\">Allegato A pag. 22 D.L. 2\/2021<\/a><\/div>\n<div><\/div>\n<p class=\"titolo\">L&#8217;intervento di ROSA MENGA(MISTO). Grazie Presidente, intervengo per illustrare l&#8217;<a href=\"https:\/\/www.camera.it\/CDD-SearchWeb\/index4.jsp?parole=informatori%20scientifici&amp;trp=2&amp;Legislatura=18&amp;pres=Deputato&amp;nomeDep=rosa%20menga&amp;tseduta=Assemblea&amp;idAtto=2921&amp;rifn=2921&amp;rifs=&amp;rift=&amp;sedutaN=465&amp;numeme=1.105.&amp;riform=&amp;sesame=&amp;esito=\" target=\"_blank\" rel=\"noopener\">emendamento 1.105<\/a> a mia prima firma, anche se in realt\u00e0 nella sua formulazione ritengo sia gi\u00e0 piuttosto chiaro. Si chiede di inserire tra le categorie prioritarie per la campagna vaccinale quella degli informatori scientifici del farmaco. E&#8217; una richiesta che, \u00e8 vero, da un lato cozza con la mancata previsione di inserimento di questa categoria come professione sanitaria, richiesta, tra l&#8217;altro, che ho fatto anche depositando una proposta di legge. Per\u00f2 \u00e8 vero anche che si tratta di professionisti che operano, per loro stessa natura, per la natura della loro mansione, a stretto contatto con tutti gli operatori sanitari e parasanitari, nonch\u00e9 con i pazienti, quindi che potrebbero davvero diventare veicolo di contagio e quindi esporre loro stessi al rischio, ma anche al rischio sanitario tutti i professionisti con cui vengono in contatto, i pazienti stessi che afferiscono presso le strutture di cura. Inoltre, non posso neanche, come mi \u00e8 stato chiesto nel corso dell&#8217;esame in Commissione, valutare un ritiro dell&#8217;emendamento\u2026<\/p>\n<div><\/div>\n<p id=\"free_code_32114\"><img loading=\"lazy\" decoding=\"async\" class=\"size-full wp-image-57055 alignleft\" src=\"https:\/\/www.fedaiisf.it\/wp-content\/uploads\/2021\/03\/Votazione-emendamento-Menga.jpeg\" alt=\"\" width=\"299\" height=\"171\" \/><a href=\"http:\/\/webtv.camera.it\/evento\/17691\/502663\" target=\"_blank\" rel=\"noopener\">Emendamento Menga 1.105 52 favorevoli con 208 contrari<\/a><\/p>\n<p><a href=\"http:\/\/www.radioradicale.it\/scheda\/631078\/seduta-465a-xviii-legislatura#i=4243867\" target=\"_blank\" rel=\"noopener\">Video<\/a>\u00a0 integrale della seduta<\/p>\n<p><a href=\"http:\/\/webtv.camera.it\/evento\/17691\/502663\" target=\"_blank\" rel=\"noopener\">\u00a0Esame, votazione dell&#8217;emendamento 1.105<\/a> \u00a0interviene: Rosa Menga (MISTO)<\/p>\n<p>&nbsp;<\/p>\n<p>52 favorevoli, 208 contrari, 157 astenuti<\/p>\n<p><em>Sapevamo che l&#8217;emendamento sarebbe stato respinto perch\u00e9 il Governo aveva espresso parere contrario di inserirlo in un progetto di legge.\u00a0<\/em><i>Probabilmente avrebbe ritardato la conversione in legge del decreto che deve essere approvato entro il 15 marzo.<\/i><\/p>\n<p><em>Ricordiamo per\u00f2 che \u00e8 stato accolto un OdG della stessa On. Menga che impegnava il Governo ad inserire gli ISF fra le categorie con priorit\u00e0 vaccinale. Lo stesso dicasi dell&#8217;OdG delle Senatrici Castellone e Pirro al Senato<\/em><\/p>\n<p><em>Il nostro ringraziamento alla On. Menga e alle Sen. Castellone e Pirro per l&#8217;attenzione e la sensibilit\u00e0 dimostrata nei confronti degli Informatori Scientifici<\/em><\/p>\n<p>Related news:\u00a0<a href=\"https:\/\/www.fedaiisf.it\/en\/sen-castellone-emendamento-isf-ritirato-perche-trasformato-in-o-d-g\/\" target=\"_blank\" rel=\"noopener\"><strong>Sen. Castellone. ISF amendment withdrawn because transformed into OdG<\/strong><\/a><\/p>\n<hr \/>\n<p><span style=\"color: #000000;\"><strong><em>Update<\/em><\/strong><\/span><\/p>\n<p><span style=\"color: #000000;\"><img loading=\"lazy\" decoding=\"async\" class=\"size-full wp-image-40681 alignright\" src=\"https:\/\/www.fedaiisf.it\/wp-content\/uploads\/2019\/01\/Rosa-Menga-M5S.jpg\" alt=\"\" width=\"165\" height=\"228\" \/>L&#8217;On. Menga ha poi scritto il giorno dopo sulla sua pagina Facebook:<\/span><\/p>\n<p><span style=\"color: #000000;\">Torno a parlarvi degli informatori scientifici del farmaco (ISF).<\/span><\/p>\n<p><span style=\"color: #000000;\">Ieri sera infatti \u00e9 stato respinto il mio emendamento che chiedeva il loro inserimento tra le categorie da vaccinare in via prioritaria. Vi chiederete il perch\u00e9: ebbene, quando un chirurgo effettua un intervento utilizzando tecniche innovative, che riducono i tempi e i rischi operatori, lo fa anche grazie a chi gli ha illustrato le caratteristiche all\u2019avanguardia di una nuova strumentazione chirurgica; quando un medico utilizza un nuovo farmaco, o riceve informazioni su come trattare una patologia nuova, come il COVID-19, lo fa anche grazie a chi ha il compito di trasferirgli il sapere sulle evidenze scientifiche pi\u00f9 recenti.<\/span><\/p>\n<p><span style=\"color: #000000;\">Chi crede che gli ISF siano assimilabili a venditori porta a porta pagati dalle aziende farmaceutiche dimostra di ignorare o, peggio ancora, di avere un pregiudizio inaccettabile sulla loro figura.<\/span><\/p>\n<p><span style=\"color: #000000;\">Per questo motivo, ho ritenuto doveroso sollecitare il Governo a vaccinare tale categoria il prima possibile, tutelando cos\u00ec sia gli ISF sia gli operatori sanitari e gli stessi pazienti con cui vengono a contatto.<\/span><\/p>\n<p><span style=\"color: #000000;\">Anche questa volta, per\u00f2, mi rammarico che non mi sia stato dato ascolto.<\/span><\/p>\n<p><span style=\"color: #000000;\">A nulla vale dare parere favorevole a miei \u201cordini del giorno\u201d, come quello da me presentato in data 20 gennaio 2021 al DL 172\/2020 sul medesimo tema, se poi non si d\u00e0 seguito all\u2019impegno assunto accogliendo proposte emendative che realmente vincolerebbero il Governo, come gi\u00e0 stanno facendo autonomamente numerose Regioni di ogni colore politico, ad intervenire.<\/span><\/p>\n<p>Related news:\u00a0<a href=\"https:\/\/www.fedaiisf.it\/en\/vaccinazione-anti-covid-isf-camera-approva-odg-a-prima-firma-menga-m5s-il-governo-valutera-se-inserirli-tra-i-destinatari-della-fase-1\/\" target=\"_blank\" rel=\"noopener\">Vaccinazione anti Covid ISF. Camera approva Odg a prima firma Menga (M5S). Il Governo valuter\u00e0 se inserirli tra i destinatari della \u201cFase 1\u201d<\/a><\/p>","protected":false},"excerpt":{"rendered":"<p>Esame del decreto emergenza Covid-19 e svolgimento elezioni 2021 La Camera, dopo aver respinto la questione pregiudiziale Lollobrigida ed altri n. 1 presentata al disegno di legge di conversione in legge, con modificazioni, del decreto-legge 14 gennaio 2021, n. 2, recante ulteriori disposizioni urgenti in materia di contenimento e prevenzione dell&#8217;emergenza epidemiologica da COVID-19 e &hellip;<\/p>","protected":false},"author":4,"featured_media":31672,"comment_status":"closed","ping_status":"closed","sticky":false,"template":"","format":"standard","meta":{"footnotes":""},"categories":[1],"tags":[21,41,39],"class_list":["post-57050","post","type-post","status-publish","format-standard","has-post-thumbnail","hentry","category-notizie","tag-informatori-scientifici","tag-leggisentenze","tag-vaccini"],"amp_enabled":true,"_links":{"self":[{"href":"https:\/\/www.fedaiisf.it\/en\/wp-json\/wp\/v2\/posts\/57050","targetHints":{"allow":["GET"]}}],"collection":[{"href":"https:\/\/www.fedaiisf.it\/en\/wp-json\/wp\/v2\/posts"}],"about":[{"href":"https:\/\/www.fedaiisf.it\/en\/wp-json\/wp\/v2\/types\/post"}],"author":[{"embeddable":true,"href":"https:\/\/www.fedaiisf.it\/en\/wp-json\/wp\/v2\/users\/4"}],"replies":[{"embeddable":true,"href":"https:\/\/www.fedaiisf.it\/en\/wp-json\/wp\/v2\/comments?post=57050"}],"version-history":[{"count":0,"href":"https:\/\/www.fedaiisf.it\/en\/wp-json\/wp\/v2\/posts\/57050\/revisions"}],"wp:featuredmedia":[{"embeddable":true,"href":"https:\/\/www.fedaiisf.it\/en\/wp-json\/wp\/v2\/media\/31672"}],"wp:attachment":[{"href":"https:\/\/www.fedaiisf.it\/en\/wp-json\/wp\/v2\/media?parent=57050"}],"wp:term":[{"taxonomy":"category","embeddable":true,"href":"https:\/\/www.fedaiisf.it\/en\/wp-json\/wp\/v2\/categories?post=57050"},{"taxonomy":"post_tag","embeddable":true,"href":"https:\/\/www.fedaiisf.it\/en\/wp-json\/wp\/v2\/tags?post=57050"}],"curies":[{"name":"wp","href":"https:\/\/api.w.org\/{rel}","templated":true}]}}