{"id":57149,"date":"2021-03-14T12:55:59","date_gmt":"2021-03-14T11:55:59","guid":{"rendered":"https:\/\/www.fedaiisf.it\/?p=57149"},"modified":"2021-03-14T12:55:59","modified_gmt":"2021-03-14T11:55:59","slug":"basilicata-conclusa-la-vaccinazione-degli-informatori-scientifici-del-farmaco","status":"publish","type":"post","link":"https:\/\/www.fedaiisf.it\/en\/basilicata-conclusa-la-vaccinazione-degli-informatori-scientifici-del-farmaco\/","title":{"rendered":"Basilicata. The vaccination of scientific representatives of the drug has been completed"},"content":{"rendered":"<h1 class=\"postitle\">Coronavirus, conclusa la vaccinazione degli informatori scientifici del farmaco di Basilicata<\/h1>\n<p><a href=\"https:\/\/www.sassilive.it\/salute-e-sociale\/notizie-mediche\/coronavirus-conclusa-la-vaccinazione-degli-informatori-scientifici-del-farmaco-di-basilicata\/\" target=\"_blank\" rel=\"noopener\">sassilive &#8211; 14 marzo 2021<\/a><\/p>\n<p>Conclusa la vaccinazione degli informatori scientifici del farmaco di Basilicata. Di seguito la nota integrale.<\/p>\n<p>Si \u00e8 conclusa domenica 14 marzo la vaccinazione degli informatori scientifici del farmaco di Basilicata. Grazie alla sensibilit\u00e0 delle massime autorit\u00e0 della regione (presidente Bardi, direttore della task force Esposito e sottosegretario Moles), si \u00e8 provveduto a vaccinare circa 300 tra informatori scientifici del farmaco e del parafarmaco, Regional Area Manager, Country Area Manager, Regional Manager e\u00a0 Specialist di sala operatoria e di devices.<\/p>\n<p>Risultato di grande interesse e sicuramente non scontato partito da una piccola regione, tenendo conto che non tutte le regioni italiane hanno fatto la stessa scelta.<\/p>\n<p>Scelta che tutela non solo chi opera nel settore e che svolge la sua attivit\u00e0 tra ambulatori, ospedali e farmacie, ma tutela anche i medici e gli utenti che frequentano dette strutture.<\/p>\n<p>Ma l\u2019attivit\u00e0 della sezione lucana Fedaiisf non si ferma qui: continuano gli incontri con i direttori sanitari degli ospedali di Potenza e Matera per riaprire gli ingressi agli informatori.<\/p>\n<p>E nelle scorse settimane una delegazione guidata dalla presidentessa Ostuni, composta dal presidente nazionale Fedaiisf Antonio Mazzarella e i colleghi De Carlo e Grossi, sono stati ricevuti al Ministero della Sanit\u00e0 dal dottor Gambale, componente del gabinetto del Ministero Speranza.<\/p>\n<p>Tutto questo per rendere sempre pi\u00f9 importante la figura di un professionista che opera in un delicato settore come quello della Sanit\u00e0 devastato dalla pandemia.<\/p>\n<p>&nbsp;<\/p>","protected":false},"excerpt":{"rendered":"<p>Coronavirus, conclusa la vaccinazione degli informatori scientifici del farmaco di Basilicata sassilive &#8211; 14 marzo 2021 Conclusa la vaccinazione degli informatori scientifici del farmaco di Basilicata. Di seguito la nota integrale. Si \u00e8 conclusa domenica 14 marzo la vaccinazione degli informatori scientifici del farmaco di Basilicata. Grazie alla sensibilit\u00e0 delle massime autorit\u00e0 della regione (presidente &hellip;<\/p>","protected":false},"author":4,"featured_media":57151,"comment_status":"closed","ping_status":"closed","sticky":false,"template":"","format":"standard","meta":{"footnotes":""},"categories":[1],"tags":[45,39],"class_list":["post-57149","post","type-post","status-publish","format-standard","has-post-thumbnail","hentry","category-notizie","tag-fedaiisf","tag-vaccini"],"amp_enabled":true,"_links":{"self":[{"href":"https:\/\/www.fedaiisf.it\/en\/wp-json\/wp\/v2\/posts\/57149","targetHints":{"allow":["GET"]}}],"collection":[{"href":"https:\/\/www.fedaiisf.it\/en\/wp-json\/wp\/v2\/posts"}],"about":[{"href":"https:\/\/www.fedaiisf.it\/en\/wp-json\/wp\/v2\/types\/post"}],"author":[{"embeddable":true,"href":"https:\/\/www.fedaiisf.it\/en\/wp-json\/wp\/v2\/users\/4"}],"replies":[{"embeddable":true,"href":"https:\/\/www.fedaiisf.it\/en\/wp-json\/wp\/v2\/comments?post=57149"}],"version-history":[{"count":0,"href":"https:\/\/www.fedaiisf.it\/en\/wp-json\/wp\/v2\/posts\/57149\/revisions"}],"wp:featuredmedia":[{"embeddable":true,"href":"https:\/\/www.fedaiisf.it\/en\/wp-json\/wp\/v2\/media\/57151"}],"wp:attachment":[{"href":"https:\/\/www.fedaiisf.it\/en\/wp-json\/wp\/v2\/media?parent=57149"}],"wp:term":[{"taxonomy":"category","embeddable":true,"href":"https:\/\/www.fedaiisf.it\/en\/wp-json\/wp\/v2\/categories?post=57149"},{"taxonomy":"post_tag","embeddable":true,"href":"https:\/\/www.fedaiisf.it\/en\/wp-json\/wp\/v2\/tags?post=57149"}],"curies":[{"name":"wp","href":"https:\/\/api.w.org\/{rel}","templated":true}]}}