{"id":57165,"date":"2021-03-15T10:41:11","date_gmt":"2021-03-15T09:41:11","guid":{"rendered":"https:\/\/www.fedaiisf.it\/?p=57165"},"modified":"2021-03-15T12:06:54","modified_gmt":"2021-03-15T11:06:54","slug":"bassetti-astrazeneca-doveva-mettere-a-disposizione-dei-cittadini-un-numero-verde-per-dare-informazioni","status":"publish","type":"post","link":"https:\/\/www.fedaiisf.it\/en\/bassetti-astrazeneca-doveva-mettere-a-disposizione-dei-cittadini-un-numero-verde-per-dare-informazioni\/","title":{"rendered":"Bassetti. AstraZeneca had to make a toll-free number available to citizens to give information"},"content":{"rendered":"<h1>Covid, Bassetti su caso AstraZeneca: &#8220;Comunicazione un disastro&#8221;<\/h1>\n<p><span style=\"font-size: 14pt;\">L&#8217;infettivologo lamenta la mancanza di chiarezza sul lotto sequestrato del vaccino di AstraZeneca, in una fase delicata delle vaccinazioni<\/span><\/p>\n<p><a href=\"https:\/\/notizie.virgilio.it\/covid-bassetti-vaccino-astrazeneca-comunicazione-disastro-1470740\" target=\"_blank\" rel=\"noopener\">Notizie Virgilio &#8211; 14 marzo 2021<\/a><\/p>\n<p><img loading=\"lazy\" decoding=\"async\" class=\"wp-image-57170 alignright\" src=\"https:\/\/www.fedaiisf.it\/wp-content\/uploads\/2021\/03\/bassetti.jpg\" alt=\"\" width=\"326\" height=\"245\" srcset=\"https:\/\/www.fedaiisf.it\/wp-content\/uploads\/2021\/03\/bassetti.jpg 1008w, https:\/\/www.fedaiisf.it\/wp-content\/uploads\/2021\/03\/bassetti-300x225.jpg 300w, https:\/\/www.fedaiisf.it\/wp-content\/uploads\/2021\/03\/bassetti-768x576.jpg 768w\" sizes=\"auto, (max-width: 326px) 100vw, 326px\" \/>Sul caso del lotto sospeso del vaccino AstraZeneca per il Covid-19, il virologo Matteo Bassetti punta il dito: \u201c<strong>La comunicazione in Italia \u00e8 stato un disastro<\/strong>\u201c. Dice cos\u00ec ad Adkronos Salute il direttore della Clinica di malattie infettive dell\u2019<a href=\"https:\/\/notizie.virgilio.it\/infermiera-rifiuta-vaccino-focolaio-ospedale-bassetti-1470722\" target=\"_blank\" rel=\"noopener\">ospedale San Martino di Genova<\/a> e componente dell\u2019Unit\u00e0 di crisi Covid della Liguria, il quale ha in mente la soluzione che, secondo lui, sarebbe stata pi\u00f9 opportuna.<\/p>\n<p>\u201c<b>L\u2019azienda avrebbe dovuto mettere a disposizione un numero verde<\/b>\u00a0o far rispondere a qualcuno esperto, mentre ci troviamo noi medici sul campo a dover dare informazioni alle persone che giustamente vogliono notizie e chiarimenti\u201d ha detto Bassetti.<\/p>\n<p>Dato che ci\u00f2 non \u00e8 accaduto, secondo l\u2019infettivologo, dalla casa farmaceutica \u201cche si \u00e8 limitata a un <a href=\"https:\/\/notizie.virgilio.it\/vaccino-astrazeneca-sequestri-italia-1470325\" target=\"_blank\" rel=\"noopener\">Press release<\/a>\u201c.<\/p>\n<p>\u201cIn un momento cos\u00ec difficile \u2013 \u00e8 l\u2019opinione di Bassetti \u2013 non si pu\u00f2 lasciare la comunicazione a un comunicato stampa, come ha fatto <a href=\"https:\/\/notizie.virgilio.it\/covid-astrazeneca-annuncia-nuovo-taglio-dosi-europa-1470619\" target=\"_blank\" rel=\"noopener\">AstraZeneca<\/a>, Non \u00e8 abbastanza. <strong>Ci vogliono risposte per il cittadino<\/strong>, in un momento in cui c\u2019\u00e8 una comunicazione cos\u00ec cervellotica e cos\u00ec \u2018virale\u2019, basti vedere che negli ultimi tre giorni non si parla di altro\u201d.<\/p>\n<p>L\u2019infettivologo ha sempre insistito sull\u2019importanza di un\u2019attenta informazione della popolazione sulla campagna vaccinale: \u201cBisogna spiegare alla gente il vaccino \u00e8 stato fatto a 15 milioni di persone tra Europa e Regno Unito e non solo non ha ammazzato nessuno ma non ha dato neanche un effetto collaterale ogni 10mila dosi.<\/p>\n<p>\u201cOvviamente \u2013 spiega Bassetti \u2013 <strong>i vaccini sono farmaci e come tali danno effetti collaterali come ogni altro medicinale<\/strong>: dalla tachipirina all\u2019aspirina, dall\u2019antibiotico o all\u2019antipertensivo, basta leggere il foglietto illustrativo di qualsiasi prodotto per capire che ci sono effetti potenziali. Il problema \u00e8 che ci stiamo vaccinando per prevenire la malattia e scongiurare morti, dunque ci assumiamo il rischio ma finora ci sono state solo reazioni lievi gestibili entro le 48-72 ore dalla somministrazione\u201d.<\/p>\n<p>\u201cDobbiamo spiegare a tutti che il vaccino ad oggi \u00e8 sicuro, poi s<strong>e domani verr\u00e0 fuori dalla farmacovigilanza o la magistratura dir\u00e0 che i decessi sono realmente collegati alla vaccinazione allora le cose potranno cambiare<\/strong>. Ma ad oggi dobbiamo stare tutti dalla parte dei vaccini. Non possiamo permetterci il rischio di non vaccinarci o di fermare la campagna vaccinale perch\u00e9 non ce n\u2019\u00e8 alcun motivo valido e validato\u201d, \u00e8 la conclusione del direttore <a href=\"https:\/\/notizie.virgilio.it\/bassetti-zona-rossa-vaccino-1470481\" target=\"_blank\" rel=\"noopener\">Bassetti<\/a>.<\/p>\n<p>AstraZeneca \u21d3<\/p>\n<p><a href=\"https:\/\/www.azcovid-19.com\/european-union\/it\/it.html\" target=\"_blank\" rel=\"noopener\"><img loading=\"lazy\" decoding=\"async\" class=\"alignnone size-large wp-image-57178\" src=\"https:\/\/www.fedaiisf.it\/wp-content\/uploads\/2021\/03\/AZ-informazioni-1024x81.jpeg\" alt=\"\" width=\"1024\" height=\"81\" srcset=\"https:\/\/www.fedaiisf.it\/wp-content\/uploads\/2021\/03\/AZ-informazioni-1024x81.jpeg 1024w, https:\/\/www.fedaiisf.it\/wp-content\/uploads\/2021\/03\/AZ-informazioni-300x24.jpeg 300w, https:\/\/www.fedaiisf.it\/wp-content\/uploads\/2021\/03\/AZ-informazioni-768x61.jpeg 768w, https:\/\/www.fedaiisf.it\/wp-content\/uploads\/2021\/03\/AZ-informazioni.jpeg 1203w\" sizes=\"auto, (max-width: 1024px) 100vw, 1024px\" \/><\/a><\/p>","protected":false},"excerpt":{"rendered":"<p>Covid, Bassetti su caso AstraZeneca: &#8220;Comunicazione un disastro&#8221; L&#8217;infettivologo lamenta la mancanza di chiarezza sul lotto sequestrato del vaccino di AstraZeneca, in una fase delicata delle vaccinazioni Notizie Virgilio &#8211; 14 marzo 2021 Sul caso del lotto sospeso del vaccino AstraZeneca per il Covid-19, il virologo Matteo Bassetti punta il dito: \u201cLa comunicazione in Italia &hellip;<\/p>","protected":false},"author":4,"featured_media":57168,"comment_status":"closed","ping_status":"closed","sticky":false,"template":"","format":"standard","meta":{"footnotes":""},"categories":[1],"tags":[39],"class_list":["post-57165","post","type-post","status-publish","format-standard","has-post-thumbnail","hentry","category-notizie","tag-vaccini"],"amp_enabled":true,"_links":{"self":[{"href":"https:\/\/www.fedaiisf.it\/en\/wp-json\/wp\/v2\/posts\/57165","targetHints":{"allow":["GET"]}}],"collection":[{"href":"https:\/\/www.fedaiisf.it\/en\/wp-json\/wp\/v2\/posts"}],"about":[{"href":"https:\/\/www.fedaiisf.it\/en\/wp-json\/wp\/v2\/types\/post"}],"author":[{"embeddable":true,"href":"https:\/\/www.fedaiisf.it\/en\/wp-json\/wp\/v2\/users\/4"}],"replies":[{"embeddable":true,"href":"https:\/\/www.fedaiisf.it\/en\/wp-json\/wp\/v2\/comments?post=57165"}],"version-history":[{"count":0,"href":"https:\/\/www.fedaiisf.it\/en\/wp-json\/wp\/v2\/posts\/57165\/revisions"}],"wp:featuredmedia":[{"embeddable":true,"href":"https:\/\/www.fedaiisf.it\/en\/wp-json\/wp\/v2\/media\/57168"}],"wp:attachment":[{"href":"https:\/\/www.fedaiisf.it\/en\/wp-json\/wp\/v2\/media?parent=57165"}],"wp:term":[{"taxonomy":"category","embeddable":true,"href":"https:\/\/www.fedaiisf.it\/en\/wp-json\/wp\/v2\/categories?post=57165"},{"taxonomy":"post_tag","embeddable":true,"href":"https:\/\/www.fedaiisf.it\/en\/wp-json\/wp\/v2\/tags?post=57165"}],"curies":[{"name":"wp","href":"https:\/\/api.w.org\/{rel}","templated":true}]}}