{"id":57172,"date":"2021-03-15T11:52:31","date_gmt":"2021-03-15T10:52:31","guid":{"rendered":"https:\/\/www.fedaiisf.it\/?p=57172"},"modified":"2021-03-15T11:52:31","modified_gmt":"2021-03-15T10:52:31","slug":"perche-tutelare-i-brevetti","status":"publish","type":"post","link":"https:\/\/www.fedaiisf.it\/en\/perche-tutelare-i-brevetti\/","title":{"rendered":"Why protect patents"},"content":{"rendered":"<h1 class=\"elementor-heading-title elementor-size-default\">Ecco perch\u00e9 tutelare i brevetti \u00e8 indispensabile anche quando c\u2019\u00e8 in gioco la salute pubblica<\/h1>\n<p><a href=\"https:\/\/www.lanotiziagiornale.it\/tutelare-brevetti-indispensabile\/\" target=\"_blank\" rel=\"noopener\">La Notizia di Mauro Masi &#8211; 14 marzo 2021<\/a><\/p>\n<p><img loading=\"lazy\" decoding=\"async\" class=\"wp-image-57174 alignright\" src=\"https:\/\/www.fedaiisf.it\/wp-content\/uploads\/2021\/03\/no-profit-pandemic-eu.jpg\" alt=\"\" width=\"392\" height=\"183\" srcset=\"https:\/\/www.fedaiisf.it\/wp-content\/uploads\/2021\/03\/no-profit-pandemic-eu.jpg 760w, https:\/\/www.fedaiisf.it\/wp-content\/uploads\/2021\/03\/no-profit-pandemic-eu-300x140.jpg 300w\" sizes=\"auto, (max-width: 392px) 100vw, 392px\" \/>Come \u00e8 noto la querelle sui brevetti di farmaci salva vita si \u00e8 riaccesa in questi ultimi giorni in relazione alla fruibilit\u00e0 dei vaccini contro il Covid-19. Ce ne siamo occupati pi\u00f9 volte in questa Rubrica evidenziando le ragioni di chi ritiene il diritto alla salute individuale e pubblica faccia premio su ogni altra tutela e le ragioni di chi ritiene che senza la protezione assicurata dall\u2019esclusivit\u00e0 brevettuale si bloccherebbe l\u2019innovazione e la spinta del sistema a produrre nuovi farmaci.<\/p>\n<p class=\"done\">E una dicotomia che pu\u00f2 trovare una composizione solo in funzione di un interesse pubblico prevalente (come \u00e8 sicuramente quello alla salute) ma che non pu\u00f2 mettere in discussione \u2013 come fatto da alcuni in questi giorni \u2013 la bont\u00e0 del sistema brevettuale. Il brevetto \u00e8, infatti, un diritto esclusivo concesso per l\u2019invenzione di un prodotto o di un processo; ossia di un modo nuovo e originale di fare qualche cosa o di offrire una nuova soluzione tecnica ad un problema.<\/p>\n<p class=\"done\">Il brevetto garantisce al suo titolare protezione per l\u2019invenzione, nel senso che questa non potr\u00e0 essere commercialmente realizzata, usata e\/o distribuita senza il consenso del titolare stesso. La protezione ha durata temporale usualmente 20 anni. Dopo questo periodo l\u2019invenzione entra nel \u201cdominio pubblico\u201d nel senso che il titolare perde il suo diritto esclusivo sulla stessa che pertanto diviene commercialmente sfruttabile da chiunque.<\/p>\n<p class=\"done\">Nei paesi dell\u2019Unione Europea esistono attualmente due tipi di brevetto: il Brevetto nazionale rilasciato dal competente Ufficio Brevetti del singolo Stato (in Italia l\u2019UIBM, Ufficio Italiano Brevetti e Marchi), sulla base della legislazione nazionale, la cui efficacia \u00e8 limitata al territorio del singolo Stato e, in caso di controversia \u00e8 competente il giudice nazionale.<\/p>\n<p class=\"done\"><img loading=\"lazy\" decoding=\"async\" class=\"wp-image-28322 alignleft\" src=\"https:\/\/www.fedaiisf.it\/wp-content\/uploads\/2016\/10\/epo-uff.brevetti.europeo.jpg\" alt=\"\" width=\"467\" height=\"239\" srcset=\"https:\/\/www.fedaiisf.it\/wp-content\/uploads\/2016\/10\/epo-uff.brevetti.europeo.jpg 691w, https:\/\/www.fedaiisf.it\/wp-content\/uploads\/2016\/10\/epo-uff.brevetti.europeo-300x154.jpg 300w\" sizes=\"auto, (max-width: 467px) 100vw, 467px\" \/>Il Brevetto europeo, rilasciato, dall\u2019Ufficio Europeo dei Brevetti di Monaco di Baviera \u00e8 efficace nell\u2019ambito degli Stati Membri indicati dal titolare del brevetto e per la protezione dello stesso si applica la disciplina nazionale dei singoli Stati, quindi, in caso di controversia sono competenti i giudici di ciascuno degli Stati Membri dove il brevetto \u00e8 efficace. Negli Stati Uniti la legge sui brevetti \u00e8 stata riformata pochi anni fa ed \u00e8 concettualmente simile, in termini di criteri generali, a quella europea.<\/p>\n<p class=\"done\">C\u2019\u00e8 da dire che l\u2019esplosione di Internet ha avuto riflessi anche sul sistema ora descritto tant\u2019\u00e8 che da pi\u00f9 parti (negli USA, ma non solo) si \u00e8 proposto di pensare ad una durata diversa della protezione brevettuale in relazione ai diversi prodotti e cio\u00e8 pi\u00f9 breve per i settori caratterizzati da pi\u00f9 veloce innovazione come quello dei computer, high tech, nanotecnologie etc e una protezione pi\u00f9 lunga per i settori dove l\u2019innovazione \u00e8 pi\u00f9 lenta e dispendiosa. E qui viene da tutti citato proprio l\u2019esempio del settore farmaceutico in cui, per tornare al nostro quesito iniziale, la protezione brevettuale \u201clunga\u201d \u00e8 ritenuta, a tutt\u2019oggi, indispensabile.<\/p>\n<p>&nbsp;<\/p>","protected":false},"excerpt":{"rendered":"<p>Ecco perch\u00e9 tutelare i brevetti \u00e8 indispensabile anche quando c\u2019\u00e8 in gioco la salute pubblica La Notizia di Mauro Masi &#8211; 14 marzo 2021 Come \u00e8 noto la querelle sui brevetti di farmaci salva vita si \u00e8 riaccesa in questi ultimi giorni in relazione alla fruibilit\u00e0 dei vaccini contro il Covid-19. Ce ne siamo occupati &hellip;<\/p>","protected":false},"author":4,"featured_media":57176,"comment_status":"closed","ping_status":"closed","sticky":false,"template":"","format":"standard","meta":{"footnotes":""},"categories":[1],"tags":[],"class_list":["post-57172","post","type-post","status-publish","format-standard","has-post-thumbnail","hentry","category-notizie"],"amp_enabled":true,"_links":{"self":[{"href":"https:\/\/www.fedaiisf.it\/en\/wp-json\/wp\/v2\/posts\/57172","targetHints":{"allow":["GET"]}}],"collection":[{"href":"https:\/\/www.fedaiisf.it\/en\/wp-json\/wp\/v2\/posts"}],"about":[{"href":"https:\/\/www.fedaiisf.it\/en\/wp-json\/wp\/v2\/types\/post"}],"author":[{"embeddable":true,"href":"https:\/\/www.fedaiisf.it\/en\/wp-json\/wp\/v2\/users\/4"}],"replies":[{"embeddable":true,"href":"https:\/\/www.fedaiisf.it\/en\/wp-json\/wp\/v2\/comments?post=57172"}],"version-history":[{"count":0,"href":"https:\/\/www.fedaiisf.it\/en\/wp-json\/wp\/v2\/posts\/57172\/revisions"}],"wp:featuredmedia":[{"embeddable":true,"href":"https:\/\/www.fedaiisf.it\/en\/wp-json\/wp\/v2\/media\/57176"}],"wp:attachment":[{"href":"https:\/\/www.fedaiisf.it\/en\/wp-json\/wp\/v2\/media?parent=57172"}],"wp:term":[{"taxonomy":"category","embeddable":true,"href":"https:\/\/www.fedaiisf.it\/en\/wp-json\/wp\/v2\/categories?post=57172"},{"taxonomy":"post_tag","embeddable":true,"href":"https:\/\/www.fedaiisf.it\/en\/wp-json\/wp\/v2\/tags?post=57172"}],"curies":[{"name":"wp","href":"https:\/\/api.w.org\/{rel}","templated":true}]}}