{"id":57201,"date":"2021-03-16T12:03:41","date_gmt":"2021-03-16T11:03:41","guid":{"rendered":"https:\/\/www.fedaiisf.it\/?p=57201"},"modified":"2021-03-17T11:58:47","modified_gmt":"2021-03-17T10:58:47","slug":"come-siamo-arrivati-alla-sospensione-di-astrazeneca","status":"publish","type":"post","link":"https:\/\/www.fedaiisf.it\/en\/come-siamo-arrivati-alla-sospensione-di-astrazeneca\/","title":{"rendered":"How we got to the suspension of AstraZeneca"},"content":{"rendered":"<p class=\"tit2\"><span style=\"color: #000000;\"><strong><span style=\"font-size: 14pt;\">Lo ha deciso il governo Draghi, anche per alcune valutazioni dell&#8217;agenzia tedesca che si occupa di sicurezza dei medicinali<\/span><\/strong><\/span><\/p>\n<p><a href=\"https:\/\/www.ilpost.it\/2021\/03\/16\/aifa-vaccino-astrazeneca\/\" target=\"_blank\" rel=\"noopener\">Il Post- 16 marzo 2021<\/a><\/p>\n<p>Luned\u00ec pomeriggio l\u2019Agenzia del farmaco italiana (AIFA) <a href=\"https:\/\/www.ilpost.it\/2021\/03\/15\/laifa-ha-sospeso-per-precauzione-luso-del-vaccino-di-astrazeneca\/\" target=\"_blank\" rel=\"noopener\">ha sospeso<\/a> in via precauzionale la somministrazione <img loading=\"lazy\" decoding=\"async\" class=\"wp-image-57186 alignright\" src=\"https:\/\/www.fedaiisf.it\/wp-content\/uploads\/2021\/03\/Ivaccino-AIFA_04.jpg\" alt=\"\" width=\"375\" height=\"250\" srcset=\"https:\/\/www.fedaiisf.it\/wp-content\/uploads\/2021\/03\/Ivaccino-AIFA_04.jpg 600w, https:\/\/www.fedaiisf.it\/wp-content\/uploads\/2021\/03\/Ivaccino-AIFA_04-300x200.jpg 300w\" sizes=\"auto, (max-width: 375px) 100vw, 375px\" \/>del vaccino contro il coronavirus sviluppato da AstraZeneca per via di alcuni timori legati a possibili effetti avversi. L\u2019annuncio \u00e8 arrivato piuttosto a sorpresa perch\u00e9 meno di 24 ore prima l\u2019AIFA aveva definito <a href=\"https:\/\/twitter.com\/Aifa_ufficiale\/status\/1371169946219245568\" target=\"_blank\" rel=\"noopener\">\u00abingiustificato\u00bb<\/a> l\u2019allarme nei confronti del vaccino. In realt\u00e0, come emerso nelle ultime ore, la decisione di sospendere l\u2019uso di AstraZeneca non \u00e8 arrivata dall\u2019AIFA ma dal governo di Mario Draghi. A confermarlo \u00e8 stato\u00a0Nicola Magrini, direttore dell\u2019AIFA, che in un\u2019intervista <a href=\"https:\/\/www.repubblica.it\/cronaca\/2021\/03\/16\/news\/intervista_nicola_magrini_aifa_su_astrazeneca_stia_tranquillo_chi_ha_fatto_la_prima_dose_io_credo_in_quel_vaccino_-292405820\/\" target=\"_blank\" rel=\"noopener\">pubblicata oggi su <em>Republic<\/em><\/a> ha detto che la decisione \u00e8 stata di tipo \u00abpolitico\u00bb, senza per\u00f2 aggiungere ulteriori dettagli.<\/p>\n<p>L\u2019indicazione di sospendere la somministrazione del vaccino AstraZeneca \u00e8 stata decisa dal governo luned\u00ec 15 marzo dopo quello che una fonte governativa sentita dal <em>Post<\/em> ha definito \u00abun coordinamento\u00bb con i principali paesi dell\u2019Unione Europea.<\/p>\n<p>Poco prima dell\u2019annuncio dell\u2019AIFA, sia Francia che Germania avevano detto di avere sospeso temporaneamente l\u2019uso del vaccino di AstraZeneca; nei giorni precedenti decisioni simili erano state prese <a href=\"https:\/\/www.politico.eu\/article\/eu-countries-pause-oxford-astrazeneca-coronavirus-vaccine-regulator-vouches-for-safety\/\" target=\"_blank\" rel=\"noopener\">da altri paesi europei<\/a>, tra cui Paesi Bassi, Danimarca, Portogallo e Irlanda. Sembra per\u00f2 che sia stata la decisione della Germania a convincere il governo italiano a fare lo stesso.<\/p>\n<p>In Germania la sospensione \u00e8 stata decisa in seguito ad alcune valutazioni del Paul-Ehrlich-Institut, l\u2019agenzia del governo tedesco che si occupa della sicurezza dei medicinali. In <a href=\"https:\/\/www.pei.de\/EN\/newsroom\/hp-news\/2021\/210315-pei-informs-temporary-suspension-vaccination-astra-zeneca.html\" target=\"_blank\" rel=\"noopener\">un comunicato<\/a> pubblicato luned\u00ec pomeriggio, l\u2019istituto aveva parlato di \u00abimportanti\u00bb segnalazioni di problemi circolatori (trombosi) nei vaccinati, con un linguaggio piuttosto marcato per un istituto scientifico.<\/p>\n<p>Pi\u00f9 o meno nelle stesse ore c\u2019erano stati diversi contatti fra il governo italiano e quello tedesco: il ministro della Salute italiano, Roberto Speranza, e quello tedesco, Jens Spahn, si erano sentiti al telefono; <em>Republic<\/em> ha anche parlato di una chiamata fra Draghi e la cancelliera tedesca Angela Merkel. Secondo la fonte governativa sentita dal <em>Post<\/em>, al governo italiano \u00absono stati presentati dei dati diversi rispetto ai giorni precedenti\u00bb. Fonti del ministero della Salute hanno aggiunto che luned\u00ec Speranza aveva parlato anche con i ministri della Salute di Francia e Spagna.<\/p>\n<p>Al momento gli unici paesi dell\u2019Europa occidentale che non hanno sospeso interamente la somministrazione di AstraZeneca sono l\u2019Austria e il Belgio. Altre fonti della presidenza del Consiglio hanno tenuto a precisare che la decisione del governo italiano \u00e8 stata presa infatti \u00abin linea con gli altri paesi europei\u00bb.<\/p>\n<p>Non \u00e8 chiaro se le istituzioni dell\u2019Unione Europea siano state coinvolte nella decisione dei governi nazionali, ma sembra di no. Nel primo pomeriggio di luned\u00ec, il responsabile dei vaccini di EMA, Marco Cavaleri, aveva detto al <img loading=\"lazy\" decoding=\"async\" class=\"wp-image-19120 alignleft\" src=\"https:\/\/www.fedaiisf.it\/wp-content\/uploads\/2015\/05\/ema_chmp.jpg\" alt=\"\" width=\"430\" height=\"135\" srcset=\"https:\/\/www.fedaiisf.it\/wp-content\/uploads\/2015\/05\/ema_chmp.jpg 681w, https:\/\/www.fedaiisf.it\/wp-content\/uploads\/2015\/05\/ema_chmp-300x94.jpg 300w\" sizes=\"auto, (max-width: 430px) 100vw, 430px\" \/>Parlamento Europeo che a suo dire \u00abnon ci sono problemi\u00bb che imponevano di fermare la somministrazione di AstraZeneca. EMA <a href=\"https:\/\/www.ema.europa.eu\/en\/news\/emas-safety-committee-continues-investigation-covid-19-vaccine-astrazeneca-thromboembolic-events\" target=\"_blank\" rel=\"noopener\">It reaffirmed<\/a> la sua posizione in un comunicato pubblicato dopo l\u2019annuncio della sospensione di AstraZeneca in vari paesi europei, spiegando comunque che oggi, marted\u00ec 16 marzo, avvier\u00e0 una revisione dei dati degli effetti avversi che dovrebbe concludersi gioved\u00ec 18 marzo.<\/p>\n<p>I tre giorni di tempo fra il comunicato la conclusione delle analisi sono necessari per permettere all\u2019agenzia europea di acquisire le cartelle cliniche dei casi sospetti e formulare le prime ipotesi. Sembra difficile per\u00f2 che l\u2019EMA cambi posizione. L\u2019agenzia ha gi\u00e0 spiegato che i casi di trombosi sul totale dei pazienti vaccinati hanno una proporzione simile a quelli riscontrati nella popolazione generale, e a meno di nuove scoperte ci si aspetta che consiglier\u00e0 di riprendere le somministrazioni.<\/p>\n<p>Anche l\u2019AIFA ha cercato di rassicurare sull\u2019efficacia di AstraZeneca. Nell\u2019intervista a <em>Republic<\/em>, Magrini ha spiegato che \u00abil vaccino AstraZeneca \u00e8 sicuro, mi sento di affermarlo anche dopo aver rivisto tutti i dati\u00bb. In base alla <a href=\"http:\/\/www.agenziafarmaco.gov.it\/sites\/default\/files\/Decreto_Ministeriale_20settembre2004_n.245.pdf\" target=\"_blank\" rel=\"noopener\">legge del 2004<\/a> che ne definisce l\u2019assetto istituzionale, l\u2019AIFA \u00e8 un\u2019agenzia governativa che gode di autonomia decisionale, e che dipende dal ministero della Salute solamente per \u00abattivit\u00e0 di indirizzo\u00bb. Contattata dal <em>Post<\/em>, AIFA non ha commentato la propria decisione di sospendere il vaccino sviluppato da AstraZeneca.<\/p>\n<p>Related news:\u00a0<a href=\"https:\/\/forbes.it\/2021\/03\/15\/aifa-sospende-astrazeneca-tutta-italia-azienda-difende-sicuro\/\" target=\"_blank\" rel=\"noopener\">Anche l\u2019Italia sospende il vaccino AstraZeneca. L\u2019azienda farmaceutica dichiara che \u00e8 sicuro<\/a><\/p>\n<p class=\"post-title\"><a href=\"https:\/\/www.ilriformista.it\/perche-e-stato-sospeso-il-vaccino-astrazeneca-cosa-ce-realmente-dietro-la-decisione-203939\/\" target=\"_blank\" rel=\"noopener\"><strong>Perch\u00e9 \u00e8 stato sospeso il vaccino AstraZeneca: cosa c\u2019\u00e8 realmente dietro la decisione<\/strong><\/a><\/p>\n<p>&nbsp;<\/p>","protected":false},"excerpt":{"rendered":"<p>Lo ha deciso il governo Draghi, anche per alcune valutazioni dell&#8217;agenzia tedesca che si occupa di sicurezza dei medicinali Il Post- 16 marzo 2021 Luned\u00ec pomeriggio l\u2019Agenzia del farmaco italiana (AIFA) ha sospeso in via precauzionale la somministrazione del vaccino contro il coronavirus sviluppato da AstraZeneca per via di alcuni timori legati a possibili effetti &hellip;<\/p>","protected":false},"author":4,"featured_media":57204,"comment_status":"closed","ping_status":"closed","sticky":false,"template":"","format":"standard","meta":{"footnotes":""},"categories":[1],"tags":[39],"class_list":["post-57201","post","type-post","status-publish","format-standard","has-post-thumbnail","hentry","category-notizie","tag-vaccini"],"amp_enabled":true,"_links":{"self":[{"href":"https:\/\/www.fedaiisf.it\/en\/wp-json\/wp\/v2\/posts\/57201","targetHints":{"allow":["GET"]}}],"collection":[{"href":"https:\/\/www.fedaiisf.it\/en\/wp-json\/wp\/v2\/posts"}],"about":[{"href":"https:\/\/www.fedaiisf.it\/en\/wp-json\/wp\/v2\/types\/post"}],"author":[{"embeddable":true,"href":"https:\/\/www.fedaiisf.it\/en\/wp-json\/wp\/v2\/users\/4"}],"replies":[{"embeddable":true,"href":"https:\/\/www.fedaiisf.it\/en\/wp-json\/wp\/v2\/comments?post=57201"}],"version-history":[{"count":0,"href":"https:\/\/www.fedaiisf.it\/en\/wp-json\/wp\/v2\/posts\/57201\/revisions"}],"wp:featuredmedia":[{"embeddable":true,"href":"https:\/\/www.fedaiisf.it\/en\/wp-json\/wp\/v2\/media\/57204"}],"wp:attachment":[{"href":"https:\/\/www.fedaiisf.it\/en\/wp-json\/wp\/v2\/media?parent=57201"}],"wp:term":[{"taxonomy":"category","embeddable":true,"href":"https:\/\/www.fedaiisf.it\/en\/wp-json\/wp\/v2\/categories?post=57201"},{"taxonomy":"post_tag","embeddable":true,"href":"https:\/\/www.fedaiisf.it\/en\/wp-json\/wp\/v2\/tags?post=57201"}],"curies":[{"name":"wp","href":"https:\/\/api.w.org\/{rel}","templated":true}]}}