{"id":57221,"date":"2021-03-17T09:46:33","date_gmt":"2021-03-17T08:46:33","guid":{"rendered":"https:\/\/www.fedaiisf.it\/?p=57221"},"modified":"2021-03-17T10:00:53","modified_gmt":"2021-03-17T09:00:53","slug":"variante-virus-nuove-raccomandazioni-da-inail-iss-ministero-della-salute-e-aifa","status":"publish","type":"post","link":"https:\/\/www.fedaiisf.it\/en\/variante-virus-nuove-raccomandazioni-da-inail-iss-ministero-della-salute-e-aifa\/","title":{"rendered":"Virus variant. New recommendations from Inail, Iss, Ministry of Health and Aifa"},"content":{"rendered":"<h1 class=\"story__title\">Covid, ecco le nuove raccomandazioni contro il virus: &#8220;Con varianti 2 metri di distanza mentre si mangia. Quarantena anche per chi \u00e8 vaccinato&#8221;<\/h1>\n<p><a href=\"https:\/\/www.repubblica.it\/cronaca\/2021\/03\/16\/news\/covid_ecco_le_raccomandazioni_contro_il_virus_con_varianti_2_metri_di_distanza_mentre_si_mangia_quarantena_anche_per_chi-292521308\/?ref=fbpr&amp;__vfz=medium%3Dsharebar\" target=\"_blank\" rel=\"noopener\">la Repubblica &#8211; 16 marzo 2021<\/a><\/p>\n<div class=\"story__text\">\n<p><img loading=\"lazy\" decoding=\"async\" class=\"wp-image-57224 alignright\" src=\"https:\/\/www.fedaiisf.it\/wp-content\/uploads\/2021\/03\/INAIL-Info-Covid.jpeg\" alt=\"\" width=\"463\" height=\"198\" srcset=\"https:\/\/www.fedaiisf.it\/wp-content\/uploads\/2021\/03\/INAIL-Info-Covid.jpeg 545w, https:\/\/www.fedaiisf.it\/wp-content\/uploads\/2021\/03\/INAIL-Info-Covid-300x128.jpeg 300w\" sizes=\"auto, (max-width: 463px) 100vw, 463px\" \/>Pi\u00f9 di due metri di distanza da chiunque altro mentre si mangia, si beve o si sta senza mascherina, quarantena anche per chi \u00e8 stato vaccinato se ha avuto un contatto stretto con un caso positivo al coronavirus, vaccino in una sola dose dopo un periodo variabile tra i 3 e i 6 mesi dalla malattia per chi ha gi\u00e0 contratto il Covid, a meno che non sia immunodepresso: a quel punto si accorciano i tempi e aumentano a due le iniezioni.\u00a0Sono questi i punti salienti delle ultime raccomandazioni dell&#8217;Inail, dell&#8217;Iss, del ministero della Salute e dell&#8217;Aifa riportate in\u00a0un documento dal titolo\u00a0\u00a0&#8216;<a href=\"https:\/\/www.trovanorme.salute.gov.it\/norme\/renderNormsanPdf?anno=2021&amp;codLeg=79181&amp;parte=1%20&amp;serie=null\" target=\"_blank\" rel=\"noopener\">Indicazioni ad interim sulle misure di prevenzione e controllo delle infezioni da SARS-CoV-2 in tema di varianti e vaccinazione<\/a>&#8216;.<\/p>\n<h2>Con varianti distanza di 2 metri quando si sta senza mascherina<\/h2>\n<p>A fronte della circolazione di varianti del virus SarsCov2, per il distanziamento fisico un metro rimane la distanza minima da adottare ma, si legge nel rapporto, sarebbe opportuno aumentarla &#8220;fino a due metri, laddove possibile e specie in tutte le situazioni in cui venga rimossa la protezione respiratoria come, ad esempio, in occasione del consumo di bevande e cibo&#8221;. Laddove dunque \u00e8 ancora o sar\u00e0 possibile sedersi a consumare in bar o ristoranti le distanze, e dunque la lunghezza dei tavoli, dovrebbe essere aumentata ulteriormente.<\/p>\n<h2>Il vaccino per chi ha avuto il Covid<\/h2>\n<p>Le persone con pregressa infezione da SARS-CoV-2 confermata da test molecolare, indipendentemente se con COVID-19 sintomatico o meno, &#8220;dovrebbero essere vaccinate&#8221;. Ma quando e con quale siero? &#8220;\u00c8 possibile considerare la somministrazione di un&#8217;unica dose purch\u00e9 la vaccinazione venga eseguita ad almeno 3 mesi di distanza dall&#8217;infezione e entro i 6 mesi dalla stessa&#8221;. Fanno eccezione le persone con condizioni di immunodeficienza, primitiva o secondaria a trattamenti farmacologici, che, anche se hanno avuto il Covid, &#8220;devono essere vaccinate quanto prima e con un ciclo vaccinale di due dosi&#8221;.<\/p>\n<p>In merito al profilo di sicurezza dei vaccini anti-COVID-19, &#8220;non sembrano esserci differenze significative tra i soggetti positivi per SARS-CoV-2&#8221;, che hanno gi\u00e0 avuto Covid-19, &#8220;e quelli negativi&#8221;. Tuttavia, &#8220;qualche recente segnalazione mostra reazioni avverse attese di natura sistemica, come febbre, brividi debolezza, mal di testa, pi\u00f9 frequenti nei soggetti con pregressa infezione rispetto a coloro che sono risultati sieronegativi&#8221;. Tradotto: chi ha gi\u00e0 avuto il Covid, al momento della somministrazione del vaccino, potrebbe avvertire qualche sintomo lieve pi\u00f9 frequentemente degli altri.<\/p>\n<h2>Il vaccino per chi ha avuto un contatto stretto con positivo<\/h2>\n<p>I contatti stretti di un caso di COVID-19 possono essere vaccinati ma &#8220;dovrebbero terminare la quarantena di 10-14 giorni prima di potere essere sottoposti a vaccinazione&#8221;. Cosa si intende per contatto stretto? &#8220;L&#8217;esposizione ad alto rischio a un caso probabile o confermato; tale condizione \u00e8 definita, in linea generale, dalle seguenti situazioni: una persona che vive nella stessa casa di un caso Covid-19, una persona che ha avuto un contatto fisico diretto con un caso Covid-19 (per esempio la stretta di mano), una persona che ha avuto un contatto diretto (faccia a faccia) con un caso Covid-19, a distanza minore di 2 metri e di almeno 15 minuti, una persona che si \u00e8 trovata in un ambiente chiuso (ad esempio una aula, una sala riunioni, la sala d&#8217;attesa dell&#8217;ospedale) con un caso Covid-19 in assenza di dispositivi di protezione come le mascherine Ffp2 e\u00a0Ffp3 e i\u00a0guanti o di\u00a0dispositivi medici appropriati come le\u00a0mascherine chirurgiche&#8221;.<\/p>\n<h2><img loading=\"lazy\" decoding=\"async\" class=\"wp-image-57225 alignleft\" src=\"https:\/\/www.fedaiisf.it\/wp-content\/uploads\/2021\/03\/quarantena-covid.jpg\" alt=\"\" width=\"435\" height=\"245\" srcset=\"https:\/\/www.fedaiisf.it\/wp-content\/uploads\/2021\/03\/quarantena-covid.jpg 522w, https:\/\/www.fedaiisf.it\/wp-content\/uploads\/2021\/03\/quarantena-covid-300x169.jpg 300w, https:\/\/www.fedaiisf.it\/wp-content\/uploads\/2021\/03\/quarantena-covid-390x220.jpg 390w\" sizes=\"auto, (max-width: 435px) 100vw, 435px\" \/>Quarantena anche per i vaccinati dopo contatto con positivi<\/h2>\n<p>Anche chi \u00e8 vaccinato contro Sars-CoV-2 dopo un&#8217; esposizione ad alto rischio con un caso Covid, &#8220;deve adottare le stesse indicazioni preventive valide per una persona non sottoposta a vaccinazione, a prescindere dal tipo di vaccino ricevuto, dal numero di dosi e dal tempo intercorso dalla vaccinazione&#8221;.\u00a0Il vaccinato considerato &#8216;contatto stretto&#8217; deve osservare, purch\u00e9 sempre asintomatico, 10 giorni di quarantena dall&#8217;ultima esposizione con un test antigenico o molecolare negativo al decimo giorno o 14 giorni dall&#8217;ultima esposizione.<\/p>\n<p>Ma perch\u00e9 se si \u00e8 vaccinati bisogna comunque comportarsi come i non vaccinati?\u00a0&#8220;La vaccinazione anti-COVID-19 \u00e8 efficace nella prevenzione della malattia sintomatica, ma la protezione non raggiunge mai il 100%. Inoltre, non \u00e8 ancora noto se le persone vaccinate possano comunque acquisire l&#8217;infezione da Sars-CoV-2 ed eventualmente trasmetterla ad altri soggetti&#8221;, viene specificato nella relazione. Si sottolinea anche che alcune varianti &#8220;possano eludere la risposta immunitaria&#8221; data dai vaccini. &#8220;Segnalazioni preliminari suggeriscono una ridotta attivit\u00e0 neutralizzante degli anticorpi di campioni biologici ottenuti da soggetti vaccinati con i vaccini a mRNA nei confronti di alcune varianti, come quella Sudafricana, e un livello di efficacia basso del vaccino di AstraZeneca nel prevenire la malattia di grado lieve o moderato nel contesto epidemico sud-africano&#8221;.<\/p>\n<h2>Le misure anti-Covid per i vaccinati<\/h2>\n<p>Nessun &#8220;liberi tutti&#8221;, dunque, nemmeno sul lavoro o in famiglia, per i vaccinati. Ogni lavoratore, inclusi gli operatori sanitari, &#8220;anche se ha completato il ciclo vaccinale, per proteggere se stesso, gli eventuali pazienti assistiti, i colleghi, nonch\u00e9 i contatti in ambito familiare e comunitario, dovr\u00e0 continuare a mantenere le stesse misure di prevenzione, protezione e precauzione valide per i soggetti non vaccinati, in particolare osservare il distanziamento fisico (laddove possibile), indossare un&#8217;appropriata protezione respiratoria, igienizzarsi o lavarsi le mani secondo procedure consolidate&#8221; si legge nel documento.<br \/>\n&#8220;I vaccinati posso reinfettarsi ma rischi ridotti&#8221;<\/p>\n<p>Anche i soggetti vaccinati, infatti, &#8220;possono andare incontro a infezione da SARS-CoV-2, seppur con rischio ridotto, poich\u00e9 nessun vaccino \u00e8 efficace al 100% e la risposta immunitaria alla vaccinazione pu\u00f2 variare da soggetto a soggetto. Inoltre, la durata della protezione non \u00e8 stata ancora definita&#8221;.<\/p>\n<p>Uno studio condotto su oltre 6.600 operatori sanitari nel Regno Unito, citato dall&#8217;Inail nel documento appena diffuso,\u00a0ha mostrato che\u00a0nei soggetti con pregressa infezione da SARS-CoV-2 &#8220;la durata dell&#8217;effetto protettivo dell&#8217;infezione precedente ha una mediana di 5 mesi&#8221;.<\/p>\n<\/div>\n<p class=\"story__tags__label\">Related news: <a href=\"https:\/\/www.iss.it\/cov19-varianti-del-virus\" target=\"_blank\" rel=\"noopener\">ISS\u00a0Varianti del virus<\/a><\/p>\n<ul>\n<li><a title=\"apre report\" href=\"https:\/\/www.trovanorme.salute.gov.it\/norme\/renderNormsanPdf?anno=2021&amp;codLeg=79181&amp;parte=1%20&amp;serie=null\" target=\"_blank\" rel=\"noopener\">Indicazioni ad interim sulle misure di prevenzione e controllo delle infezioni da SARS-CoV-2 in tema di varianti e vaccinazione antiCOVID-19<\/a><\/li>\n<\/ul>\n<p>&nbsp;<\/p>","protected":false},"excerpt":{"rendered":"<p>Covid, ecco le nuove raccomandazioni contro il virus: &#8220;Con varianti 2 metri di distanza mentre si mangia. Quarantena anche per chi \u00e8 vaccinato&#8221; la Repubblica &#8211; 16 marzo 2021 Pi\u00f9 di due metri di distanza da chiunque altro mentre si mangia, si beve o si sta senza mascherina, quarantena anche per chi \u00e8 stato vaccinato &hellip;<\/p>","protected":false},"author":4,"featured_media":57227,"comment_status":"closed","ping_status":"closed","sticky":false,"template":"","format":"standard","meta":{"footnotes":""},"categories":[1],"tags":[39],"class_list":["post-57221","post","type-post","status-publish","format-standard","has-post-thumbnail","hentry","category-notizie","tag-vaccini"],"amp_enabled":true,"_links":{"self":[{"href":"https:\/\/www.fedaiisf.it\/en\/wp-json\/wp\/v2\/posts\/57221","targetHints":{"allow":["GET"]}}],"collection":[{"href":"https:\/\/www.fedaiisf.it\/en\/wp-json\/wp\/v2\/posts"}],"about":[{"href":"https:\/\/www.fedaiisf.it\/en\/wp-json\/wp\/v2\/types\/post"}],"author":[{"embeddable":true,"href":"https:\/\/www.fedaiisf.it\/en\/wp-json\/wp\/v2\/users\/4"}],"replies":[{"embeddable":true,"href":"https:\/\/www.fedaiisf.it\/en\/wp-json\/wp\/v2\/comments?post=57221"}],"version-history":[{"count":0,"href":"https:\/\/www.fedaiisf.it\/en\/wp-json\/wp\/v2\/posts\/57221\/revisions"}],"wp:featuredmedia":[{"embeddable":true,"href":"https:\/\/www.fedaiisf.it\/en\/wp-json\/wp\/v2\/media\/57227"}],"wp:attachment":[{"href":"https:\/\/www.fedaiisf.it\/en\/wp-json\/wp\/v2\/media?parent=57221"}],"wp:term":[{"taxonomy":"category","embeddable":true,"href":"https:\/\/www.fedaiisf.it\/en\/wp-json\/wp\/v2\/categories?post=57221"},{"taxonomy":"post_tag","embeddable":true,"href":"https:\/\/www.fedaiisf.it\/en\/wp-json\/wp\/v2\/tags?post=57221"}],"curies":[{"name":"wp","href":"https:\/\/api.w.org\/{rel}","templated":true}]}}