{"id":57313,"date":"2021-03-19T19:46:23","date_gmt":"2021-03-19T18:46:23","guid":{"rendered":"https:\/\/www.fedaiisf.it\/?p=57313"},"modified":"2021-03-20T12:15:05","modified_gmt":"2021-03-20T11:15:05","slug":"oo-ss-osservatorio-farmaceutico-affrontato-anche-il-tema-della-copertura-prioritaria-della-vaccinazione-per-linformazione-medico-scientifica","status":"publish","type":"post","link":"https:\/\/www.fedaiisf.it\/en\/oo-ss-osservatorio-farmaceutico-affrontato-anche-il-tema-della-copertura-prioritaria-della-vaccinazione-per-linformazione-medico-scientifica\/","title":{"rendered":"OO.SS. Pharmaceutical Observatory: also addressed the issue of priority coverage of vaccination for scientific medical information"},"content":{"rendered":"<p><img loading=\"lazy\" decoding=\"async\" class=\"alignnone size-full wp-image-57314\" src=\"https:\/\/www.fedaiisf.it\/wp-content\/uploads\/2021\/03\/Comunicato-Osservatorio-Farmaceutico-19-marzo.jpeg\" alt=\"\" width=\"973\" height=\"448\" srcset=\"https:\/\/www.fedaiisf.it\/wp-content\/uploads\/2021\/03\/Comunicato-Osservatorio-Farmaceutico-19-marzo.jpeg 973w, https:\/\/www.fedaiisf.it\/wp-content\/uploads\/2021\/03\/Comunicato-Osservatorio-Farmaceutico-19-marzo-300x138.jpeg 300w, https:\/\/www.fedaiisf.it\/wp-content\/uploads\/2021\/03\/Comunicato-Osservatorio-Farmaceutico-19-marzo-768x354.jpeg 768w\" sizes=\"auto, (max-width: 973px) 100vw, 973px\" \/><\/p>\n<p style=\"text-align: justify;\"><span style=\"font-family: helvetica, arial, sans-serif;\">Si \u00e8 svolto oggi, 19 marzo 2021, l\u2019incontro dell\u2019 Osservatorio Farmaceutico alla presenza dei Segretari Generali di Filctem, Femca, Uiltec e dei vertici di Farmindustria dei quali ci \u00e8 stato presentato il nuovo responsabile delle relazioni industriali dell\u2019associazione, Marcello Cattani che subentra nell\u2019incarico ad Antonio Messina, che tutti abbiamo ringraziato per il prezioso lavoro di relazione e mediazione svolto in questi anni.<\/span><\/p>\n<p style=\"text-align: justify;\"><span style=\"font-family: helvetica, arial, sans-serif;\">Il tavolo aveva l\u2019obiettivo di fare il punto sulla situazione delle vaccinazioni nel nostro paese e dell\u2019 approvvigionamento dei vaccini in cui il nostro sistema industriale rappresenta un tassello fondamentale soprattutto nella fase finale dell\u2019infialamento per il quale l\u2019Italia vanta eccellenze soprattutto nella conoscenza tecnologica e produzione dei macchinari con molte aziende dove questa fase terminale del ciclo ha notevoli dimensioni numeriche.<\/span><\/p>\n<p style=\"text-align: justify;\"><span style=\"font-family: helvetica, arial, sans-serif;\">Si \u00e8 fatto il punto sulla convocazione di Farmindustria presso il MiSE dove alla presenza del Ministro Giorgetti si sono delineate le priorit\u00e0 strategiche del Governo sul tema vaccinazioni e come il sistema industriale Farmaceutico del nostro paese possa dare un contributo fattivo ad implementare e velocizzare.<\/span><\/p>\n<p style=\"text-align: justify;\"><span style=\"font-family: helvetica, arial, sans-serif;\">Il Governo ha delineato tre punti principali di risposta prioritaria alla strategia di copertura vaccinale, che sempre pi\u00f9 rappresenta una sfida geopolitica fra i vari paesi ed unico elemento per una ripresa economica:<\/span><\/p>\n<ul style=\"text-align: justify;\">\n<li><span style=\"font-family: helvetica, arial, sans-serif;\">\u00b7 \u00a0Organizzazione nella distribuzione logistica<\/span><\/li>\n<li><span style=\"font-family: helvetica, arial, sans-serif;\">\u00b7 \u00a0Approvvigionamento delle dosi attualmente disponibili<\/span><\/li>\n<li><span style=\"font-family: helvetica, arial, sans-serif;\">\u00b7 \u00a0Definire l\u2019Italia come un possibile HUB produttivo<\/span><\/li>\n<\/ul>\n<p style=\"text-align: justify;\"><span style=\"font-family: helvetica, arial, sans-serif;\">Su quest\u2019ultimo punto abbiamo discusso a lungo, evidenziando come la ripresa degli investimenti delle Industrie Farmaceutiche affiancato dall\u2019impiego di importanti risorse pubbliche siano il meccanismo di rafforzamento dell\u2019intero settore capace di sviluppare le nostre eccellenze ma anche di ridare linfa al sistema della Ricerca che purtroppo negli anni passati era stato progressivamente ridimensionato.<\/span><\/p>\n<p style=\"text-align: justify;\"><span style=\"font-family: helvetica, arial, sans-serif;\">L\u2019Italia pu\u00f2 sicuramente giocare un ruolo in questo complesso sistema che passa dalla propriet\u00e0 intellettuale dei brevetti al processo di infialamento in cui l\u2019Italia ha un ruolo chiave attraverso alcune aziende che gi\u00e0 confezionano due dei principali vaccini fino ad ora autorizzati. Per diventare un HUB produttivo l\u2019Italia ha bisogno di implementare i processi di produzione che necessitano di Bioreattori e Fermentatori che tuttavia, anche se gi\u00e0 esistenti nel nostro paese hanno bisogno di tempistiche lunghe per essere messi a punto e finalizzati a questa tipologia di produzione.<\/span><\/p>\n<p style=\"text-align: justify;\"><span style=\"font-family: helvetica, arial, sans-serif;\">Per questo motivo \u00e8 prioritario puntare su chi \u00e8 gi\u00e0 all\u2019 interno di questo settore, aziende gi\u00e0 presenti in Italia con le quali l\u2019Europa sta trattando per integrare e aumentare le produzioni che poi andranno redistribuite fra tutti i paesi membri in base agli accordi sottoscritti. Nelle prossime settimane sapremo l\u2019esito di questi negoziati che eleverebbero il nostro paese a ruolo di protagonista nell\u2019 approvvigionamento delle dosi per l\u2019intera Europa nella logica collaborativa e cooperativa che ci sta distinguendo.<\/span><\/p>\n<p style=\"text-align: justify;\"><span style=\"font-family: helvetica, arial, sans-serif;\">Importante per raggiungere l\u2019obiettivo della massima copertura vaccinale sar\u00e0 anche le disponibilit\u00e0 logistica delle aziende per eseguire le vaccinazioni, sfruttando le esperienze gi\u00e0 percorse attraverso gli accordi e la gestione della vaccinazione antinfluenzale stagionale nei luoghi di lavoro, esperienze che sono alla base degli accordi che si stanno profilando a livello Regionale che sta registrando la disponibilit\u00e0 delle aziende e moltissima partecipazione dei lavoratori.<\/span><\/p>\n<p style=\"text-align: justify;\"><span style=\"font-size: 14pt;\"><strong><span style=\"font-family: helvetica, arial, sans-serif;\">Abbiamo affrontato anche il tema della copertura prioritaria della vaccinazione per l\u2019informazione medico scientifica e di tutti gli operatori tecnici che frequentano le strutture ospedaliere, evidenziando come pi\u00f9 del 50% delle regioni ha riconosciuto questa esigenza e come stiano continuando da parte nostra e di Farmindustria l\u2019attivit\u00e0 di pressione sui vari enti e territori, anche attraverso l\u2019estensione a molti ordini professionali, affinch\u00e9 si abbia la piena copertura di tutti gli ISF e tutti gli operatori tecnici.<\/span><\/strong><\/span><\/p>\n<p style=\"text-align: justify;\"><span style=\"font-family: helvetica, arial, sans-serif;\">Infine, abbiamo parlato anche del Fondo TRIS per il quale si sta procedendo con la costituzione amministrativa del fondo per la quale il 25 marzo \u00e8 stato calendarizzato un incontro con il Presidente INPS in modo da entrare rapidamente nel merito della realizzazione di questo importante strumento utile<\/span><\/p>\n<p style=\"text-align: justify;\"><span style=\"font-family: helvetica, arial, sans-serif;\">al ricambio generazionale che dobbiamo rendere operativo nel pi\u00f9 breve tempo possibile.<\/span><\/p>\n<p style=\"text-align: justify;\"><span style=\"font-family: helvetica, arial, sans-serif;\">Ci sono molte priorit\u00e0 su cui lavorare nei prossimi mesi e siamo convinti che con il proseguo delle buone relazioni industriali che contraddistinguono questo settore, che sono indispensabili per rimanere protagonisti dello sviluppo della catena di valore rappresentato dall\u2019industria farmaceutica e dalle persone che ci lavorano, si potranno cogliere appieno le strategie del Governo, sugli investimenti che da tempo stiamo aspettando e che dovranno valorizzare l\u2019 intero settore, rifondando la Ricerca di Base e sviluppando tutte le eccellenze industriali che caratterizzano il settore farmaceutico nel nostro paese.<\/span><\/p>\n<p><img loading=\"lazy\" decoding=\"async\" class=\"alignnone size-full wp-image-57316\" src=\"https:\/\/www.fedaiisf.it\/wp-content\/uploads\/2021\/03\/Senza-titolo-1.jpeg\" alt=\"\" width=\"945\" height=\"374\" srcset=\"https:\/\/www.fedaiisf.it\/wp-content\/uploads\/2021\/03\/Senza-titolo-1.jpeg 945w, https:\/\/www.fedaiisf.it\/wp-content\/uploads\/2021\/03\/Senza-titolo-1-300x119.jpeg 300w, https:\/\/www.fedaiisf.it\/wp-content\/uploads\/2021\/03\/Senza-titolo-1-768x304.jpeg 768w\" sizes=\"auto, (max-width: 945px) 100vw, 945px\" \/><\/p>\n<p>&nbsp;<\/p>\n<p><a href=\"https:\/\/www.filctemcgil.it\/images\/documenti\/chimico_farmaceutico\/210319-Fulc_162_Comunicato_Osservatorio_Farmaceutico.pdf\" target=\"_blank\" rel=\"noopener\"><strong>Comunicato Osservatorio Farmaceutico<\/strong><\/a><\/p>\n<hr \/>\n<p>Si \u00e8 svolto, il 19 marzo, l\u2019osservatorio sull\u2019industria farmaceutica, presenti all\u2019incontro i segretari generale di Filctem Cgil, Femca Cisl, Uiltec Uil, Rispettivamente Marco Falcinelli, Nora Garofalo, Paolo Pirani, con il nuovo responsabile delle relazioni industriali di Farmindustria, Marcello Cattani.<br \/>\nAl centro dell\u2019incontro la situazione delle vaccinazioni nel nostro paese e dell\u2019approvvigionamento dei vaccini. Si \u00e8, inoltre, fatto il punto sulla convocazione di Farmindustria presso il MiSE dove, alla presenza del ministro Giorgetti, si sono delineate le priorit\u00e0 strategiche del Governo sul tema vaccinazioni.<br \/>\nNell\u2019incontro, hanno spiegato i rappresentati di Farmindustria, il Governo ha delineato tre punti principali di risposta prioritaria alla strategia di copertura vaccinale:<br \/>\n\u2022 Organizzazione nella distribuzione logistica<br \/>\n\u2022 Approvvigionamento delle dosi attualmente disponibili<br \/>\n\u2022 Definire l\u2019Italia come un possibile HUB produttivo<\/p>\n<p><a href=\"https:\/\/www.filctemcgil.it\/index.php\/notiziario\/news\/osservatorio-sull-industria-farmaceutica\" target=\"_blank\" rel=\"noopener\">Filctem CGIL<\/a><\/p>","protected":false},"excerpt":{"rendered":"<p>Si \u00e8 svolto oggi, 19 marzo 2021, l\u2019incontro dell\u2019 Osservatorio Farmaceutico alla presenza dei Segretari Generali di Filctem, Femca, Uiltec e dei vertici di Farmindustria dei quali ci \u00e8 stato presentato il nuovo responsabile delle relazioni industriali dell\u2019associazione, Marcello Cattani che subentra nell\u2019incarico ad Antonio Messina, che tutti abbiamo ringraziato per il prezioso lavoro di &hellip;<\/p>","protected":false},"author":4,"featured_media":57330,"comment_status":"closed","ping_status":"closed","sticky":false,"template":"","format":"standard","meta":{"footnotes":""},"categories":[1],"tags":[44],"class_list":["post-57313","post","type-post","status-publish","format-standard","has-post-thumbnail","hentry","category-notizie","tag-sindacati"],"amp_enabled":true,"_links":{"self":[{"href":"https:\/\/www.fedaiisf.it\/en\/wp-json\/wp\/v2\/posts\/57313","targetHints":{"allow":["GET"]}}],"collection":[{"href":"https:\/\/www.fedaiisf.it\/en\/wp-json\/wp\/v2\/posts"}],"about":[{"href":"https:\/\/www.fedaiisf.it\/en\/wp-json\/wp\/v2\/types\/post"}],"author":[{"embeddable":true,"href":"https:\/\/www.fedaiisf.it\/en\/wp-json\/wp\/v2\/users\/4"}],"replies":[{"embeddable":true,"href":"https:\/\/www.fedaiisf.it\/en\/wp-json\/wp\/v2\/comments?post=57313"}],"version-history":[{"count":0,"href":"https:\/\/www.fedaiisf.it\/en\/wp-json\/wp\/v2\/posts\/57313\/revisions"}],"wp:featuredmedia":[{"embeddable":true,"href":"https:\/\/www.fedaiisf.it\/en\/wp-json\/wp\/v2\/media\/57330"}],"wp:attachment":[{"href":"https:\/\/www.fedaiisf.it\/en\/wp-json\/wp\/v2\/media?parent=57313"}],"wp:term":[{"taxonomy":"category","embeddable":true,"href":"https:\/\/www.fedaiisf.it\/en\/wp-json\/wp\/v2\/categories?post=57313"},{"taxonomy":"post_tag","embeddable":true,"href":"https:\/\/www.fedaiisf.it\/en\/wp-json\/wp\/v2\/tags?post=57313"}],"curies":[{"name":"wp","href":"https:\/\/api.w.org\/{rel}","templated":true}]}}