{"id":57372,"date":"2021-03-22T20:03:38","date_gmt":"2021-03-22T19:03:38","guid":{"rendered":"https:\/\/www.fedaiisf.it\/?p=57372"},"modified":"2021-03-23T10:43:32","modified_gmt":"2021-03-23T09:43:32","slug":"abruzzo-vaccinazioni-presidente-regione-completamento-fase-1-compresi-gli-informatoti-scientifici","status":"publish","type":"post","link":"https:\/\/www.fedaiisf.it\/en\/abruzzo-vaccinazioni-presidente-regione-completamento-fase-1-compresi-gli-informatoti-scientifici\/","title":{"rendered":"Abruzzo vaccinations. Region President: &quot;phase 1 completion, including scientific informants&quot;. Ed"},"content":{"rendered":"<h2>Illustrato dal presidente Marsilio e dall\u2019assessore Ver\u00ec il piano vaccinale anti-covid della Regione Abruzzo: \u201cA settembre tutto completato\u201d. Fasce d\u2019et\u00e0 decrescenti dalla prossima settimana. Obiettivo immunit\u00e0 di gregge entro settembre.<\/h2>\n<p><a href=\"https:\/\/www.rete8.it\/cronaca\/123-covid-abruzzo-ecco-il-piano-vaccinale\/\" target=\"_blank\" rel=\"noopener\">rete8 &#8211; 22 marzo 2021<\/a><\/p>\n<p><img loading=\"lazy\" decoding=\"async\" class=\"wp-image-57373 alignright\" src=\"https:\/\/www.fedaiisf.it\/wp-content\/uploads\/2021\/03\/Abruzzo-marsilio-veri.jpg\" alt=\"\" width=\"413\" height=\"221\" srcset=\"https:\/\/www.fedaiisf.it\/wp-content\/uploads\/2021\/03\/Abruzzo-marsilio-veri.jpg 800w, https:\/\/www.fedaiisf.it\/wp-content\/uploads\/2021\/03\/Abruzzo-marsilio-veri-300x161.jpg 300w, https:\/\/www.fedaiisf.it\/wp-content\/uploads\/2021\/03\/Abruzzo-marsilio-veri-768x411.jpg 768w\" sizes=\"auto, (max-width: 413px) 100vw, 413px\" \/>Il piano vaccinale \u00e8 stato illustrato in una conferenza stampa dal Presidente Marsilio e dall\u2019assessore regionale Nicoletta Ver\u00ec.<\/p>\n<p><em>Nel corso del suo intervento il Presidente Marsilio ha dichiarato<\/em>:<\/p>\n<p>&#8220;\u00c8 stata disciplinata anche la vaccinazione domiciliare per coloro che non possono lasciare in sicurezza la propria abitazione: i team vaccinali lavoreranno su turni di 10 ore giornaliere, nelle quali potranno eseguire 20 vaccinazioni (due ogni ora, compresi i tempi di percorrenza tra un\u2019abitazione e l\u2019altra).<\/p>\n<p>Per quanto riguarda le tempistiche delle diverse categorie, in un primo momento si proceder\u00e0 in parallelo su 2 piani: completamento della vaccinazione delle <strong><span style=\"color: #000000;\">categorie gi\u00e0 inserite nella fase 1 (operatori sanitari e professioni sanitarie, compresi <span style=\"text-decoration: underline;\"><span style=\"font-size: 14pt;\">scientific informants<\/span> <\/span>e biomedici; forze armate, di polizia, soccorso pubblico; comunit\u00e0 residenziali; personale scolastico; personale delle procure e dei tribunali; disabili, fragili e loro caregiver)<\/span> <\/strong>e avvio della campagna per le altre categorie in base all\u2019et\u00e0 anagrafica, cos\u00ec come specificato nelle linee guida nazionali (et\u00e0 70-79, 60-69, soggetti con et\u00e0 inferiore ai 60 anni con comorbilit\u00e0 non rientrante nelle categorie comprese nella fase 1, resto della popolazione)&#8221;.<\/p>\n<p>A gestirlo sar\u00e0 una macrostruttura con l\u2019entrata in campo della Protezione Civile. Oltre ai sette punti HUB della prima fase sono stati identificati punti territoriali e unit\u00e0 mobili SPOKE. \u201cAd oggi<strong> i punti SPOKE in Abruzzo sono 116<\/strong>, e continuiamo a raccogliere le istanze dei sindaci per incrementarne il numero\u201d, ha detto la Ver\u00ec.<\/p>\n<p><strong><span style=\"color: #000000;\">N.d.R. 1<\/span><\/strong>: Il Presidente regionale ha anticipato il contenuto della delibera che sancir\u00e0 ufficialmente l&#8217;inserimento degli ISF nella fase 1<\/p>\n<p><strong><span style=\"color: #000000;\">Ed<\/span><\/strong>.<strong>2<\/strong>: <em>Le regioni che hanno inserito gli ISF nella fase 1 delle vaccinazioni anti covid sono 12: Campania, Lombardia, Liguria, Sicilia, Calabria, Piemonte, Basilicata, Puglia,Friuli Venezia Giulia, Umbria, Molise e Abruzzo<\/em><\/p>\n<p>Related news: <a href=\"https:\/\/www.regione.abruzzo.it\/content\/covid-marsilio-e-ver\u00ec-entro-settembre-vaccino-tutti-gli-abruzzesi\" target=\"_blank\" rel=\"noopener\">Regione Abruzzo. Conferenza stampa del presidente della Regione, Marco Marsilio e dall\u2019assessore alla Salute, Nicoletta Ver\u00ec.<\/a><\/p>","protected":false},"excerpt":{"rendered":"<p>Illustrato dal presidente Marsilio e dall\u2019assessore Ver\u00ec il piano vaccinale anti-covid della Regione Abruzzo: \u201cA settembre tutto completato\u201d. Fasce d\u2019et\u00e0 decrescenti dalla prossima settimana. Obiettivo immunit\u00e0 di gregge entro settembre. rete8 &#8211; 22 marzo 2021 Il piano vaccinale \u00e8 stato illustrato in una conferenza stampa dal Presidente Marsilio e dall\u2019assessore regionale Nicoletta Ver\u00ec. Nel corso &hellip;<\/p>","protected":false},"author":4,"featured_media":57375,"comment_status":"closed","ping_status":"closed","sticky":false,"template":"","format":"standard","meta":{"footnotes":""},"categories":[1],"tags":[21,39],"class_list":["post-57372","post","type-post","status-publish","format-standard","has-post-thumbnail","hentry","category-notizie","tag-informatori-scientifici","tag-vaccini"],"amp_enabled":true,"_links":{"self":[{"href":"https:\/\/www.fedaiisf.it\/en\/wp-json\/wp\/v2\/posts\/57372","targetHints":{"allow":["GET"]}}],"collection":[{"href":"https:\/\/www.fedaiisf.it\/en\/wp-json\/wp\/v2\/posts"}],"about":[{"href":"https:\/\/www.fedaiisf.it\/en\/wp-json\/wp\/v2\/types\/post"}],"author":[{"embeddable":true,"href":"https:\/\/www.fedaiisf.it\/en\/wp-json\/wp\/v2\/users\/4"}],"replies":[{"embeddable":true,"href":"https:\/\/www.fedaiisf.it\/en\/wp-json\/wp\/v2\/comments?post=57372"}],"version-history":[{"count":0,"href":"https:\/\/www.fedaiisf.it\/en\/wp-json\/wp\/v2\/posts\/57372\/revisions"}],"wp:featuredmedia":[{"embeddable":true,"href":"https:\/\/www.fedaiisf.it\/en\/wp-json\/wp\/v2\/media\/57375"}],"wp:attachment":[{"href":"https:\/\/www.fedaiisf.it\/en\/wp-json\/wp\/v2\/media?parent=57372"}],"wp:term":[{"taxonomy":"category","embeddable":true,"href":"https:\/\/www.fedaiisf.it\/en\/wp-json\/wp\/v2\/categories?post=57372"},{"taxonomy":"post_tag","embeddable":true,"href":"https:\/\/www.fedaiisf.it\/en\/wp-json\/wp\/v2\/tags?post=57372"}],"curies":[{"name":"wp","href":"https:\/\/api.w.org\/{rel}","templated":true}]}}