{"id":57642,"date":"2021-04-02T12:01:10","date_gmt":"2021-04-02T10:01:10","guid":{"rendered":"https:\/\/www.fedaiisf.it\/?p=57642"},"modified":"2021-04-02T12:08:06","modified_gmt":"2021-04-02T10:08:06","slug":"lettera-del-presidente-fedaiisf-alla-trasmissione-di-martedi","status":"publish","type":"post","link":"https:\/\/www.fedaiisf.it\/en\/lettera-del-presidente-fedaiisf-alla-trasmissione-di-martedi\/","title":{"rendered":"Letter from President Fedaiisf to the program &quot;Di Marted\u00ec&quot;"},"content":{"rendered":"<p><img loading=\"lazy\" decoding=\"async\" class=\"alignnone size-large wp-image-57643\" src=\"https:\/\/www.fedaiisf.it\/wp-content\/uploads\/2021\/04\/Lettera-presidente-intestazione-1024x353.png\" alt=\"\" width=\"1024\" height=\"353\" srcset=\"https:\/\/www.fedaiisf.it\/wp-content\/uploads\/2021\/04\/Lettera-presidente-intestazione-1024x353.png 1024w, https:\/\/www.fedaiisf.it\/wp-content\/uploads\/2021\/04\/Lettera-presidente-intestazione-300x104.png 300w, https:\/\/www.fedaiisf.it\/wp-content\/uploads\/2021\/04\/Lettera-presidente-intestazione-768x265.png 768w, https:\/\/www.fedaiisf.it\/wp-content\/uploads\/2021\/04\/Lettera-presidente-intestazione.png 1098w\" sizes=\"auto, (max-width: 1024px) 100vw, 1024px\" \/><\/p>\n<p>Gentile Redazione del programma televisivo DiMarted\u00ec,<\/p>\n<p style=\"text-align: justify;\">sono il Dr. Antonio Mazzarella, informatore scientifico del farmaco nonch\u00e9 presidente nazionale di FEDAIISF (Federazione delle Associazioni Italiane degli Informatori Scientifici del Farmaco e del Parafarmaco).<\/p>\n<p style=\"text-align: justify;\">Ho seguito la puntata del vostro programma del 30 marzo u. s. nel corso della quale, il conduttore Giovanni Floris ha mostrato una slide in cui si evidenziavano \u201cle categorie privilegiate in alcune regioni\u201d. Era un elenco di quattro categorie: avvocati, magistrati, giornalisti e informatori farmaceutici. Il conduttore ha commentato la categoria che mi onoro di rappresentare con un frase particolare: \u201canche gli informatori farmaceutici perch\u00e9 sono del giro\u201d. La domanda sorge spontanea: a quale giro si riferiva?<\/p>\n<p style=\"text-align: justify;\">Al di l\u00e0 di questi dubbi, una cosa risulta evidente in questo evento: n\u00e9 il conduttore, n\u00e9 chi ha costruito la slide, n\u00e9 le fonti a cui ci si \u00e8 ispirati conoscono il ruolo di questa figura professionale, a partire dalla definizione di questo professionista: siamo informatori scientifici del farmaco, non farmaceutici.<\/p>\n<p style=\"text-align: justify;\">Il servizio di informazione scientifica \u00e8 stato istituito nel 1978 dalla legge 833, la stessa che diede vita al Servizio Sanitario Nazionale. Quindi, la nostra attivit\u00e0 professionale, rappresenta un servizio all\u2019interno di un altro pi\u00f9 complesso e che \u00e8 alla base dell&#8217;assistenza sanitaria pubblica.<\/p>\n<p style=\"text-align: justify;\">Altre norme sono state emanate per regolamentare l\u2019informazione scientifica ma l\u2019ultima, la pi\u00f9 completa, \u00e8 il D. Lgs 219\/2006 nel quale si stabilisce che l\u2019unica figura autorizzata a portare informazioni sul corretto uso dei farmaci alla classe medica \u00e8 l\u2019informatore scientifico. Motivo per il quale questo professionista deve essere laureato in una disciplina scientifica e non \u00e8 un venditore ma \u00e8 alle dipendenze del servizio scientifico il quale \u00e8 indipendente dal marketing, quindi dalle vendite. Rientra, tra le sue competenze, anche il compito importante e delicato della farmacovigilanza, ovvero la segnalazione degli eventi avversi associati ai farmaci, compresi i vaccini.<\/p>\n<p style=\"text-align: justify;\">Quindi, se il dottor Floris, per \u201cgiro\u201d intendeva quello della sanit\u00e0, ci trova assolutamente d\u2019accordo. Noi informatori scientifici siamo parte integrante del Servizio Sanitario. Ma allora non si spiega l\u2019averci definiti \u201cprivilegiati\u201d. Non lo siamo come non lo sono gli altri operatori sanitari, cio\u00e8 medici e infermieri.<\/p>\n<p style=\"text-align: justify;\">Se consideriamo l\u2019ultimo piano vaccinale nazionale, emanato il 24 marzo, nelle \u201cRaccomandazioni ad interim sui gruppi target della vaccinazione anti COVID-19\u201d, si dice chiaramente di completare la vaccinazione delle categorie ricomprese nella fase 1 (in cui noi informatori scientifici fummo inseriti) avendo cura di includere &#8220;tutti i soggetti che operano in presenza presso strutture sanitarie e sociosanitarie&#8221;.<\/p>\n<p style=\"text-align: justify;\">Dovreste essere a conoscenza che noi informatori scientifici, per le peculiarit\u00e0 del nostro lavoro, operiamo necessariamente in presenza nelle suddette strutture. Ragion per cui siamo stati inseriti in prima fascia vaccinale in quanto soggetti che, nello svolgere legittimamente la propria attivit\u00e0 professionale, risultano a rischio di contagio, al pari degli altri sanitari. Quindi davvero non capiamo da dove deriva il concetto di \u201cprivilegio\u201d enunciato dal vostro conduttore.<\/p>\n<p style=\"text-align: justify;\">In conclusione chiedo di rettificare l\u2019informazione da voi data in quanto lesiva dell\u2019immagine di un\u2019intera categoria di professionisti (circa 50 mila in Italia), ma soprattutto perch\u00e9 appartenere ad un settore lavorativo, non \u00e8 un privilegio e quindi non \u00e8 corretto definirci tali.<\/p>\n<p style=\"text-align: justify;\">Resto a vostra disposizione per eventuali chiarimenti, magari in una vostra prossima puntata nella quale potreste offrire anche un servizio pubblico utile nel far capire ai vostri ascoltatori qual \u00e8 il ruolo di questo professionista nel panorama sanitario.<\/p>\n<p>Best regards<\/p>\n<p>Dr. Antonio Mazzarella<\/p>\n<p style=\"text-align: right;\">Foggia, 02\/04\/2021<\/p>\n<p>&nbsp;<\/p>\n<hr \/>\n<p>&nbsp;<\/p>","protected":false},"excerpt":{"rendered":"<p>Gentile Redazione del programma televisivo DiMarted\u00ec, sono il Dr. Antonio Mazzarella, informatore scientifico del farmaco nonch\u00e9 presidente nazionale di FEDAIISF (Federazione delle Associazioni Italiane degli Informatori Scientifici del Farmaco e del Parafarmaco). Ho seguito la puntata del vostro programma del 30 marzo u. s. nel corso della quale, il conduttore Giovanni Floris ha mostrato una &hellip;<\/p>","protected":false},"author":4,"featured_media":57617,"comment_status":"closed","ping_status":"closed","sticky":false,"template":"","format":"standard","meta":{"footnotes":""},"categories":[1],"tags":[36],"class_list":["post-57642","post","type-post","status-publish","format-standard","has-post-thumbnail","hentry","category-notizie","tag-fedaiisfpresidente"],"amp_enabled":true,"_links":{"self":[{"href":"https:\/\/www.fedaiisf.it\/en\/wp-json\/wp\/v2\/posts\/57642","targetHints":{"allow":["GET"]}}],"collection":[{"href":"https:\/\/www.fedaiisf.it\/en\/wp-json\/wp\/v2\/posts"}],"about":[{"href":"https:\/\/www.fedaiisf.it\/en\/wp-json\/wp\/v2\/types\/post"}],"author":[{"embeddable":true,"href":"https:\/\/www.fedaiisf.it\/en\/wp-json\/wp\/v2\/users\/4"}],"replies":[{"embeddable":true,"href":"https:\/\/www.fedaiisf.it\/en\/wp-json\/wp\/v2\/comments?post=57642"}],"version-history":[{"count":0,"href":"https:\/\/www.fedaiisf.it\/en\/wp-json\/wp\/v2\/posts\/57642\/revisions"}],"wp:featuredmedia":[{"embeddable":true,"href":"https:\/\/www.fedaiisf.it\/en\/wp-json\/wp\/v2\/media\/57617"}],"wp:attachment":[{"href":"https:\/\/www.fedaiisf.it\/en\/wp-json\/wp\/v2\/media?parent=57642"}],"wp:term":[{"taxonomy":"category","embeddable":true,"href":"https:\/\/www.fedaiisf.it\/en\/wp-json\/wp\/v2\/categories?post=57642"},{"taxonomy":"post_tag","embeddable":true,"href":"https:\/\/www.fedaiisf.it\/en\/wp-json\/wp\/v2\/tags?post=57642"}],"curies":[{"name":"wp","href":"https:\/\/api.w.org\/{rel}","templated":true}]}}