{"id":57667,"date":"2021-04-03T11:08:31","date_gmt":"2021-04-03T09:08:31","guid":{"rendered":"https:\/\/www.fedaiisf.it\/?p=57667"},"modified":"2021-04-03T12:59:58","modified_gmt":"2021-04-03T10:59:58","slug":"presidenza-fedaiisf-a-rai-2-la-trasmissione-anni-20-definisce-gli-isf-altra-categoria-non-avente-diritto-vaccinale","status":"publish","type":"post","link":"https:\/\/www.fedaiisf.it\/en\/presidenza-fedaiisf-a-rai-2-la-trasmissione-anni-20-definisce-gli-isf-altra-categoria-non-avente-diritto-vaccinale\/","title":{"rendered":"Presidency of Fedaiisf at RAI 2. The program &quot;Anni 20&quot; defines the ISF as another category not entitled to vaccination"},"content":{"rendered":"<p><img loading=\"lazy\" decoding=\"async\" class=\"alignnone wp-image-54533 aligncenter\" src=\"https:\/\/www.fedaiisf.it\/wp-content\/uploads\/2020\/11\/Logo-Fedaiisf-Farmaco-e-Parafarmaco-colori-vividi-ritagliato.png\" alt=\"\" width=\"120\" height=\"120\" srcset=\"https:\/\/www.fedaiisf.it\/wp-content\/uploads\/2020\/11\/Logo-Fedaiisf-Farmaco-e-Parafarmaco-colori-vividi-ritagliato.png 1009w, https:\/\/www.fedaiisf.it\/wp-content\/uploads\/2020\/11\/Logo-Fedaiisf-Farmaco-e-Parafarmaco-colori-vividi-ritagliato-300x300.png 300w, https:\/\/www.fedaiisf.it\/wp-content\/uploads\/2020\/11\/Logo-Fedaiisf-Farmaco-e-Parafarmaco-colori-vividi-ritagliato-150x150.png 150w, https:\/\/www.fedaiisf.it\/wp-content\/uploads\/2020\/11\/Logo-Fedaiisf-Farmaco-e-Parafarmaco-colori-vividi-ritagliato-768x770.png 768w, https:\/\/www.fedaiisf.it\/wp-content\/uploads\/2020\/11\/Logo-Fedaiisf-Farmaco-e-Parafarmaco-colori-vividi-ritagliato-36x36.png 36w\" sizes=\"auto, (max-width: 120px) 100vw, 120px\" \/><\/p>\n<p style=\"text-align: center;\"><span style=\"font-family: arial, helvetica, sans-serif;\"><strong><span style=\"color: #3366ff;\">Federazione Associazioni Italiane Informatori Scientifici del Farmaco e del Parafarmaco<\/span><\/strong><\/span><\/p>\n<p><span style=\"font-family: arial, helvetica, sans-serif;\"><strong><span style=\"color: #3366ff;\">President<\/span><\/strong><\/span><\/p>\n<div>\n<p>&nbsp;<\/p>\n<p class=\"Normale1\" style=\"text-align: justify;\"><span style=\"font-size: 14pt;\">Gentile Redazione del programma televisivo Anni 20,<\/span><\/p>\n<\/div>\n<p class=\"Normale1\" style=\"text-align: justify;\"><span style=\"font-size: 14pt;\">sono il Dr. Antonio Mazzarella, informatore scientifico del farmaco nonch\u00e9 presidente nazionale di FEDAIISF (Federazione delle Associazioni Italiane degli Informatori Scientifici del Farmaco e del Parafarmaco).<\/span><\/p>\n<p style=\"text-align: justify;\"><span style=\"font-size: 14pt;\">Ho seguito la puntata del vostro programma del 1 aprile u. s. In riferimento al servizio \u201cContrappunto\u201d a cura di Antonio Rapisarda, vorrei segnalare alcune imprecisioni relative alla nostra categoria professionale.<\/span><\/p>\n<p style=\"text-align: justify;\"><span style=\"font-size: 14pt;\">Nel servizio vengono denunciate le inadempienze di alcune regioni che non avrebbero rispettato\u00a0 le categorie prioritarie\u00a0 previste dal piano vaccinale nazionale.<\/span><\/p>\n<p style=\"text-align: justify;\"><span style=\"font-size: 14pt;\">In particolare in una slide si riassume\u00a0 il numero totale dei vaccinati tra gli aventi diritto secondo il piano e suddivisi per categoria e si sottolinea quella che viene definita \u201caltre categorie\u201d e che comprende circa 1,5 milioni di vaccinati.<\/span><\/p>\n<p style=\"text-align: justify;\"><span style=\"font-size: 14pt;\">Il signor Rapisarda, in riferimento a quest\u2019ultima categoria, a titolo di esempio cita i magistrati e gli avvocati per la Toscana, gli Informatori Scientifici per la Campania, i parenti degli odontoiatri per la Puglia e schiere di politici locali per la Sicilia. Ci\u00f2 denota una grave disinformazione:\u00a0 gli informatori scientifici, nella Regione Campania, sono stati inseriti nel piano regionale della campagna di vaccinazione ANTI SARS COV2 fase I del 31\/12\/2020, che vi invio in allegato,\u00a0 e che fa seguito alla Circolare del Ministero della Salute del 24\/12\/2020 contenete le raccomandazioni per l\u2019organizzazione della suddetta campagna vaccinale.<\/span><\/p>\n<p style=\"text-align: justify;\"><span style=\"font-size: 14pt;\">In tale piano, nella tabella 1, tenendo conto delle priorit\u00e0 in base ai ruoli svolti, si individuano 11 categorie che operano a vario titolo in ambito sanitario. Al punto 7 sono previsti farmacisti e informatori scientifici.<\/span><\/p>\n<p style=\"text-align: justify;\"><span style=\"font-size: 14pt;\">Si evince chiaramente che, in quanto professionisti inseriti nel piano regionale, non \u00e8 giustificabile la definizione di \u201cfurbetti\u201d o appartenenti a \u201ccorporazioni\u201d, come pi\u00f9 volte sottolineato nel servizio in oggetto.<\/span><\/p>\n<p style=\"text-align: justify;\"><span style=\"font-size: 14pt;\">\u00c8 necessario aggiungere che l\u2019ultimo piano vaccinale nazionale, emanato il 24 marzo, nelle \u201cRaccomandazioni ad interim sui gruppi target della vaccinazione anti COVID-19\u201d, si dice chiaramente di completare la vaccinazione delle categorie ricomprese nella fase 1 (in cui noi informatori scientifici fummo inseriti) avendo cura di includere\u2026 \u201ctutti i soggetti che operano in presenza presso strutture sanitarie e sociosanitarie\u201d. Tale indicazione \u00e8 stata recepita da 15 regioni che hanno provveduto a vaccinare gli informatori scientifici. Resta incomprensibile il motivo per cui Toscana, Lazio, Emilia Romagna, Marche e Valle D&#8217;Aosta non si siano ancora adeguate.<\/span><\/p>\n<p style=\"text-align: justify;\"><span style=\"font-size: 14pt;\">Il motivo per cui gli informatori scientifici devono essere vaccinati \u00e8 strettamente legato alla loro attivit\u00e0 professionale. Infatti, il servizio di informazione scientifica \u00e8 stato istituito nel 1978 dalla legge 833, la stessa che diede vita al Servizio Sanitario Nazionale. Quindi parliamo di un servizio all\u2019interno di un altro pi\u00f9 complesso che \u00e8 alla base dell\u2019assistenza sanitaria pubblica.<\/span><\/p>\n<p style=\"text-align: justify;\"><span style=\"font-size: 14pt;\">Altre norme sono state emanate per regolamentare l\u2019informazione scientifica ma l\u2019ultima, la pi\u00f9 completa, \u00e8 il D. Lgs 219\/2006 nel quale si stabilisce che l\u2019unica figura autorizzata a portare informazioni sul corretto uso dei farmaci alla classe medica \u00e8 l\u2019informatore scientifico. Motivo per il quale questo professionista deve essere laureato in una disciplina scientifica. Altro aspetto molto importante, a noi \u00e8 anche assegnato il compito delicato della farmacovigilanza, ovvero la segnalazione degli eventi avversi associati ai farmaci e ai vaccini.<\/span><\/p>\n<p style=\"text-align: justify;\"><span style=\"font-size: 14pt;\">Tale attivit\u00e0 \u00e8 soggetta allo stesso livello di rischio degli altri operatori sanitari.<\/span><\/p>\n<p style=\"text-align: justify;\"><span style=\"font-size: 14pt;\">In conclusione chiedo di rettificare l\u2019informazione da voi data in quanto lesiva dell\u2019immagine di un\u2019intera categoria di lavoratori (circa 50 mila in Italia) e non di \u201cfurbetti e salta fila&#8221;<\/span><\/p>\n<p><span style=\"font-size: 14pt;\">Resto a disposizione per eventuali ulteriori chiarimenti.<\/span><\/p>\n<p><span style=\"font-size: 14pt;\">Best regards.<\/span><\/p>\n<p style=\"text-align: justify;\"><span style=\"font-size: 14pt;\">Dr. Antonio Mazzarella<\/span><\/p>\n<p style=\"text-align: right;\"><span style=\"font-size: 14pt;\">Foggia, 2 aprile 2021<\/span><\/p>\n<hr \/>\n<p><a href=\"https:\/\/www.fedaiisf.it\/wp-content\/uploads\/2021\/04\/Allegato-Piano-Reg-Campagna-Vaccinazione-1.pdf\" target=\"_blank\" rel=\"noopener\">Allegato-Piano-Reg-Campania-Vaccinazione-1<\/a><\/p>\n<div style=\"width: 480px;\" class=\"wp-video\"><video class=\"wp-video-shortcode\" id=\"video-57667-1\" width=\"480\" height=\"848\" preload=\"metadata\" controls=\"controls\"><source type=\"video\/mp4\" src=\"https:\/\/www.fedaiisf.it\/wp-content\/uploads\/2021\/04\/RAI-2-Anni-20-1.mp4?_=1\" \/><a href=\"https:\/\/www.fedaiisf.it\/wp-content\/uploads\/2021\/04\/RAI-2-Anni-20-1.mp4\">https:\/\/www.fedaiisf.it\/wp-content\/uploads\/2021\/04\/RAI-2-Anni-20-1.mp4<\/a><\/video><\/div>\n<p>&nbsp;<\/p>\n<hr \/>\n<p><i><strong>Avviso:\u00a0le pubblicit\u00e0 che appaiono in pagina sono gestite automaticamente da Google. Pertanto potrebbe capitare di trovare qualche banner che desta perplessit\u00e0. Nel caso, anche se non dipende dalla nostra volont\u00e0, ce ne scusiamo con i lettori.<\/strong><\/i><\/p>\n<p>&nbsp;<\/p>","protected":false},"excerpt":{"rendered":"<p>Federazione Associazioni Italiane Informatori Scientifici del Farmaco e del Parafarmaco Il Presidente &nbsp; Gentile Redazione del programma televisivo Anni 20, sono il Dr. Antonio Mazzarella, informatore scientifico del farmaco nonch\u00e9 presidente nazionale di FEDAIISF (Federazione delle Associazioni Italiane degli Informatori Scientifici del Farmaco e del Parafarmaco). Ho seguito la puntata del vostro programma del 1 &hellip;<\/p>","protected":false},"author":4,"featured_media":57673,"comment_status":"closed","ping_status":"closed","sticky":false,"template":"","format":"standard","meta":{"footnotes":""},"categories":[1],"tags":[],"class_list":["post-57667","post","type-post","status-publish","format-standard","has-post-thumbnail","hentry","category-notizie"],"amp_enabled":true,"_links":{"self":[{"href":"https:\/\/www.fedaiisf.it\/en\/wp-json\/wp\/v2\/posts\/57667","targetHints":{"allow":["GET"]}}],"collection":[{"href":"https:\/\/www.fedaiisf.it\/en\/wp-json\/wp\/v2\/posts"}],"about":[{"href":"https:\/\/www.fedaiisf.it\/en\/wp-json\/wp\/v2\/types\/post"}],"author":[{"embeddable":true,"href":"https:\/\/www.fedaiisf.it\/en\/wp-json\/wp\/v2\/users\/4"}],"replies":[{"embeddable":true,"href":"https:\/\/www.fedaiisf.it\/en\/wp-json\/wp\/v2\/comments?post=57667"}],"version-history":[{"count":0,"href":"https:\/\/www.fedaiisf.it\/en\/wp-json\/wp\/v2\/posts\/57667\/revisions"}],"wp:featuredmedia":[{"embeddable":true,"href":"https:\/\/www.fedaiisf.it\/en\/wp-json\/wp\/v2\/media\/57673"}],"wp:attachment":[{"href":"https:\/\/www.fedaiisf.it\/en\/wp-json\/wp\/v2\/media?parent=57667"}],"wp:term":[{"taxonomy":"category","embeddable":true,"href":"https:\/\/www.fedaiisf.it\/en\/wp-json\/wp\/v2\/categories?post=57667"},{"taxonomy":"post_tag","embeddable":true,"href":"https:\/\/www.fedaiisf.it\/en\/wp-json\/wp\/v2\/tags?post=57667"}],"curies":[{"name":"wp","href":"https:\/\/api.w.org\/{rel}","templated":true}]}}