{"id":58541,"date":"2021-05-21T13:30:36","date_gmt":"2021-05-21T11:30:36","guid":{"rendered":"https:\/\/www.fedaiisf.it\/?p=58541"},"modified":"2021-05-21T13:30:36","modified_gmt":"2021-05-21T11:30:36","slug":"torselli-e-amodio-isf-toscani-operatori-di-serie-b","status":"publish","type":"post","link":"https:\/\/www.fedaiisf.it\/en\/torselli-e-amodio-isf-toscani-operatori-di-serie-b\/","title":{"rendered":"Torselli and Amadio: &quot;Tuscan ISF Serie B operators&quot;. Ed"},"content":{"rendered":"<h1 class=\"block-title\">Vaccinazioni, Torselli-Amadio: \u201dOperatori del farmaco Toscani categoria di serie B<\/h1>\n<p><a href=\"https:\/\/livornopress.it\/vaccinazioni-torselli-amadiooperatori-del-farmaco-toscani-categoria-di-serie-b\" target=\"_blank\" rel=\"noopener\">Livornopress &#8211; Firenze 21 maggio 2021<\/a><\/p>\n<p class=\"aBigClassNameToAvoidCollisionInText\"><img loading=\"lazy\" decoding=\"async\" class=\"wp-image-58543 alignright\" src=\"https:\/\/www.fedaiisf.it\/wp-content\/uploads\/2021\/05\/torselli_amadio-Cons-Reg.-e-F.lli-Ita-Toscana.jpg\" alt=\"\" width=\"355\" height=\"298\" srcset=\"https:\/\/www.fedaiisf.it\/wp-content\/uploads\/2021\/05\/torselli_amadio-Cons-Reg.-e-F.lli-Ita-Toscana.jpg 719w, https:\/\/www.fedaiisf.it\/wp-content\/uploads\/2021\/05\/torselli_amadio-Cons-Reg.-e-F.lli-Ita-Toscana-300x252.jpg 300w\" sizes=\"auto, (max-width: 355px) 100vw, 355px\" \/>\u201cDopo che la Regione Toscana \u00e8 stata ultima in Italia per la vaccinazione degli ultraottantenni, adesso scopriamo che gli informatori scientifici del farmaco sono stati esclusi dal piano vaccinale regionale quale categoria professionale prioritaria.<\/p>\n<p>La maggioranza delle Regioni italiane ha incluso questi professionisti nel loro piano vaccinale considerandoli al pari degli operatori socio-sanitari. Infatti gli informatori frequentano e lavorano prevalentemente all\u2019interno di strutture sanitarie.<\/p>\n<p>Ad oggi per gli operatori del farmaco toscani \u00e8 riservato un trattamento di serie B rispetto ai loro colleghi delle altre Regioni.<\/p>\n<p>Ci chiediamo se questa sia una semplice svista o una voluta dimenticanza\u201d.<\/p>\n<p>E\u2019 quanto dichiarato da <strong>Francesco Torselli<\/strong>, capogruppo di Fratelli d\u2019Italia nel Consiglio regionale toscano, e <strong>Marcella Amadio<\/strong>, dirigente nazionale di FdI.<\/p>\n<p>\u201cNon smette di stupire la scelleratezza delle decisioni della giunta Giani sulla campagna vaccinale.<\/p>\n<p>Nel portale regionale gli informatori del farmaco non possono prenotarsi come personale socio-sanitario, pertanto devono attendere l\u2019apertura delle prenotazioni a seconda della fascia d\u2019et\u00e0.<\/p>\n<p>Cos\u00ec si mette a rischio la profilassi che \u00e8 gi\u00e0 stata fatta nelle strutture sanitarie.<\/p>\n<p>Con un\u2019interrogazione regionale abbiamo chiesto al Presidente Giani e all\u2019assessore Bezzini perch\u00e9 questi professionisti non siano stati inseriti tra le categorie prioritarie.<\/p>\n<p>Ci auguriamo che la Giunta corregga quanto prima questo errore e metta gli informatori scientifici toscani nelle condizioni di lavorare serenamente come i loro colleghi del resto d\u2019Italia\u201d concludono gli esponenti del partito di Giorgia Meloni.<\/p>\n<p>Related news: <a href=\"https:\/\/www.consiglio.regione.toscana.it\/upload\/crt\/fascicolo\/IO_135.pdf\" target=\"_blank\" rel=\"noopener\">Sulla priorit\u00e0 di accesso alla vaccinazione agli avvocati toscani<\/a><\/p>\n<p>Editor&#039;s note: <em>L&#8217;Emilia Romagna e la Toscana sono le uniche due regioni che non hanno inserito gli informatori scientifici fra le categorie con priorit\u00e0 vaccinale. E non \u00e8 una dimenticanza \u00e8 un atto deliberatamente voluto. Hanno ignorato le <a href=\"https:\/\/www.trovanorme.salute.gov.it\/norme\/renderPdf.spring?seriegu=SG&amp;datagu=24\/03\/2021&amp;redaz=21A01802&amp;artp=1&amp;art=1&amp;subart=1&amp;subart1=10&amp;vers=1&amp;prog=002\" target=\"_blank\" rel=\"noopener\">Interim recommendations on SARS-CoV-2\/COVID-19 vaccination target groups<\/a><b>\u00a0<\/b>of the\u00a0<span id=\"OBJ_PREFIX_DWT3635_com_zimbra_date\" role=\"link\">March 10, 2021<\/span>, con le quali\u00a0sono state aggiornate le categorie di popolazione da vaccinare e le priorit\u00e0 (ISF e Caregiver). Hanno ignorato l&#8217;<a href=\"https:\/\/www.governo.it\/sites\/governo.it\/files\/CSCovid19_Ord_6_20210409_0.pdf\" target=\"_blank\" rel=\"noopener\">Ordinance 6\/2021<\/a> del Gen. Figliuolo che riprendeva le categorie da vaccinare in via prioritaria. Non solo, in Toscana il Policlinico Careggi aveva iniziato a vaccinare gli ISF ma subito l&#8217;autorit\u00e0 regionale ha bloccato l&#8217;iniziativa. Forse ce l&#8217;hanno con la categoria? Forse per ignoranza non sanno chi sono o cosa fanno gli ISF? &#8230;Per\u00f2 hanno vaccinato gli avvocati!<\/em><\/p>","protected":false},"excerpt":{"rendered":"<p>Vaccinazioni, Torselli-Amadio: \u201dOperatori del farmaco Toscani categoria di serie B Livornopress &#8211; Firenze 21 maggio 2021 \u201cDopo che la Regione Toscana \u00e8 stata ultima in Italia per la vaccinazione degli ultraottantenni, adesso scopriamo che gli informatori scientifici del farmaco sono stati esclusi dal piano vaccinale regionale quale categoria professionale prioritaria. La maggioranza delle Regioni italiane &hellip;<\/p>","protected":false},"author":4,"featured_media":58545,"comment_status":"closed","ping_status":"closed","sticky":false,"template":"","format":"standard","meta":{"footnotes":""},"categories":[1],"tags":[],"class_list":["post-58541","post","type-post","status-publish","format-standard","has-post-thumbnail","hentry","category-notizie"],"amp_enabled":true,"_links":{"self":[{"href":"https:\/\/www.fedaiisf.it\/en\/wp-json\/wp\/v2\/posts\/58541","targetHints":{"allow":["GET"]}}],"collection":[{"href":"https:\/\/www.fedaiisf.it\/en\/wp-json\/wp\/v2\/posts"}],"about":[{"href":"https:\/\/www.fedaiisf.it\/en\/wp-json\/wp\/v2\/types\/post"}],"author":[{"embeddable":true,"href":"https:\/\/www.fedaiisf.it\/en\/wp-json\/wp\/v2\/users\/4"}],"replies":[{"embeddable":true,"href":"https:\/\/www.fedaiisf.it\/en\/wp-json\/wp\/v2\/comments?post=58541"}],"version-history":[{"count":0,"href":"https:\/\/www.fedaiisf.it\/en\/wp-json\/wp\/v2\/posts\/58541\/revisions"}],"wp:featuredmedia":[{"embeddable":true,"href":"https:\/\/www.fedaiisf.it\/en\/wp-json\/wp\/v2\/media\/58545"}],"wp:attachment":[{"href":"https:\/\/www.fedaiisf.it\/en\/wp-json\/wp\/v2\/media?parent=58541"}],"wp:term":[{"taxonomy":"category","embeddable":true,"href":"https:\/\/www.fedaiisf.it\/en\/wp-json\/wp\/v2\/categories?post=58541"},{"taxonomy":"post_tag","embeddable":true,"href":"https:\/\/www.fedaiisf.it\/en\/wp-json\/wp\/v2\/tags?post=58541"}],"curies":[{"name":"wp","href":"https:\/\/api.w.org\/{rel}","templated":true}]}}