{"id":58576,"date":"2021-05-25T18:14:57","date_gmt":"2021-05-25T16:14:57","guid":{"rendered":"https:\/\/www.fedaiisf.it\/?p=58576"},"modified":"2021-05-25T18:17:38","modified_gmt":"2021-05-25T16:17:38","slug":"proroga-blocco-licenziamenti-il-dietrofront-del-governo-si-allesonero-addizionali","status":"publish","type":"post","link":"https:\/\/www.fedaiisf.it\/en\/proroga-blocco-licenziamenti-il-dietrofront-del-governo-si-allesonero-addizionali\/","title":{"rendered":"Proroga blocco licenziamenti: il dietrofront del Governo. S\u00ec all\u2019esonero addizionale"},"content":{"rendered":"<h2 class=\"description\">Salta la proroga blocco licenziamenti fino al 28 agosto, ma \u00e8 conservato lo sconto Cig ordinaria. Le ragioni dello stop.<\/h2>\n<p><a href=\"https:\/\/www.lavoroediritti.com\/leggi-e-prassi\/proroga-blocco-licenziamenti-stop-esonero-addizionali\" target=\"_blank\" rel=\"noopener\">Lavoro e diritti &#8211; 25 maggio 2021 di Claudio Garau<\/a><\/p>\n<p><img loading=\"lazy\" decoding=\"async\" class=\"wp-image-58578 alignright\" src=\"https:\/\/www.fedaiisf.it\/wp-content\/uploads\/2021\/05\/blocco-licenziamenti-501x400-1.png\" alt=\"\" width=\"337\" height=\"269\" srcset=\"https:\/\/www.fedaiisf.it\/wp-content\/uploads\/2021\/05\/blocco-licenziamenti-501x400-1.png 501w, https:\/\/www.fedaiisf.it\/wp-content\/uploads\/2021\/05\/blocco-licenziamenti-501x400-1-300x240.png 300w\" sizes=\"auto, (max-width: 337px) 100vw, 337px\" \/>La notizia sul dietrofront del Governo sulla proroga del blocco dei licenziamenti (di cui avevamo parlato <a href=\"https:\/\/www.lavoroediritti.com\/leggi-e-prassi\/blocco-licenziamenti-proroga-decreto-sostegni-bis\" target=\"_blank\" rel=\"noopener\">here<\/a>) dell\u2019ultima ora non appare cos\u00ec inaspettata. Infatti, \u00e8 ben nota la questione di cui il Governo ha dovuto occuparsi in queste settimane che hanno preceduto il varo del dl Sostegni bis. Molteplici le richieste e le istanze di sindacati, lavoratori e imprese. Ora, il Premier Mario Draghi \u2013 che sullo spinoso tema ha dovuto anche confrontarsi con le formazioni politiche nella squadra dell\u2019Esecutivo \u2013 per il <strong>pressing esercitato da Confindustria<\/strong>, avrebbe deciso di fare marcia indietro.<\/p>\n<p>Pertanto, a seguito dell\u2019approfondimento tecnico nel Governo, per quanto attiene alla norma sui licenziamenti di cui al dl Sostegni bis, l\u2019ex banchiere centrale ha deciso di confermare la scadenza del blocco licenziamenti in data 30 giugno. In buona sostanza, niente ulteriore proroga blocco licenziamenti, a differenza di quanto emerso fino a ieri. Vediamo dunque qualche dettaglio in pi\u00f9 su questa novit\u00e0 delle ultime ore.<\/p>\n<h2>Proroga blocco licenziamenti: non passa la linea Orlando<\/h2>\n<p>Come appena accennato, ecco lo <strong>stop alla proroga blocco licenziamenti<\/strong> fino al 28 agosto; per quanto riguarda le aziende che avessero domandato la Cig Covid dal giorno di entrata in vigore del dl Sostegni bis.<\/p>\n<p>La norma sulla proroga blocco licenziamenti era stata voluta dal <strong>ministro del Lavoro Orlando<\/strong>, ed era stata inclusa all\u2019ultimo momento nel decreto Sostegni bis. Tramite essa, vi sarebbero stati ulteriori 60 giorni di blocco per le industrie che usufruiscono della cassa Covid.<\/p>\n<p>Vero \u00e8 che, a seguito del dietrofront, i sindacati nelle ultime ore si sono gi\u00e0 mossi, protestando proprio contro Confindustria: \u201cPosizione inaccettabile e pericolosa degli industriali\u201d hanno dichiarato. Il PD ha cercato invece di \u2018salvare\u2019 il Ministro Orlando e il suo operato, asserendo che nel secondo maxi decreto economico del Governo Draghi, sarebbe comunque confermata l\u2019impostazione generale.<\/p>\n<p>Ma di fatto, ci\u00f2 che appare incontrovertibile \u00e8 che alla fine \u00e8 passata una versione \u201csoft\u201d che impedisce la piena attuazione della linea Orlando circa la proroga blocco licenziamenti. Infatti, l\u2019esponente del PD ora nella squadra di Governo aveva proposto una sorta di\u00a0 \u201ctappa intermedia\u201d al 28 agosto nell\u2019ambito della graduale eliminazione dello stop. In estrema sintesi, per le grandi imprese che avessero sfruttato la Cig Covid durante il mese di giugno, la rimozione del blocco sarebbe stata rinviata dal primo luglio alla fine di agosto. In altre parole, questi ulteriori 60 giorni sarebbero comunque stati \u2018coperti\u2019 dall\u2019estensione per altri 2 mesi della cassa integrazione Covid.<\/p>\n<section><\/section>\n<section class=\"catenaccio\">\n<h3>Il dietrofront \u00e8 legato alle pressioni di Confindustria e a opposte visioni all\u2019interno del Governo<\/h3>\n<p>A ben vedere, lo stop della proroga blocco licenziamenti non sorprende eccessivamente. Infatti, la decisione dell\u2019Esecutivo Draghi \u00e8\u00a0 frutto \u2013 come sopra accennato \u2013 delle <strong>decisive pressioni di Confindustria<\/strong> contro la <img loading=\"lazy\" decoding=\"async\" class=\"wp-image-58579 alignleft\" src=\"https:\/\/www.fedaiisf.it\/wp-content\/uploads\/2021\/05\/Orlando-Ministro-Lavoro.jpg\" alt=\"\" width=\"330\" height=\"220\" srcset=\"https:\/\/www.fedaiisf.it\/wp-content\/uploads\/2021\/05\/Orlando-Ministro-Lavoro.jpg 457w, https:\/\/www.fedaiisf.it\/wp-content\/uploads\/2021\/05\/Orlando-Ministro-Lavoro-300x200.jpg 300w\" sizes=\"auto, (max-width: 330px) 100vw, 330px\" \/>possibilit\u00e0 dell\u2019ulteriore proroga. L\u2019associazione degli imprenditori avrebbe preso di mira proprio il <strong>ministro del Lavoro Orlando, <\/strong>accusato di avere in qualche modo \u201cagito nell\u2019ombra\u201d; per introdurre la norma sulla proroga blocco licenziamenti, ad insaputa degli altri componenti dell\u2019Esecutivo.<\/p>\n<\/section>\n<p>Ma il dietrofront \u00e8 conseguenza altres\u00ec di una spaccatura all\u2019interno del Governo, proprio su questo tema. Da una parte, abbiamo infatti Lega e Forza Italia che hanno preferito condividere la linea di <strong>Confindustria<\/strong>; dall\u2019altra il\u00a0M5S il quale aveva tentato di ottenere una proroga blocco licenziamenti fino a dicembre. Ci\u00f2, secondo il Movimento, al fine di mettere in sicurezza lavoratori e imprese e traghettare il Paese verso il rilancio socio-economico nel corso del 2022. Il PD ha agito in qualche modo in veste di \u2018mediatore\u2019 ed anzi, per salvare quanto realizzato da Orlando, alle fonti di informazione ha fatto sapere che \u201c<em>Il pacchetto lavoro approvato nel decreto Sostegni bis conferma l\u2019impostazione data dal ministro con una serie di opzioni a disposizione delle aziende, alternative ai licenziamenti\u201d.<\/em><\/p>\n<h3>Qual \u00e8 la situazione ora in tema di licenziamenti?<\/h3>\n<p>Cerchiamo adesso di fare il punto circa la delicata questione dello sblocco dei licenziamenti, alla luce del dietrofront delle ultime ore.<\/p>\n<p><strong>Attualmente, il blocco licenziamenti vale fino al 30 giugno; invece dovrebbe slittare, tranne ulteriori smentite, al 31 ottobre soltanto per le imprese che sfruttano il FIS (Fondo integrazione salariale) o la cassa in deroga (CIGD).<\/strong><\/p>\n<p>In base a quanto emerso dal Ministero del Lavoro, oltre alla cassa Covid, per chi domanda la cassa integrazione ordinaria non sarebbe comunque da pagare il contributo addizionale\u00a0 \u2013 corrispondente al 9, 12 e 15%, in base alla durata della cassa \u2013\u00a0 impegnandosi tuttavia a non licenziare personale.<\/p>\n<p>Per ricapitolare, <strong>\u00e8 dunque eliminata la proroga al 28 agosto per le imprese che avessero domandato la cassa Covid dall\u2019entrata in vigore del decreto entro fine giugno<\/strong>. Lo ribadiamo: ci\u00f2 che invece <strong>permane \u00e8 la possibilit\u00e0 per le aziende di servirsi del meccanismo della Cig ordinaria<\/strong>, dall\u20191 luglio, con il rilevante beneficio di non dover pagare le addizionali per tutto il 2021. Ma attenzione: <strong>lo sconto Cig vale soltanto a condizione che l\u2019azienda non intenda diminuire il numero degli occupati.<\/strong><\/p>\n<p>Related news:\u00a0<a href=\"http:\/\/www.cgil.it\/lavoro-cgil-posizione-confindustria-inaccettabile-governo-proroghi-blocco-licenziamenti-fino-ad-ottobre\/\" target=\"_blank\" rel=\"noopener\">Lavoro: Cgil, posizione Confindustria inaccettabile, governo proroghi blocco licenziamenti fino ad ottobre<\/a><\/p>","protected":false},"excerpt":{"rendered":"<p>Salta la proroga blocco licenziamenti fino al 28 agosto, ma \u00e8 conservato lo sconto Cig ordinaria. Le ragioni dello stop. Lavoro e diritti &#8211; 25 maggio 2021 di Claudio Garau La notizia sul dietrofront del Governo sulla proroga del blocco dei licenziamenti (di cui avevamo parlato qui) dell\u2019ultima ora non appare cos\u00ec inaspettata. Infatti, \u00e8 &hellip;<\/p>","protected":false},"author":4,"featured_media":58580,"comment_status":"closed","ping_status":"closed","sticky":false,"template":"","format":"standard","meta":{"footnotes":""},"categories":[1],"tags":[],"class_list":["post-58576","post","type-post","status-publish","format-standard","has-post-thumbnail","hentry","category-notizie"],"amp_enabled":true,"_links":{"self":[{"href":"https:\/\/www.fedaiisf.it\/en\/wp-json\/wp\/v2\/posts\/58576","targetHints":{"allow":["GET"]}}],"collection":[{"href":"https:\/\/www.fedaiisf.it\/en\/wp-json\/wp\/v2\/posts"}],"about":[{"href":"https:\/\/www.fedaiisf.it\/en\/wp-json\/wp\/v2\/types\/post"}],"author":[{"embeddable":true,"href":"https:\/\/www.fedaiisf.it\/en\/wp-json\/wp\/v2\/users\/4"}],"replies":[{"embeddable":true,"href":"https:\/\/www.fedaiisf.it\/en\/wp-json\/wp\/v2\/comments?post=58576"}],"version-history":[{"count":0,"href":"https:\/\/www.fedaiisf.it\/en\/wp-json\/wp\/v2\/posts\/58576\/revisions"}],"wp:featuredmedia":[{"embeddable":true,"href":"https:\/\/www.fedaiisf.it\/en\/wp-json\/wp\/v2\/media\/58580"}],"wp:attachment":[{"href":"https:\/\/www.fedaiisf.it\/en\/wp-json\/wp\/v2\/media?parent=58576"}],"wp:term":[{"taxonomy":"category","embeddable":true,"href":"https:\/\/www.fedaiisf.it\/en\/wp-json\/wp\/v2\/categories?post=58576"},{"taxonomy":"post_tag","embeddable":true,"href":"https:\/\/www.fedaiisf.it\/en\/wp-json\/wp\/v2\/tags?post=58576"}],"curies":[{"name":"wp","href":"https:\/\/api.w.org\/{rel}","templated":true}]}}