{"id":58599,"date":"2021-05-27T11:54:42","date_gmt":"2021-05-27T09:54:42","guid":{"rendered":"https:\/\/www.fedaiisf.it\/?p=58599"},"modified":"2021-06-03T10:00:38","modified_gmt":"2021-06-03T08:00:38","slug":"certificazioni-verdi-covid-19","status":"publish","type":"post","link":"https:\/\/www.fedaiisf.it\/en\/certificazioni-verdi-covid-19\/","title":{"rendered":"Certificazioni verdi Covid-19"},"content":{"rendered":"<p><span style=\"font-family: arial, helvetica, sans-serif;\"><em>Il Green Pass europeo indicher\u00e0 lo <strong>stato di salute dei cittadini europei<\/strong> e sar\u00e0 pronto verso met\u00e0 giugno, come ha precisato il presidente del Consiglio Mario Draghi in conferenza stampa a Bruxelles al termine del Consiglio Europeo.\u00a0<\/em><\/span><\/p>\n<p><span style=\"font-family: arial, helvetica, sans-serif;\"><em>Per l&#8217;Italia, accedendo ad un apposito sito, collegato al sistema\u00a0<strong>Tessera Sanitaria<\/strong>, e inserendo le cifre della tessera sanitaria, la scadenza ed un codice temporaneo (Otp, one time password), corrispondente al certificato, gli utenti potranno\u00a0<strong>scaricare il Green pass<\/strong> come pdf, inviarlo per posta elettronica oppure stamparlo.<\/em><\/span><\/p>\n<p><span style=\"font-family: arial, helvetica, sans-serif;\"><em>Riportiamo le <a href=\"https:\/\/www.salute.gov.it\/portale\/nuovocoronavirus\/dettaglioFaqNuovoCoronavirus.jsp?lingua=italiano&amp;id=264\" target=\"_blank\" rel=\"noopener\">indicazioni del Ministero della Salute<\/a><\/em><\/span><\/p>\n<p style=\"text-align: center;\">_________________________________<\/p>\n<h2 id=\"DivCertificazioni\">Certificazione<\/h2>\n<div id=\"collapseDivCertificazioni\" class=\"collapse-div\" role=\"tablist\">\n<div id=\"collapseCertificazioni1\" class=\"collapse in\" role=\"tabpanel\" aria-labelledby=\"headingCertificazioni1\" aria-expanded=\"true\">\n<div class=\"collapse-body\">\n<p><img loading=\"lazy\" decoding=\"async\" class=\"wp-image-58604 alignright\" src=\"https:\/\/www.fedaiisf.it\/wp-content\/uploads\/2021\/05\/certificazione-verde-covid-19-e1618994349849-1024x632.jpg\" alt=\"\" width=\"347\" height=\"214\" srcset=\"https:\/\/www.fedaiisf.it\/wp-content\/uploads\/2021\/05\/certificazione-verde-covid-19-e1618994349849-1024x632.jpg 1024w, https:\/\/www.fedaiisf.it\/wp-content\/uploads\/2021\/05\/certificazione-verde-covid-19-e1618994349849-300x185.jpg 300w, https:\/\/www.fedaiisf.it\/wp-content\/uploads\/2021\/05\/certificazione-verde-covid-19-e1618994349849-768x474.jpg 768w, https:\/\/www.fedaiisf.it\/wp-content\/uploads\/2021\/05\/certificazione-verde-covid-19-e1618994349849.jpg 1074w\" sizes=\"auto, (max-width: 347px) 100vw, 347px\" \/>Per certificazione verde si intende una certificazione comprovante uno dei seguenti stati:<\/p>\n<ul>\n<li>L&#039;<strong>avvenuta vaccinazione<\/strong> contro il SARS-CoV-2<\/li>\n<li>there <strong>guarigione dall\u2019infezione<\/strong> da SARS-CoV-2 (che corrisponde alla data di fine isolamento, prescritto a seguito del riscontro di un tampone positivo)<\/li>\n<li>The <strong>referto di un test molecolare o antigenico<\/strong> rapido per la ricerca del virus SARS-CoV-2 e che riporti un risultato negativo, eseguito nelle 48 ore antecedenti.<\/li>\n<\/ul>\n<p>Esempi:<\/p>\n<ul>\n<li>il normale certificato vaccinale rilasciato dalla Regione o dalla ASL <strong>alla fine del ciclo vaccinale<\/strong>, che indica anche il numero di dosi somministrate rispetto al numero di dosi previste per l\u2019individuo, \u00e8 considerato un certificato verde Covid-19<\/li>\n<li>il normale certificato vaccinale rilasciato dalla Regione o dalla ASL <strong>dopo la prima dose<\/strong>, che indica la data della seconda dose (se prevista), \u00e8 considerato un certificato verde Covid-19<\/li>\n<li>il certificato di <strong>fine isolamento<\/strong> rilasciato dalla ASL \u00e8 considerato un certificato verde Covid-19<\/li>\n<li>il referto del<strong> test antigenico negativo<\/strong> effettuato presso le farmacie autorizzate o i medici di medicina generale\/pediatri di libera scelta \u00e8 considerato un certificato verde Covid-19.<\/li>\n<\/ul>\n<\/div>\n<\/div>\n<\/div>\n<h2 class=\"collapse-header\">Chi rilascia la certificazione<\/h2>\n<div id=\"collapseDivCertificazioni\" class=\"collapse-div\" role=\"tablist\">\n<div id=\"collapseCertificazioni2\" class=\"collapse in\" role=\"tabpanel\" aria-labelledby=\"headingCertificazioni2\" aria-expanded=\"true\">\n<div class=\"collapse-body\">\n<ul>\n<li>There\u00a0<strong>certificazione verde Covid-19 di avvenuta vaccinazione<\/strong>\u00a0contro il SARS-CoV-2 viene rilasciata in formato cartaceo o digitale dalla struttura sanitaria o dal Servizio Sanitario Regionale di competenza. Al momento, la validit\u00e0 \u00e8 <strong>dal quindicesimo giorno<\/strong> dopo la somministrazione della prima dose <strong>fino alla data prevista per il completamento del ciclo vaccinale<\/strong>(quando sono previste 2 dosi) e di <strong>nove mesi dal completamento del ciclo vaccinale<\/strong>.<\/li>\n<li>There <strong>certificazione verde Covid-19 di avvenuta guarigione<\/strong> da COVID-19, viene rilasciata in formato cartaceo o digitale, contestualmente alla fine dell\u2019isolamento, dalla struttura ospedaliera presso cui si \u00e8 effettuato un ricovero, dalla ASL competente, dai medici di medicina generle o dai pediatri di libera scelta. Al momento, la validit\u00e0 \u00e8 di <strong>sei mesi dalla data di fine isolamento<\/strong>.<\/li>\n<li>There <strong>certificazione verde Covid-19 di effettuazione di un test antigenico<\/strong>rapido o molecolare per la ricerca del virus SARS-CoV-2 con esito negativo \u00e8 rilasciata dalle strutture sanitarie pubbliche, private autorizzate, accreditate, dalle farmacie o dai medici di medicina generale e dai pediatri di libera scelta che erogano tali test. La validit\u00e0 della certificazione \u00e8 di <strong>48 ore dal prelievo<\/strong>del materiale biologico.\u00a0<strong>Cosa posso fare se sono in possesso di una certificazione verde?\u00a0<\/strong><\/li>\n<\/ul>\n<h2><img loading=\"lazy\" decoding=\"async\" class=\"wp-image-58605 alignleft\" src=\"https:\/\/www.fedaiisf.it\/wp-content\/uploads\/2021\/05\/Verde-vaccinato.jpg\" alt=\"\" width=\"359\" height=\"239\" srcset=\"https:\/\/www.fedaiisf.it\/wp-content\/uploads\/2021\/05\/Verde-vaccinato.jpg 768w, https:\/\/www.fedaiisf.it\/wp-content\/uploads\/2021\/05\/Verde-vaccinato-300x200.jpg 300w\" sizes=\"auto, (max-width: 359px) 100vw, 359px\" \/>A cosa serve la certificazione verde<\/h2>\n<\/div>\n<\/div>\n<div id=\"collapseCertificazioni3\" class=\"collapse in\" role=\"tabpanel\" aria-labelledby=\"headingCertificazioni3\" aria-expanded=\"true\">\n<div class=\"collapse-body\">\n<p>The <a href=\"https:\/\/www.trovanorme.salute.gov.it\/norme\/dettaglioAtto?id=79974\" target=\"_blank\" rel=\"noopener\">decreto-legge <span id=\"OBJ_PREFIX_DWT628_com_zimbra_date\" role=\"link\"><span id=\"OBJ_PREFIX_DWT632_com_zimbra_date\" role=\"link\">22 aprile 2021, n. 52<\/span><\/span><\/a>\u00a0prevede, oltre che per comprovate esigenze lavorative o per situazioni di necessit\u00e0 o per motivi di salute, la possibilit\u00e0 di spostamento in entrata e in uscita dai territori collocati in zona rossa o arancione, anche ai soggetti muniti di certificazione verde.<\/p>\n<p><a href=\"https:\/\/www.trovanorme.salute.gov.it\/norme\/dettaglioAtto?id=80495\" target=\"_blank\" rel=\"noopener\">Il decreto-legge 18 maggio 2021, n. 65<\/a>\u00a0prevede che dal 15 giugno 2021, in zona gialla, sono consentite le feste conseguenti alle cerimonie civili o religiose, anche al chiuso, nel rispetto di protocolli e linee guida specifiche e con la\u00a0 prescrizione che i partecipanti siano muniti di una delle certificazioni\u00a0 verdi.<strong>\u00a0ho una o pi\u00f9 certificazioni verdi, posso non indossare la mascherina, non igienizzare frequentemente le mani, non rispettare il distanziamento fisico?<\/strong><\/p>\n<\/div>\n<\/div>\n<\/div>\n<h2>Con la certificazione si potranno abbandonare i SPI e le misure d&#8217;igiene?<\/h2>\n<div id=\"collapseDivCertificazioni\" class=\"collapse-div\" role=\"tablist\">\n<div id=\"collapseCertificazioni4\" class=\"collapse in\" role=\"tabpanel\" aria-labelledby=\"headingCertificazioni4\" aria-expanded=\"true\">\n<div class=\"collapse-body\">\n<p>No, le misure di igiene vanno sempre rispettate, in quanto non pu\u00f2 essere garantita la totale eliminazione del rischio di prima infezione nei vaccinati o di reinfezione nei guariti, anche a causa della circolazione delle varianti, n\u00e8 pu\u00f2 essere escluso il rischio di trasmissione del virus. Ugualmente, non \u00e8 escluso il rischio di prima infezione e, conseguentemente, il rischio di trasmissione in chi abbia un tampone negativo.<\/p>\n<p>Pertanto, tutti i cittadini devono continuare a:<\/p>\n<ul>\n<li>indossare le mascherine<\/li>\n<li>rispettare il distanziamento fisico<\/li>\n<li>igienizzare frequentemente le mani<\/li>\n<\/ul>\n<p>anche se in possesso di una certificazione verde Covid-19.<\/p>\n<\/div>\n<\/div>\n<\/div>\n<h2>Test sierologico non valido<\/h2>\n<div id=\"collapseDivCertificazioni\" class=\"collapse-div\" role=\"tablist\">\n<div id=\"collapseCertificazioni5\" class=\"collapse in\" role=\"tabpanel\" aria-labelledby=\"headingCertificazioni5\" aria-expanded=\"true\">\n<div class=\"collapse-body\">\n<p>Al momento il test sierologico non \u00e8 un test previsto per il rilascio della certificazione verde<\/p>\n<\/div>\n<\/div>\n<\/div>\n<h2>Durata di validit\u00e0 della certificazione<\/h2>\n<div id=\"collapseDivCertificazioni\" class=\"collapse-div\" role=\"tablist\">\n<div id=\"collapseCertificazioni6\" class=\"collapse in\" role=\"tabpanel\" aria-labelledby=\"headingCertificazioni6\" aria-expanded=\"true\">\n<div class=\"collapse-body\">\n<p>As for i\u00a0<strong>times <\/strong>attualmente indicati\u00a0per la validit\u00e0 della certificazione verde Covid-19 di <strong>avvenuta vaccinazione <\/strong>contro il SARS-CoV-2 e della certificazione verde Covid-19 di <strong>avvenuta guarigione <\/strong>da COVID-19, va precisato che tale scadenza \u00e8 stata fissata provvisoriamente, anche in vista dell\u2019imminente entrata in vigore del <em>Digital Green Certificate<\/em>, previsto da una proposta di Regolamento europeo, che dovrebbe essere approvata a breve ed entrare in vigore nel corso del prossimo mese di giugno. Le indicazioni per l\u2019emissione di dette certificazioni saranno soggette a periodica revisione, sulla base delle evidenze scientifiche che si renderanno disponibili e delle indicazioni che verranno fornite in ambito UE.<\/p>\n<\/div>\n<\/div>\n<\/div>\n<h2>Il Digital Green Certificate<\/h2>\n<div id=\"collapseDivCertificazioni\" class=\"collapse-div\" role=\"tablist\">\n<div id=\"collapseCertificazioni7\" class=\"collapse in\" role=\"tabpanel\" aria-labelledby=\"headingCertificazioni7\" aria-expanded=\"true\">\n<div class=\"collapse-body\">\n<p>For <em>Digital Green Certificate <\/em>(DGC) si intende un certificato, digitale o cartaceo, identificato come di:<\/p>\n<ul>\n<li>avvenuta vaccinazione contro il COVID-19<\/li>\n<li>avvenuta guarigione da COVID-19<\/li>\n<li>effettuazione di un test molecolare o antigenico per la ricerca di SARS-CoV-2 con risultato negativo,<\/li>\n<\/ul>\n<p>che sia interoperabile a livello europeo, attraverso un codice a barre bidimensionale (<strong><em>QRcode<\/em><\/strong>), verificabile attraverso dei sistemi di validazione digitali, associato ad un codice identificativo univoco a livello nazionale. L\u2019interoperabilit\u00e0 europea si avr\u00e0 grazie alla definizione di dati e regole comuni, che devono essere utilizzate per l\u2019emissione dei certificati nei 27 Paesi dell\u2019Unione Europea e allo sviluppo di piattaforme e strumenti informatici nazionali ed europei deputati a garantire l\u2019emissione, la validazione e l\u2019accettazione dei certificati. Il DGC sar\u00e0 gratuito e in italiano e inglese e, per la Provincia Autonoma di Bolzano, anche in tedesco.<\/p>\n<h2><b>Finalit\u00e0<\/b><\/h2>\n<\/div>\n<\/div>\n<div id=\"collapseCertificazioni8\" class=\"collapse in\" role=\"tabpanel\" aria-labelledby=\"headingCertificazioni8\" aria-expanded=\"true\">\n<div class=\"collapse-body\">\n<p>La finalit\u00e0 \u00e8 quella di facilitare la circolazione dei cittadini tra i diversi Paesi dell\u2019Unione Europea, attraverso la definizione di criteri comuni tra i 27 Paesi e l\u2019utilizzo di certificati interoperabili, che potrebbero evitare periodi di quarantena o ulteriori test. Un\u2019altra finalit\u00e0 \u00e8 la riduzione delle falsificazioni dei certificati. Il possesso di uno dei certificati\u00a0<strong>non rappresenta un prerequisito per viaggiare<\/strong>, ma agevola gli spostamenti.<\/p>\n<\/div>\n<\/div>\n<\/div>\n<h2>Entry into force<\/h2>\n<div id=\"collapseDivCertificazioni\" class=\"collapse-div\" role=\"tablist\">\n<div id=\"collapseCertificazioni9\" class=\"collapse in\" role=\"tabpanel\" aria-labelledby=\"headingCertificazioni9\" aria-expanded=\"true\">\n<div class=\"collapse-body\">\n<p>L\u2019entrata in vigore \u00e8 prevista per\u00a0<span id=\"OBJ_PREFIX_DWT631_com_zimbra_date\" role=\"link\"><span id=\"OBJ_PREFIX_DWT634_com_zimbra_date\" role=\"link\">June\u00a0<\/span>2021<\/span>.<\/p>\n<\/div>\n<\/div>\n<\/div>\n<h2><img loading=\"lazy\" decoding=\"async\" class=\"wp-image-58606 alignright\" src=\"https:\/\/www.fedaiisf.it\/wp-content\/uploads\/2021\/05\/green-pass-internazionale.jpg\" alt=\"\" width=\"395\" height=\"237\" srcset=\"https:\/\/www.fedaiisf.it\/wp-content\/uploads\/2021\/05\/green-pass-internazionale.jpg 810w, https:\/\/www.fedaiisf.it\/wp-content\/uploads\/2021\/05\/green-pass-internazionale-300x180.jpg 300w, https:\/\/www.fedaiisf.it\/wp-content\/uploads\/2021\/05\/green-pass-internazionale-768x461.jpg 768w, https:\/\/www.fedaiisf.it\/wp-content\/uploads\/2021\/05\/green-pass-internazionale-780x470.jpg 780w\" sizes=\"auto, (max-width: 395px) 100vw, 395px\" \/>Validit\u00e0 internazionale<\/h2>\n<div id=\"collapseDivCertificazioni\" class=\"collapse-div\" role=\"tablist\">\n<div id=\"collapseCertificazioni10\" class=\"collapse in\" role=\"tabpanel\" aria-labelledby=\"headingCertificazioni10\" aria-expanded=\"true\">\n<div class=\"collapse-body\">\n<p>S\u00ec, l\u2019Italia aderir\u00e0 e si sta realizzando, insieme alle Regioni, la piattaforma nazionale, che permetter\u00e0 il rilascio centralizzato dei DGC che saranno interoperabili sia a livello nazionale sia a livello europeo attraverso l\u2019apposito <em>gateway<\/em> europeo che assicurer\u00e0 la verifica della loro validit\u00e0 al momento dell\u2019ingresso in qualsiasi altro Stato dell\u2019Unione Europea.<\/p>\n<\/div>\n<\/div>\n<\/div>\n<h2>Diversit\u00e0 fra certificati verdi e Digital Green Certificate<\/h2>\n<div id=\"collapseDivCertificazioni\" class=\"collapse-div\" role=\"tablist\">\n<div id=\"collapseCertificazioni11\" class=\"collapse in\" role=\"tabpanel\" aria-labelledby=\"headingCertificazioni11\" aria-expanded=\"true\">\n<div class=\"collapse-body\">\n<p>I certificati verdi sono rilasciati in ambito regionale e sono validi solo sul territorio nazionale e fino all\u2019entrata in vigore del <em>Digital Green Certificate<\/em>, che verr\u00e0 invece emesso da una piattaforma nazionale, alimentata con i dati trasmessi dalle Regioni, e conterr\u00e0 un codice a barre bidimensionale (<em>QRcode<\/em>) per verificarne digitalmente l\u2019autenticit\u00e0 e validit\u00e0. Sar\u00e0 necessario per muoversi in Unione Europea oltre a valere sul territorio nazionale per gli spostamenti e le attivit\u00e0 per i quali \u00e8 richiesta certificazione.<\/p>\n<\/div>\n<\/div>\n<\/div>\n<h2>Il Certificato Verde per ora \u00e8 valido solo in Italia<\/h2>\n<div id=\"collapseDivCertificazioni\" class=\"collapse-div\" role=\"tablist\">\n<div id=\"collapseCertificazioni12\" class=\"collapse in\" role=\"tabpanel\" aria-labelledby=\"headingCertificazioni12\" aria-expanded=\"true\">\n<div class=\"collapse-body\">\n<p>La certificazione verde Covid-19 \u00e8 valida solo sul territorio nazionale, in quanto al momento il sistema e le regole del <em>Digital Green Certificate<\/em> non sono entrati in vigore, pertanto per recarsi all\u2019estero si \u00e8 soggetti alle normative dei singoli Paesi.<br \/>\nConsultare i siti istituzionali degli altri Paesi prima di mettersi in viaggio.<\/p>\n<hr \/>\n<\/div>\n<\/div>\n<\/div>\n<p>&nbsp;<\/p>\n<p><span style=\"font-family: arial, helvetica, sans-serif;\"><em>The\u00a0<strong>condizioni per avere diritto al Green Pass <\/strong>quindi sono tre (vaccino, tampone negativo, guarigione dal Covid-19). Soddisfatto uno di questi requisiti, il sistema genera il certificato e invia la password temporanea all\u2019interessato.<\/em><\/span><\/p>\n<p><span style=\"font-family: arial, helvetica, sans-serif;\"><em>In alternativa al sito, i cittadini potranno inserire la password usa e getta sull\u2019<strong>app Immuni<\/strong>\u00a0per scaricare il certificato (il proprio o quello dei figli). Per le Regioni che lo consentono, sar\u00e0 possibile fare lo stesso tramite Fascicoli sanitari elettronici, anche per i propri figli.<\/em><\/span><\/p>\n<p><span style=\"font-family: arial, helvetica, sans-serif;\"><em>E chi non ha un buon rapporto con la tecnologia, potr\u00e0 <strong>scaricare il Green Pass<\/strong>\u00a0rivolgendosi a medici e farmacisti (si sta predisponendo)<\/em><\/span><\/p>\n<p><span style=\"font-family: arial, helvetica, sans-serif;\"><em><img loading=\"lazy\" decoding=\"async\" class=\"wp-image-58607 alignleft\" src=\"https:\/\/www.fedaiisf.it\/wp-content\/uploads\/2021\/05\/App-io-servizi-pubblici-1024x538.jpg\" alt=\"\" width=\"383\" height=\"201\" srcset=\"https:\/\/www.fedaiisf.it\/wp-content\/uploads\/2021\/05\/App-io-servizi-pubblici-1024x538.jpg 1024w, https:\/\/www.fedaiisf.it\/wp-content\/uploads\/2021\/05\/App-io-servizi-pubblici-300x158.jpg 300w, https:\/\/www.fedaiisf.it\/wp-content\/uploads\/2021\/05\/App-io-servizi-pubblici-768x403.jpg 768w, https:\/\/www.fedaiisf.it\/wp-content\/uploads\/2021\/05\/App-io-servizi-pubblici.jpg 1200w\" sizes=\"auto, (max-width: 383px) 100vw, 383px\" \/>Gli utenti dotati di Spid oppure di carta di identit\u00e0 elettronica (Cie) possono ricorrere all\u2019uso dell\u2019<strong>App IO per ottenere il Green Pass<\/strong>. I passaggi da seguire sono semplici e immediati.<\/em><\/span><\/p>\n<p><span style=\"font-family: arial, helvetica, sans-serif;\"><em>In pratica, <strong>chi ha diritto al Green Pass<\/strong>, anzich\u00e9 accedere al sito, ricever\u00e0 una notifica direttamente sul proprio smartphone. Gli baster\u00e0 aprire l\u2019app, entrare con lo Spid o con la Cie e trover\u00e0 il pass, da salvare per un accesso diretto, anche senza connessione a Internet e mostrarlo all\u2019occorrenza alle forze dell\u2019ordine.<\/em><\/span><\/p>\n<p><span style=\"font-family: arial, helvetica, sans-serif;\"><em>Anche i bambini possono avere la carta di identit\u00e0 elettronica, a differenza dello Spid, e potranno avere il<strong> Green Pass sull\u2019app IO<\/strong>.<\/em><\/span><\/p>\n<p><span style=\"font-family: arial, helvetica, sans-serif;\"><em>Fra le alternative allo studio per ottenere il Green Pass c\u2019\u00e8 anche l\u2019<strong>app Immuni<\/strong>, lanciata lo scorso anno per il contact tracing.<\/em><\/span><\/p>\n<p><span style=\"font-family: arial, helvetica, sans-serif;\"><em>L\u2019utente potr\u00e0 inserire uno dei codici che saranno inviati o consegnati, nel momento in cui gli sar\u00e0 somministrato il vaccino, far\u00e0 il tampone oppure effettuer\u00e0 la visita per l\u2019accertamento della guarigione dal Covid-19, e il numero di tessera sanitaria. Sar\u00e0 cos\u00ec generato un <strong>Qr-code<\/strong>da salvare sul proprio smartphone e\/o da stampare. Questo codice dovr\u00e0 essere letto con un\u2019altra app dalle forze dell\u2019ordine o da chi sar\u00e0 abilitato al controllo.<\/em><\/span><\/p>\n<p>&nbsp;<\/p>","protected":false},"excerpt":{"rendered":"<p>Il Green Pass europeo indicher\u00e0 lo stato di salute dei cittadini europei e sar\u00e0 pronto verso met\u00e0 giugno, come ha precisato il presidente del Consiglio Mario Draghi in conferenza stampa a Bruxelles al termine del Consiglio Europeo.\u00a0 Per l&#8217;Italia, accedendo ad un apposito sito, collegato al sistema\u00a0Tessera Sanitaria, e inserendo le cifre della tessera sanitaria, &hellip;<\/p>","protected":false},"author":4,"featured_media":58602,"comment_status":"closed","ping_status":"closed","sticky":false,"template":"","format":"standard","meta":{"footnotes":""},"categories":[16],"tags":[39],"class_list":["post-58599","post","type-post","status-publish","format-standard","has-post-thumbnail","hentry","category-primo-piano","tag-vaccini"],"amp_enabled":true,"_links":{"self":[{"href":"https:\/\/www.fedaiisf.it\/en\/wp-json\/wp\/v2\/posts\/58599","targetHints":{"allow":["GET"]}}],"collection":[{"href":"https:\/\/www.fedaiisf.it\/en\/wp-json\/wp\/v2\/posts"}],"about":[{"href":"https:\/\/www.fedaiisf.it\/en\/wp-json\/wp\/v2\/types\/post"}],"author":[{"embeddable":true,"href":"https:\/\/www.fedaiisf.it\/en\/wp-json\/wp\/v2\/users\/4"}],"replies":[{"embeddable":true,"href":"https:\/\/www.fedaiisf.it\/en\/wp-json\/wp\/v2\/comments?post=58599"}],"version-history":[{"count":0,"href":"https:\/\/www.fedaiisf.it\/en\/wp-json\/wp\/v2\/posts\/58599\/revisions"}],"wp:featuredmedia":[{"embeddable":true,"href":"https:\/\/www.fedaiisf.it\/en\/wp-json\/wp\/v2\/media\/58602"}],"wp:attachment":[{"href":"https:\/\/www.fedaiisf.it\/en\/wp-json\/wp\/v2\/media?parent=58599"}],"wp:term":[{"taxonomy":"category","embeddable":true,"href":"https:\/\/www.fedaiisf.it\/en\/wp-json\/wp\/v2\/categories?post=58599"},{"taxonomy":"post_tag","embeddable":true,"href":"https:\/\/www.fedaiisf.it\/en\/wp-json\/wp\/v2\/tags?post=58599"}],"curies":[{"name":"wp","href":"https:\/\/api.w.org\/{rel}","templated":true}]}}