{"id":58668,"date":"2021-05-31T18:23:52","date_gmt":"2021-05-31T16:23:52","guid":{"rendered":"https:\/\/www.fedaiisf.it\/?p=58668"},"modified":"2021-06-03T11:02:23","modified_gmt":"2021-06-03T09:02:23","slug":"due-giugno-mattarella-nomina-i-cavalieri-del-lavoro-due-sono-industriali-farmaceutici","status":"publish","type":"post","link":"https:\/\/www.fedaiisf.it\/en\/due-giugno-mattarella-nomina-i-cavalieri-del-lavoro-due-sono-industriali-farmaceutici\/","title":{"rendered":"Due Giugno. Mattarella nomina i cavalieri del lavoro. Due sono industriali farmaceutici"},"content":{"rendered":"<p>I Cavalieri del Lavoro sono imprenditori, donne e uomini, insigniti dell\u2019Ordine al \u201cMerito del Lavoro\u201d dal Presidente della Repubblica. Il titolo di Cavaliere del Lavoro \u00e8 un riconoscimento per i risultati raggiunti nell\u2019attivit\u00e0 di impresa, nella creazione di sviluppo e di posti di lavoro, ma soprattutto per l\u2019impegno ad una responsabilit\u00e0 etica e sociale diretta al miglioramento delle condizioni di vita e di lavoro del Paese.<\/p>\n<p>L\u2019Ordine cavalleresco al \u201cMerito del Lavoro\u201d fu istituito nel 1901 da Vittorio Emanuele III come riconoscimento a imprenditori la cui vita fosse ispirata alla cultura e all\u2019etica del lavoro. Oggi l\u2019onorificenza \u00e8 conferita dal Presidente della Repubblica, che nomina ogni anno fino a 25 nuovi Cavalieri del Lavoro, in occasione della festa della Repubblica (2 giugno).<\/p>\n<p>Quest\u2019anno fra i nuovi cavalieri ve ne sono 2 che appartengono all\u2019industria farmaceutica.<\/p>\n<p><strong><img loading=\"lazy\" decoding=\"async\" class=\"wp-image-58679 alignright\" src=\"https:\/\/www.fedaiisf.it\/wp-content\/uploads\/2021\/05\/pizzocaro-francesco-scaled-1.jpg\" alt=\"\" width=\"345\" height=\"342\" srcset=\"https:\/\/www.fedaiisf.it\/wp-content\/uploads\/2021\/05\/pizzocaro-francesco-scaled-1.jpg 800w, https:\/\/www.fedaiisf.it\/wp-content\/uploads\/2021\/05\/pizzocaro-francesco-scaled-1-300x297.jpg 300w, https:\/\/www.fedaiisf.it\/wp-content\/uploads\/2021\/05\/pizzocaro-francesco-scaled-1-150x150.jpg 150w, https:\/\/www.fedaiisf.it\/wp-content\/uploads\/2021\/05\/pizzocaro-francesco-scaled-1-768x761.jpg 768w\" sizes=\"auto, (max-width: 345px) 100vw, 345px\" \/>PIZZOCARO Francesco<\/strong> inizia l\u2019attivit\u00e0 imprenditoriale nel 1984 con l&#8217;acquisizione di Prochimica Srl, con 2 soli dipendenti. \u00a0Nel 1999 Fidia Farmaceutici viene rilevata dalla Prochimica di Milano poi Sir Industriale, in seguito P&amp;R Holding.<\/p>\n<p>Una societ\u00e0 in cui la &#8220;P&#8221; sta per la famiglia di imprenditori milanesi alla seconda generazione guidata da Francesco Pizzocaro, e la &#8220;R&#8221; per il socio Paolo Rossi, deceduto nel 2001. Acquisisce Antibioticos nel 2003. Occupa 3.650 dipendenti.<\/p>\n<p>Oggi P&amp;R Holding \u00e8 attiva prevalentemente nel settore dei principi attivi per l&#8217;industria farmaceutica, dei dispositivi medici per la cura di patologie ad elevata rilevanza socio-economica e delle resine termoplastiche e termoindurenti.<\/p>\n<p><strong>RAPPUOLI Rino.<\/strong> presidente e amministratore delegato di GSK Vaccines, azienda del Gruppo Glaxo a Siena. Scopritore del vaccino contro\u00a0<a href=\"https:\/\/www.sanita24.ilsole24ore.com\/pdf2010\/Sanita2\/_Oggetti_Correlati\/Documenti\/Regioni-e-Aziende\/SCHEDA_VACCINO.pdf?uuid=AbQOKdwJ\" target=\"_blank\" rel=\"noopener\">meningococco B<\/a>\u00a0e C e quello contro la pertosse,\u00a0<strong>Rino Rappuoli<\/strong>\u00a0al grande pubblico probabilmente non dir\u00e0 granch\u00e9, perch\u00e9 alle vetrine internazionali ha sempre preferito i vetrini del laboratorio, ma \u00e8 uno dei microbiologi pi\u00f9 citati nei libri di testo e nelle ricerche scientifiche al mondo. <img loading=\"lazy\" decoding=\"async\" class=\"wp-image-58671 alignleft\" src=\"https:\/\/www.fedaiisf.it\/wp-content\/uploads\/2021\/05\/Dr_Rino_Rappuoli_GSK-vaccini-ForMemRS-683x1024.jpg\" alt=\"\" width=\"310\" height=\"465\" srcset=\"https:\/\/www.fedaiisf.it\/wp-content\/uploads\/2021\/05\/Dr_Rino_Rappuoli_GSK-vaccini-ForMemRS-683x1024.jpg 683w, https:\/\/www.fedaiisf.it\/wp-content\/uploads\/2021\/05\/Dr_Rino_Rappuoli_GSK-vaccini-ForMemRS-200x300.jpg 200w, https:\/\/www.fedaiisf.it\/wp-content\/uploads\/2021\/05\/Dr_Rino_Rappuoli_GSK-vaccini-ForMemRS-768x1152.jpg 768w, https:\/\/www.fedaiisf.it\/wp-content\/uploads\/2021\/05\/Dr_Rino_Rappuoli_GSK-vaccini-ForMemRS.jpg 960w\" sizes=\"auto, (max-width: 310px) 100vw, 310px\" \/>Insomma, un vero e proprio luminare. In piena pandemia da virus H1N1 ha scritto il libro \u201cI vaccini dell\u2019era globale\u201d.<\/p>\n<p>Per sostenere le vaccinazioni nei Paesi poveri e privi di risorse ha fondato il Novartis Vaccines Institute for Global Health, un\u2019organizzazione senza fini di lucro che sviluppa vaccini per i Paesi in via di sviluppo. Ma adesso \u00e8 l\u2019uomo al fronte nella guerra contro il Covid-19 sul fronte degli anticorpi monoclonali.<\/p>\n<p><strong>Rino Rappuoli<\/strong>\u00a0ha \u00abrivoluzionato per ben due volte le tecniche conosciute di produzione dei vaccini, applicandovi le scoperte della biotecnologia, permettendo risultati altrimenti impossibili ed un significativo abbattimento dei tempi della ricerca\u00bb.\u00a0 Infatti, \u00ab\u00e8 stato il gruppo di lavoro di\u00a0<strong>Rino Rappuoli<\/strong>, quando era alla Chiron di Siena, a realizzare (e commercializzare nel 1993) il primo vaccino \u201cacellulare\u201d al mondo, contro la pertosse, prodotto tramite tecniche di DNA ricombinante\u00bb.<\/p>\n<p>E, ancora, nel 1998, ha perfezionato ulteriormente il contributo della biotecnologia alla produzione di vaccini. A partire dalla mappatura del genoma (non di quello umano, ma dei microrganismi da cui ci si vuole proteggere), ha inventato una tecnica, nota come \u201creverse vaccinology\u201d consistente nella realizzazione di un vaccino attraverso un percorso inverso a quello tradizionale. Prima di lui si applicava il concetto adottato da Louis Pasteur intorno al 1880: i medici iniettavano versioni \u201cattenuate\u201d o \u201cinattivate\u201d dell\u2019agente patogeno, permettendo al sistema immunitario di riconoscerlo e preparare una difesa.<\/p>\n<p>FNOMCeO:\u00a0<a href=\"https:\/\/portale.fnomceo.it\/rappuoli-cavaliere-del-lavoro\/\" target=\"_blank\" rel=\"noopener\">Rappuoli Cavaliere del Lavoro, Anelli (FNOMCeO): \u201cPremiata l\u2019eccellenza italiana nella ricerca scientifica\u201d<\/a><\/p>\n<p>Di seguito l\u2019elenco completo dei nuovi Cavalieri<\/p>\n<ul>\n<li>ANCOROTTI Renato &#8211; Industria\/Cosmetica &#8211; Lombardia<\/li>\n<li>BELTRAME Angiola &#8211; Industria siderurgica\/laminati &#8211; Veneto<\/li>\n<li>CHECCHI Marco &#8211; Industria metalmeccanica &#8211; Abruzzo<\/li>\n<li>DI FOGGIA Giuseppina &#8211; Tecnologie informazione e comunicazione &#8211; Lazio<\/li>\n<li>DONNET Philippe &#8211; Assicurazioni &#8211; Veneto<\/li>\n<li>ELKANN John Philip &#8211; Industria automobilistica &#8211; Piemonte<\/li>\n<li>FARAOTTI Battista &#8211; Industria materie plastiche &#8211; Marche<\/li>\n<li>FEDELE Giampiero &#8211; Industria automobilistica &#8211; Puglia<\/li>\n<li>FERRARI Pietro &#8211; Industria Metalmeccanica &#8211; Emilia Romagna<\/li>\n<li>GARRONE Alessandro &#8211; Energia &#8211; Liguria<\/li>\n<li>GAVEZOTTI Graziella Danila &#8211; Servizi aziendali &#8211; Lombardia<\/li>\n<li>GENTILINI Paolo &#8211; Industria alimentare\/prodotti da forno &#8211; Lazio<\/li>\n<li>GUBITOSI Luigi &#8211; Servizi\/ telecomunicazioni &#8211; Lazio<\/li>\n<li>MANETTI Giovanni &#8211; Agricoltura\/Vitivinicolo &#8211; Toscana<\/li>\n<li>PALMIERI Antonio &#8211; Agricoltura\/Allevamento bufalini &#8211; Campania<\/li>\n<li>PILLONI Salvatore &#8211; Commercio\/articoli cura della persona &#8211; Sardegna<\/li>\n<li>PIOVESANA Maria Cristina &#8211; Industria\/Arredamento &#8211; Friuli Venezia Giulia<\/li>\n<li><strong>PIZZOCARO Francesco &#8211; Industria\/chimica farmaceutica &#8211; Lombardia<\/strong><\/li>\n<li><strong>RAPPUOLI Rino &#8211; Ricerca\/Sviluppo prodotti farmaceutici &#8211; Toscana<\/strong><\/li>\n<li>REMONDINI Emanuele &#8211; Logistica intermodale &#8211; Liguria<\/li>\n<li>RISATTI Nicola &#8211; Servizi turistici alberghi &#8211; Lombardia<\/li>\n<li>TOGNI Paola &#8211; Industria alimentare bevande &#8211; Marche<\/li>\n<li>VALENTINI Grazia &#8211; Industria chimica\/sistemi filtranti &#8211; Emilia Romagna<\/li>\n<li>VICENZI Giuseppe &#8211; Industria alimentare\/prodotti da forno &#8211; Veneto<\/li>\n<li>VISCARDI Gianluigi Carlo &#8211; Industria meccatronica &#8211; Lombardia<\/li>\n<\/ul>\n<p>&nbsp;<\/p>","protected":false},"excerpt":{"rendered":"<p>I Cavalieri del Lavoro sono imprenditori, donne e uomini, insigniti dell\u2019Ordine al \u201cMerito del Lavoro\u201d dal Presidente della Repubblica. Il titolo di Cavaliere del Lavoro \u00e8 un riconoscimento per i risultati raggiunti nell\u2019attivit\u00e0 di impresa, nella creazione di sviluppo e di posti di lavoro, ma soprattutto per l\u2019impegno ad una responsabilit\u00e0 etica e sociale diretta &hellip;<\/p>","protected":false},"author":4,"featured_media":58673,"comment_status":"closed","ping_status":"closed","sticky":false,"template":"","format":"standard","meta":{"footnotes":""},"categories":[1],"tags":[],"class_list":["post-58668","post","type-post","status-publish","format-standard","has-post-thumbnail","hentry","category-notizie"],"amp_enabled":true,"_links":{"self":[{"href":"https:\/\/www.fedaiisf.it\/en\/wp-json\/wp\/v2\/posts\/58668","targetHints":{"allow":["GET"]}}],"collection":[{"href":"https:\/\/www.fedaiisf.it\/en\/wp-json\/wp\/v2\/posts"}],"about":[{"href":"https:\/\/www.fedaiisf.it\/en\/wp-json\/wp\/v2\/types\/post"}],"author":[{"embeddable":true,"href":"https:\/\/www.fedaiisf.it\/en\/wp-json\/wp\/v2\/users\/4"}],"replies":[{"embeddable":true,"href":"https:\/\/www.fedaiisf.it\/en\/wp-json\/wp\/v2\/comments?post=58668"}],"version-history":[{"count":0,"href":"https:\/\/www.fedaiisf.it\/en\/wp-json\/wp\/v2\/posts\/58668\/revisions"}],"wp:featuredmedia":[{"embeddable":true,"href":"https:\/\/www.fedaiisf.it\/en\/wp-json\/wp\/v2\/media\/58673"}],"wp:attachment":[{"href":"https:\/\/www.fedaiisf.it\/en\/wp-json\/wp\/v2\/media?parent=58668"}],"wp:term":[{"taxonomy":"category","embeddable":true,"href":"https:\/\/www.fedaiisf.it\/en\/wp-json\/wp\/v2\/categories?post=58668"},{"taxonomy":"post_tag","embeddable":true,"href":"https:\/\/www.fedaiisf.it\/en\/wp-json\/wp\/v2\/tags?post=58668"}],"curies":[{"name":"wp","href":"https:\/\/api.w.org\/{rel}","templated":true}]}}