{"id":58842,"date":"2021-06-14T18:38:28","date_gmt":"2021-06-14T16:38:28","guid":{"rendered":"https:\/\/www.fedaiisf.it\/?p=58842"},"modified":"2021-06-15T11:10:09","modified_gmt":"2021-06-15T09:10:09","slug":"caos-vaccino-astrazeneca-ema-non-muta-la-sua-posizione-disinformazione-nata-da-un-quotidiano-italiano","status":"publish","type":"post","link":"https:\/\/www.fedaiisf.it\/en\/caos-vaccino-astrazeneca-ema-non-muta-la-sua-posizione-disinformazione-nata-da-un-quotidiano-italiano\/","title":{"rendered":"AstraZeneca vaccine chaos. EMA does not change its position. Disinformation born from an Italian newspaper"},"content":{"rendered":"<h1>AstraZeneca, Ema: &#8220;Vaccino resta per tutti, i benefici superano i rischi&#8221;<\/h1>\n<p><a href=\"https:\/\/corrieredellumbria.corr.it\/news\/italia\/27591407\/astrazeneca-ema-vaccino-benefici-rischi.html\" target=\"_blank\" rel=\"noopener\">Corriere dell&#8217;Umbria &#8211; 14 giugno 2021<\/a><\/p>\n<p><strong><img loading=\"lazy\" decoding=\"async\" class=\"wp-image-58629 alignright\" src=\"https:\/\/www.fedaiisf.it\/wp-content\/uploads\/2021\/05\/astrazeneca-vaccino-vaxzevria-1024x683.jpg\" alt=\"\" width=\"367\" height=\"245\" srcset=\"https:\/\/www.fedaiisf.it\/wp-content\/uploads\/2021\/05\/astrazeneca-vaccino-vaxzevria-1024x683.jpg 1024w, https:\/\/www.fedaiisf.it\/wp-content\/uploads\/2021\/05\/astrazeneca-vaccino-vaxzevria-300x200.jpg 300w, https:\/\/www.fedaiisf.it\/wp-content\/uploads\/2021\/05\/astrazeneca-vaccino-vaxzevria-768x512.jpg 768w, https:\/\/www.fedaiisf.it\/wp-content\/uploads\/2021\/05\/astrazeneca-vaccino-vaxzevria.jpg 1200w\" sizes=\"auto, (max-width: 367px) 100vw, 367px\" \/>Vaccino AstraZeneca<\/strong>, l&#8217;<strong>Ema<\/strong> conferma che &#8220;i <strong>benefici\u00a0<\/strong>superano i <strong>rischi<\/strong>&#8221; e che il siero \u00e8 valido per tutte le et\u00e0. L&#8217;agenzia europea del farmaco \u00e8 intervenuta dopo le polemiche divampate in tutta Europa sull&#8217;opportunit\u00e0 di somministrare o meno il vaccino della casa farmaceutica anglo svedese anche agli under 60, dopo svariati casi di morte dovuti a trmbosi, in Italia come in altri Paesi.<\/p>\n<p>&#8220;La posizione normativa dell\u2019Ema rispetto al vaccino di\u00a0AstraZeneca \u00e8 chiara: il rapporto rischio-beneficio \u00e8 positivo e il vaccino rimane autorizzato in tutte le popolazioni&#8221;. Questa la precisazione dell&#8217;Agenzia europea del farmaco, che ha sottolineato come &#8220;durante il fine settimana ci sono stati molti articoli con informazioni non corrette sulle considerazioni scientifiche dell\u2019Ema riguardo al vaccino Covid-19&#8221; prodotto dall\u2019azienda anglo-svedese.<\/p>\n<p>&#8220;La fonte della disinformazione &#8211; spiega l\u2019ente regolatorio Ue &#8211; \u00e8 stato un articolo pubblicato su un quotidiano italiano, che citava erroneamente uno dei nostri esperti.<\/p>\n<p>Da allora l\u2019articolo \u00e8 stato rivisto e abbiamo anche chiesto una correzione formale. Molte testate giornalistiche hanno pubblicato articoli sulla base dell\u2019intervista originale ed errata&#8221;, rimarca l\u2019Ema che, &#8220;nell\u2019interesse di una comunicazione corretta e basata sui fatti&#8221;, chiede di \u00abaggiornare gli articoli contenenti informazioni false, in modo da riflettere la posizione normativa dell\u2019agenzia nei confronti del vaccino Vaxzevria di AstraZeneca&#8221;, che \u00e8 rimasta invariata. &#8220;Se le raccomandazioni dovessero cambiare &#8211; conclude l\u2019authority &#8211; l\u2019Ema lo comunicher\u00e0 in modo trasparente e proattivo ai media e al pubblico, e i giornalisti sono incoraggiati a controllare il nostro sito web per eventuali nuove informazioni&#8221;.<\/p>\n<p>&#8220;Con grande onest\u00e0 e trasparenza, \u00e8 chiaro che noi abbiamo mutato sul vaccino\u00a0AstraZeneca le scelte. Ema l\u2019ha approvato dai 18 anni in su e poi i Paesi hanno deciso di usarlo a seconda delle evidenze scientifiche che nel tempo sono cambiate. \u00c8 la comunit\u00e0 scientifica che ci guida. Se un vaccino \u00e8 raccomandabile sopra o sotto i 60 anni, non \u00e8 mica una scelta politica di un ministro, di un presidente del Consiglio o di una Regione, ma di chi ci ha guidato nel campo dei vaccini: le agenzie regolatorie, il Cts e gli esperti che si sono sempre occupati di questa materia&#8221;. Cos\u00ec\u00a0il ministro della Salute, Roberto Speranza, rispondendo alle domande del direttore de La Stampa, Massimo Giannini.<\/p>\n<p>Notizie correlate: <a href=\"https:\/\/www.ema.europa.eu\/en\/documents\/dhpc\/direct-healthcare-professional-communication-dhpc-vaxzevria\/covid-19-vaccine-astrazeneca-risk-thrombosis-combination-thrombocytopenia-updated-information_en.pdf\" target=\"_blank\" rel=\"noopener\">VAXZEVRIA\/COVID-19 Vaccine AstraZeneca: Risk of thrombosis in combination with thrombocytopenia \u2013 Updated information<\/a><\/p>\n<p><a href=\"https:\/\/www.lastampa.it\/topnews\/primo-piano\/2021\/06\/13\/news\/cavaleri-meglio-vietare-astrazeneca-a-tutti-giusto-dare-j-j-solo-agli-anziani-1.40383528\" target=\"_blank\" rel=\"noopener\">Cavaleri (Ema): \u201cLa scelta sull\u2019uso di AstraZeneca la lasciamo ai singoli Stati\u201d<\/a><\/p>\n<p><a href=\"https:\/\/www.iltempo.it\/attualita\/2021\/06\/13\/news\/vaccino-astrazeneca-ema-vietare-tutti-marco-cavaleri-over-60-covid-pandemia-mrna-cosa-succede-27574382\/\" target=\"_blank\" rel=\"noopener\">Vaccino, continuano deliri e giravolte dell&#8217;Ema: meglio vietare AstraZeneca a tutti<\/a><\/p>\n<p class=\"portlet-title-news\"><a href=\"https:\/\/www.aifa.gov.it\/documents\/20142\/1289678\/Comunicato_AIFA_651.pdf\" target=\"_blank\" rel=\"noopener\">AIFA approva la vaccinazione mista per i soggetti under 60 che abbiano ricevuto una prima dose di Vaxzevria<\/a><\/p>\n<p><a class=\"u-color-black\" href=\"https:\/\/www.aifa.gov.it\/documents\/20142\/1289678\/parere_schedula_vaccinale_mista_13.06.2021.pdf\" target=\"_blank\" rel=\"noopener\">AIFA. Parere sulle modalit\u00e0 di utilizzo della schedula vaccinale mista in soggetti al di sotto dei 60 anni di et\u00e0 che hanno ricevuto una prima dose di vaccino Vaxzevria [0.55 Mb] &gt;<\/a><\/p>\n<p>&nbsp;<\/p>\n<p>&nbsp;<\/p>\n","protected":false},"excerpt":{"rendered":"<p>AstraZeneca, Ema: &#8220;Vaccino resta per tutti, i benefici superano i rischi&#8221; Corriere dell&#8217;Umbria &#8211; 14 giugno 2021 Vaccino AstraZeneca, l&#8217;Ema conferma che &#8220;i benefici\u00a0superano i rischi&#8221; e che il siero \u00e8 valido per tutte le et\u00e0. L&#8217;agenzia europea del farmaco \u00e8 intervenuta dopo le polemiche divampate in tutta Europa sull&#8217;opportunit\u00e0 di somministrare o meno il &hellip;<\/p>","protected":false},"author":4,"featured_media":55019,"comment_status":"closed","ping_status":"closed","sticky":false,"template":"","format":"standard","meta":{"footnotes":""},"categories":[1],"tags":[39],"class_list":["post-58842","post","type-post","status-publish","format-standard","has-post-thumbnail","hentry","category-notizie","tag-vaccini"],"amp_enabled":true,"_links":{"self":[{"href":"https:\/\/www.fedaiisf.it\/en\/wp-json\/wp\/v2\/posts\/58842","targetHints":{"allow":["GET"]}}],"collection":[{"href":"https:\/\/www.fedaiisf.it\/en\/wp-json\/wp\/v2\/posts"}],"about":[{"href":"https:\/\/www.fedaiisf.it\/en\/wp-json\/wp\/v2\/types\/post"}],"author":[{"embeddable":true,"href":"https:\/\/www.fedaiisf.it\/en\/wp-json\/wp\/v2\/users\/4"}],"replies":[{"embeddable":true,"href":"https:\/\/www.fedaiisf.it\/en\/wp-json\/wp\/v2\/comments?post=58842"}],"version-history":[{"count":0,"href":"https:\/\/www.fedaiisf.it\/en\/wp-json\/wp\/v2\/posts\/58842\/revisions"}],"wp:featuredmedia":[{"embeddable":true,"href":"https:\/\/www.fedaiisf.it\/en\/wp-json\/wp\/v2\/media\/55019"}],"wp:attachment":[{"href":"https:\/\/www.fedaiisf.it\/en\/wp-json\/wp\/v2\/media?parent=58842"}],"wp:term":[{"taxonomy":"category","embeddable":true,"href":"https:\/\/www.fedaiisf.it\/en\/wp-json\/wp\/v2\/categories?post=58842"},{"taxonomy":"post_tag","embeddable":true,"href":"https:\/\/www.fedaiisf.it\/en\/wp-json\/wp\/v2\/tags?post=58842"}],"curies":[{"name":"wp","href":"https:\/\/api.w.org\/{rel}","templated":true}]}}