{"id":59036,"date":"2021-06-23T17:36:26","date_gmt":"2021-06-23T15:36:26","guid":{"rendered":"https:\/\/www.fedaiisf.it\/?p=59036"},"modified":"2021-06-23T17:47:17","modified_gmt":"2021-06-23T15:47:17","slug":"noto-ci-ha-lasciato-carmelo-battiato-isf","status":"publish","type":"post","link":"https:\/\/www.fedaiisf.it\/en\/noto-ci-ha-lasciato-carmelo-battiato-isf\/","title":{"rendered":"Known (SR). Carmelo Battiato, ISF has left us"},"content":{"rendered":"<h1 class=\"entry-title\">Se ne \u00e8 andato Carmelo Battiato, pilastro del sociale. Don Novello: \u201csanti della porta accanto\u201d<\/h1>\n<p><a href=\"https:\/\/www.siracusaoggi.it\/se-ne-e-andato-carmelo-battiato-pilastro-del-sociale-don-novello-santi-della-porta-accanto\/\" target=\"_blank\" rel=\"noopener\">Siracusa Oggi &#8211; 23 giugno 2021<\/a> di Gianni Catania<\/p>\n<p><img loading=\"lazy\" decoding=\"async\" class=\"wp-image-34078 alignright\" src=\"https:\/\/www.fedaiisf.it\/wp-content\/uploads\/2017\/12\/lutto.jpg\" alt=\"\" width=\"178\" height=\"196\" srcset=\"https:\/\/www.fedaiisf.it\/wp-content\/uploads\/2017\/12\/lutto.jpg 468w, https:\/\/www.fedaiisf.it\/wp-content\/uploads\/2017\/12\/lutto-272x300.jpg 272w\" sizes=\"auto, (max-width: 178px) 100vw, 178px\" \/>Sono stati celebrati ieri, nella Cattedrale di Noto, i funerali di Carmelo Battiato. Una malattia che ha combattuto con dignit\u00e0 ha finito per avere il sopravvento. Cinquantuno anni, biologo ed informatore scientifico (Abiogen), era noto in tutta la Sicilia per il suo impegno sociale, in particolare con il Banco Farmaceutico di cui era infaticabile anima, e la Colletta Alimentare. \u201cOgni giorno che passa \u00e8 un giorno trovato per me e per la mia famiglia\u201d, raccontava agli amici pi\u00f9 stretti, nel tentativo di dare loro coraggio.<\/p>\n<p>Carmelo Battiato era nato a Catania ma la vita e l\u2019amore lo avevano poi condotto a Noto, in provincia di Siracusa. Da qui ha spinto la crescita del Banco Farmaceutico, l\u2019appuntamento annuale con la raccolta di medicinali da banco da destinare ad enti caritatevoli del territorio, a beneficio di quanti sono impossibilitati ad acquistare anche solo un\u2019aspirina. Una iniziativa che lo ha visto fianco a fianco con il presidente provinciale di Federfarma, Salvo Caruso, presente in Cattedrale a Noto, occhi gonfi e poche parole per l\u2019amico prematuramente scomparso.<\/p>\n<p>Amante della bici, Battiato ha partecipato \u2013 fino a quando ha potuto \u2013 a gare di mountain bike con l\u2019associazione sportiva Alveria Bike di Noto. Anche loro presenti per l\u2019ultimo saluto, in una Cattedrale riempita di silenzioso amore.<\/p>\n<p>\u201cCarmelo se ne \u00e8 andato. Troppo presto. A soli 51 anni \u00e8 sicuramente troppo presto, anche se \u00e8 riuscito a viverli in maniera straordinaria. Da biologo apprezzava la vita e la natura in tutte le sue diversit\u00e0 e lo dimostrava ogni giorno con solidariet\u00e0, rispetto e considerazione\u201d, ha scritto un collega, in uno struggente ricordo. \u201cIl banco alimentare come anche quello farmaceutico dovranno adesso fare a meno di un grande e solido pilastro; ma la tua eredit\u00e0 non verr\u00e0 persa. Il vuoto incolmabile che lasci nel cuore della tua amata Lisetta sar\u00e0 in parte riempito dai custodi del tuo esempio: Jacopo, Giuditta e Damiano\u201d. La moglie (\u201cil mio angelo\u201d) ed i figli.<\/p>\n<p>Don Maurizio Novello ha parlato di \u201csanti della porta accanto\u201d. Una espressione di Papa Francesco \u201cper condividere la bellezza straordinaria della vita di Carmelo Battiato: uomo di Dio vissuto in compagnia degli amici, in una bella storia di amore e di famiglia. Ha affidato totalmente la sua vita a Ges\u00f9, nonostante la malattia e la sofferenza prendevano il sopravvento. Ha giocato tutto sull\u2019amore e sull\u2019obbedienza a Cristo, trasfigurando ogni momento in grazia di Dio. Mettere il Signore al primo posto, anche prima della propria salute fisica, \u00e8 aderire in maniera incondizionata all\u2019evidenza della fede incarnata nella carne di Carmelo.<\/p>\n<p>Grazie per la tua amicizia e per essere segno di una primavera di grazia per tutti noi. Abbiamo bisogno di testimoni credibili come te che ci fanno vedere come Ges\u00f9 attrae in maniera evidente e suscita il fascino di seguirlo con gioia. Custodisci la tua famiglia e gli amici nel cuore di Dio, dove a braccia aperte ti accoglie da figlio\u201d.<\/p>\n<p>&nbsp;<\/p>","protected":false},"excerpt":{"rendered":"<p>Se ne \u00e8 andato Carmelo Battiato, pilastro del sociale. Don Novello: \u201csanti della porta accanto\u201d Siracusa Oggi &#8211; 23 giugno 2021 di Gianni Catania Sono stati celebrati ieri, nella Cattedrale di Noto, i funerali di Carmelo Battiato. Una malattia che ha combattuto con dignit\u00e0 ha finito per avere il sopravvento. Cinquantuno anni, biologo ed informatore &hellip;<\/p>","protected":false},"author":4,"featured_media":59038,"comment_status":"closed","ping_status":"closed","sticky":false,"template":"","format":"standard","meta":{"footnotes":""},"categories":[14],"tags":[21],"class_list":["post-59036","post","type-post","status-publish","format-standard","has-post-thumbnail","hentry","category-news-fedaiisf","tag-informatori-scientifici"],"amp_enabled":true,"_links":{"self":[{"href":"https:\/\/www.fedaiisf.it\/en\/wp-json\/wp\/v2\/posts\/59036","targetHints":{"allow":["GET"]}}],"collection":[{"href":"https:\/\/www.fedaiisf.it\/en\/wp-json\/wp\/v2\/posts"}],"about":[{"href":"https:\/\/www.fedaiisf.it\/en\/wp-json\/wp\/v2\/types\/post"}],"author":[{"embeddable":true,"href":"https:\/\/www.fedaiisf.it\/en\/wp-json\/wp\/v2\/users\/4"}],"replies":[{"embeddable":true,"href":"https:\/\/www.fedaiisf.it\/en\/wp-json\/wp\/v2\/comments?post=59036"}],"version-history":[{"count":0,"href":"https:\/\/www.fedaiisf.it\/en\/wp-json\/wp\/v2\/posts\/59036\/revisions"}],"wp:featuredmedia":[{"embeddable":true,"href":"https:\/\/www.fedaiisf.it\/en\/wp-json\/wp\/v2\/media\/59038"}],"wp:attachment":[{"href":"https:\/\/www.fedaiisf.it\/en\/wp-json\/wp\/v2\/media?parent=59036"}],"wp:term":[{"taxonomy":"category","embeddable":true,"href":"https:\/\/www.fedaiisf.it\/en\/wp-json\/wp\/v2\/categories?post=59036"},{"taxonomy":"post_tag","embeddable":true,"href":"https:\/\/www.fedaiisf.it\/en\/wp-json\/wp\/v2\/tags?post=59036"}],"curies":[{"name":"wp","href":"https:\/\/api.w.org\/{rel}","templated":true}]}}