{"id":59215,"date":"2021-07-07T09:56:21","date_gmt":"2021-07-07T07:56:21","guid":{"rendered":"https:\/\/www.fedaiisf.it\/?p=59215"},"modified":"2021-07-10T09:12:02","modified_gmt":"2021-07-10T07:12:02","slug":"foggia-ospedali-riuniti-a-giorni-ripristinate-tutte-le-attivita-di-volontariato-solo-per-volontari-operatori-o-informatori-scientifici","status":"publish","type":"post","link":"https:\/\/www.fedaiisf.it\/en\/foggia-ospedali-riuniti-a-giorni-ripristinate-tutte-le-attivita-di-volontariato-solo-per-volontari-operatori-o-informatori-scientifici\/","title":{"rendered":"Foggia. Ospedali Riuniti: all voluntary activities &quot;Only for volunteers, operators or scientific representatives&quot; will be restored within days"},"content":{"rendered":"<p><img loading=\"lazy\" decoding=\"async\" class=\"size-full wp-image-59216 alignright\" src=\"https:\/\/www.fedaiisf.it\/wp-content\/uploads\/2021\/07\/Foto-direttore-generale-dattoli-Foggia.png\" alt=\"\" width=\"283\" height=\"216\" \/>A parlare \u00e8 il direttore generale del \u2018Riuniti\u2019, Vitangelo Dattoli, che a <em>FoggiaToday<\/em> illustra l\u2019ennesima riorganizzazione della struttura ospedaliera, per fronteggiare la prevista ondata di \u2018Variante Delta\u2019.<\/p>\n<p><em>Non si tratta pi\u00f9 di interi reparti dedicati, ma di aree contenute e ben circostanziate, con percorso dedicato, che non interferiranno con l\u2019attivit\u00e0 ospedaliera di base\u201d,<\/em>spiega.<\/p>\n<p>Il dg del Policlinico foggiano, Vitangelo Dattoli:\u00a0<em>\u201cCi stiamo preparando alla normalit\u00e0, perch\u00e9 questa organizzazione verr\u00e0 mantenuta per tutta la fase che, ci auguriamo, sar\u00e0 sempre meno impattante per il sistema ospedaliero\u201d<\/em>.<\/p>\n<p>Restano invariate le procedure di emergenza, si allentano di poco i protocolli (come da direttiva regionale) e a giorni verranno ripristinate tutte le attivit\u00e0 di volontariato, sostegno e tirocini che erano state bloccate dalla pandemia. <em>\u201c<strong>Solo per volontari, operatori o informatori scientifici\u00a0che potranno certificare l\u2019avvenuta vaccinazione<\/strong>\u201d<\/em>, spiega il dg che nel frattempo si prepara per accogliere, nelle prossime ore, una delegazione di Fratelli d\u2019Italia per rispondere ai dubbi sollevati sul Deu, il Dipartimento di Emergenza Urgenza.<\/p>\n<p>Full article on <a href=\"https:\/\/www.foggiatoday.it\/salute\/deu-foggia-intervista-dattoli-d-avanzo-ospedale-irccs.html\" target=\"_blank\" rel=\"noopener\">Foggia Today &#8211; 7 luglio 2021<\/a><\/p>\n<p>&nbsp;<\/p>","protected":false},"excerpt":{"rendered":"<p>A parlare \u00e8 il direttore generale del \u2018Riuniti\u2019, Vitangelo Dattoli, che a FoggiaToday illustra l\u2019ennesima riorganizzazione della struttura ospedaliera, per fronteggiare la prevista ondata di \u2018Variante Delta\u2019. Non si tratta pi\u00f9 di interi reparti dedicati, ma di aree contenute e ben circostanziate, con percorso dedicato, che non interferiranno con l\u2019attivit\u00e0 ospedaliera di base\u201d,spiega. Il dg &hellip;<\/p>","protected":false},"author":4,"featured_media":59218,"comment_status":"closed","ping_status":"closed","sticky":false,"template":"","format":"standard","meta":{"footnotes":""},"categories":[14],"tags":[21],"class_list":["post-59215","post","type-post","status-publish","format-standard","has-post-thumbnail","hentry","category-news-fedaiisf","tag-informatori-scientifici"],"amp_enabled":true,"_links":{"self":[{"href":"https:\/\/www.fedaiisf.it\/en\/wp-json\/wp\/v2\/posts\/59215","targetHints":{"allow":["GET"]}}],"collection":[{"href":"https:\/\/www.fedaiisf.it\/en\/wp-json\/wp\/v2\/posts"}],"about":[{"href":"https:\/\/www.fedaiisf.it\/en\/wp-json\/wp\/v2\/types\/post"}],"author":[{"embeddable":true,"href":"https:\/\/www.fedaiisf.it\/en\/wp-json\/wp\/v2\/users\/4"}],"replies":[{"embeddable":true,"href":"https:\/\/www.fedaiisf.it\/en\/wp-json\/wp\/v2\/comments?post=59215"}],"version-history":[{"count":0,"href":"https:\/\/www.fedaiisf.it\/en\/wp-json\/wp\/v2\/posts\/59215\/revisions"}],"wp:featuredmedia":[{"embeddable":true,"href":"https:\/\/www.fedaiisf.it\/en\/wp-json\/wp\/v2\/media\/59218"}],"wp:attachment":[{"href":"https:\/\/www.fedaiisf.it\/en\/wp-json\/wp\/v2\/media?parent=59215"}],"wp:term":[{"taxonomy":"category","embeddable":true,"href":"https:\/\/www.fedaiisf.it\/en\/wp-json\/wp\/v2\/categories?post=59215"},{"taxonomy":"post_tag","embeddable":true,"href":"https:\/\/www.fedaiisf.it\/en\/wp-json\/wp\/v2\/tags?post=59215"}],"curies":[{"name":"wp","href":"https:\/\/api.w.org\/{rel}","templated":true}]}}