{"id":5937,"date":"2014-12-02T12:40:39","date_gmt":"2014-12-02T11:40:39","guid":{"rendered":"http:\/\/www.fedaiisf.it\/?p=5937"},"modified":"2014-12-03T09:31:39","modified_gmt":"2014-12-03T08:31:39","slug":"vaccini-fluad-agrippal-furono-gia-ritirati-nel-2012","status":"publish","type":"post","link":"https:\/\/www.fedaiisf.it\/en\/vaccini-fluad-agrippal-furono-gia-ritirati-nel-2012\/","title":{"rendered":"Vaccines: Fluad and Agrippal were already withdrawn in 2012"},"content":{"rendered":"<p>Contenevano\u00a0\u00abelevati aggregati di proteine\u00bb. Cos\u00ec Novartis chiese di bloccarli. Tornarono sul mercato due settimane dopo. Ma il ministero non comunic\u00f2 nulla.<\/p>\n<p><a href=\"http:\/\/www.lettera43.it\/esclusive\/vaccini-fluad-e-agrippal-furono-gia-ritirati-nel-2012_43675149574.htm\" target=\"_blank\" rel=\"noopener\">di\u00a0Marco Mostallino\u00a0.\u00a001 Dicembre 2014 Lettera43<\/a><\/p>\n<p><img loading=\"lazy\" decoding=\"async\" class=\"alignright\" alt=\"\" src=\"https:\/\/encrypted-tbn2.gstatic.com\/images?q=tbn:ANd9GcSEMjTEHI5Y8y9PTQ6WIIYf31Um4k2Y_IhOBCbE9XWblO-zq4qwXg\" width=\"240\" height=\"176\" \/>Il grave rischio di &#8216;effetti collaterali&#8217; dei\u00a0<a href=\"http:\/\/www.lettera43.it\/psicosi-vaccini_t\" target=\"_blank\" rel=\"noopener\">vaccini anti-influenzali<\/a>\u00a0di Novartis \u00e8 conosciuto dal Sistema Sanitario italiano da almeno due anni.<br \/>\nNel 2012, il governo aveva gi\u00e0 sospeso (per poi autorizzarla di nuovo) la vendita e la distribuzione di\u00a0<a href=\"http:\/\/www.lettera43.it\/cronaca\/influenza-tre-morti-sospette-l-aifa-blocca-il-vaccino_43675149233.htm\" target=\"_blank\" rel=\"noopener\">Fluad<\/a>\u00a0And\u00a0<a href=\"http:\/\/www.lettera43.it\/cronaca\/influenza-sospetti-su-un-nuovo-vaccino_43675149481.htm\" target=\"_blank\" rel=\"noopener\">Agrippal<\/a>, ovvero gli stessi farmaci sotto inchiesta per il sospetto di aver provocato la morte di almeno 19 persone in Italia.<br \/>\nNell&#8217;ottobre 2012 fu la Novartis stessa a comunicare all&#8217;Agenzia del farmaco italiana (Aifa) di avere ritirato dal commercio alcuni lotti di Fluad, Agrippal e di un terzo prodotto (Influpozzi) e a chiedere alle autorit\u00e0 del nostro Paese di fare altrettanto.<br \/>\n<strong>LO STABILIMENTO SENESE NEL MIRINO.<\/strong>\u00a0Come accaduto anche quest&#8217;anno, i vaccini sospetti erano prodotti dallo stabilimento di Siena della multinazionale farmaceutica. Novartis, in quell&#8217;occasione, inform\u00f2 l&#8217;Italia di aver riscontrato nei lotti di quei vaccini \u00abelevati aggregati di proteine\u00bb\u00a0e di aver di conseguenza provveduto al blocco della commercializzazione per il pericolo di \u00abeffetti collaterali\u00bb.<br \/>\nLa compagnia aggiunse che a suo avviso non esistevano rischi per la salute, ma le autorit\u00e0 di controllo italiane decisero comunque di avviare una serie di test ulteriori per accertare \u00abla qualit\u00e0 e la sicurezza\u00bb\u00a0di circa mezzo milione di dosi di vaccini della Novartis.<br \/>\n<strong>460 MILA DOSI INTERESSATE.<\/strong>\u00a0In seguito allo stop italiano, anche altri Paesi tra cui Canada, Spagna, Germania, Singapore, bloccarono la circolazione dei tre farmaci.<br \/>\nL&#8217;allora ministro della Salute italiano, Renato Balduzzi, conferm\u00f2 la cifra fornita in un primo tempo dall&#8217;Aifa e parl\u00f2 di 460 mila dosi interessate dal provvedimento, su un totale di circa 10, 12 milioni di vaccini anti-influenzali (di diverse marche) utilizzati ogni anno nel nostro Paese.<br \/>\n<img loading=\"lazy\" decoding=\"async\" class=\"alignleft\" alt=\"\" src=\"http:\/\/truedemocracyparty.net\/wp-content\/uploads\/novartis-banned-vaccine-295x300-1.jpg\" width=\"177\" height=\"180\" \/><strong>ANCHE LA SVIZZERA FERMA IL VACCINO.\u00a0<\/strong>Persino la Svizzera, cuore mondiale di Big Pharma, lanci\u00f2 l&#8217;allarme contro i possibili rischi di Fluad e Agrippal. Swissmedic, l&#8217;Autorit\u00e0 di sorveglianza sui farmaci, comunic\u00f2 a fine ottobre 2012 che almeno 160 mila dosi di vaccino Novartis presenti sul territorio elvetico dovevano essere bloccate e sottoposte a nuovi controlli di sicurezza:<br \/>\n\u00abData l&#8217;attuale situazione di incertezza\u00bb,\u00a0spiegava la nota dell&#8217;autorit\u00e0, \u00abSwissmedic\u00a0ha emanato un divieto di distribuzione per i citati vaccini e raccomanda di non utilizzarli fino a ulteriore comunicazione\u00bb.<br \/>\n<strong>DUE SETTIMANE DOPO RIPRESE LA DISTRIBUZIONE.<\/strong>\u00a0Due settimane dopo lo stop, l&#8217;8 novembre 2012, Novartis comunic\u00f2 che l&#8217;Italia, e a ruota gli altri Stati, avevano revocato il blocco della distribuzione dei tre preparati.<br \/>\nStranamente, fu soltanto la casa farmaceutica a dare la notizia della reimmissione nel sistema sanitario italiano di Fluad e Agrippal.<br \/>\nN\u00e9 il ministero della Salute n\u00e9 l&#8217;Agenzia del farmaco diedero annuncio della ripresa della distribuzione: semplicemente, i pazienti italiani ricominciarono a vedersi iniettare dai medici i farmaci fino a quel momento interdetti.<\/p>\n<p>Related news: <a href=\"http:\/\/www.fedaiisf.it\/en\/gabbia-dorata-dove-si-produce-vaccino-fluad\/\" target=\"_blank\">The golden cage where the Fluad vaccine is produced. The dismissal of the ISF in 2010. The H1N1. The previous one from 2012<\/a><\/p>\n<p><a href=\"http:\/\/www.wakeupnews.eu\/caso-avastin-lucentis-dicembre-la-sentenza-del-tar\/\" target=\"_blank\" rel=\"noopener\">Caso Avastin-Lucentis, a dicembre la sentenza del Tar<\/a><\/p>","protected":false},"excerpt":{"rendered":"<p>Contenevano\u00a0\u00abelevati aggregati di proteine\u00bb. Cos\u00ec Novartis chiese di bloccarli. Tornarono sul mercato due settimane dopo. Ma il ministero non comunic\u00f2 nulla. di\u00a0Marco Mostallino\u00a0.\u00a001 Dicembre 2014 Lettera43 Il grave rischio di &#8216;effetti collaterali&#8217; dei\u00a0vaccini anti-influenzali\u00a0di Novartis \u00e8 conosciuto dal Sistema Sanitario italiano da almeno due anni. Nel 2012, il governo aveva gi\u00e0 sospeso (per poi autorizzarla &hellip;<\/p>","protected":false},"author":4,"featured_media":2948,"comment_status":"closed","ping_status":"closed","sticky":false,"template":"","format":"standard","meta":{"footnotes":""},"categories":[1],"tags":[39],"class_list":["post-5937","post","type-post","status-publish","format-standard","has-post-thumbnail","hentry","category-notizie","tag-vaccini"],"amp_enabled":true,"_links":{"self":[{"href":"https:\/\/www.fedaiisf.it\/en\/wp-json\/wp\/v2\/posts\/5937","targetHints":{"allow":["GET"]}}],"collection":[{"href":"https:\/\/www.fedaiisf.it\/en\/wp-json\/wp\/v2\/posts"}],"about":[{"href":"https:\/\/www.fedaiisf.it\/en\/wp-json\/wp\/v2\/types\/post"}],"author":[{"embeddable":true,"href":"https:\/\/www.fedaiisf.it\/en\/wp-json\/wp\/v2\/users\/4"}],"replies":[{"embeddable":true,"href":"https:\/\/www.fedaiisf.it\/en\/wp-json\/wp\/v2\/comments?post=5937"}],"version-history":[{"count":0,"href":"https:\/\/www.fedaiisf.it\/en\/wp-json\/wp\/v2\/posts\/5937\/revisions"}],"wp:featuredmedia":[{"embeddable":true,"href":"https:\/\/www.fedaiisf.it\/en\/wp-json\/wp\/v2\/media\/2948"}],"wp:attachment":[{"href":"https:\/\/www.fedaiisf.it\/en\/wp-json\/wp\/v2\/media?parent=5937"}],"wp:term":[{"taxonomy":"category","embeddable":true,"href":"https:\/\/www.fedaiisf.it\/en\/wp-json\/wp\/v2\/categories?post=5937"},{"taxonomy":"post_tag","embeddable":true,"href":"https:\/\/www.fedaiisf.it\/en\/wp-json\/wp\/v2\/tags?post=5937"}],"curies":[{"name":"wp","href":"https:\/\/api.w.org\/{rel}","templated":true}]}}