{"id":59383,"date":"2021-07-15T11:20:21","date_gmt":"2021-07-15T09:20:21","guid":{"rendered":"https:\/\/www.fedaiisf.it\/?p=59383"},"modified":"2021-07-16T09:47:10","modified_gmt":"2021-07-16T07:47:10","slug":"fedaiisf-reggio-calabria-triangolare-di-calcio-in-memoria-del-compianto-collega-seby-trapani","status":"publish","type":"post","link":"https:\/\/www.fedaiisf.it\/en\/fedaiisf-reggio-calabria-triangolare-di-calcio-in-memoria-del-compianto-collega-seby-trapani\/","title":{"rendered":"Fedaiisf Reggio Calabria. Triangular football in memory of the late colleague Seby Trapani"},"content":{"rendered":"<p><img loading=\"lazy\" decoding=\"async\" class=\"size-full wp-image-59385 alignright\" src=\"https:\/\/www.fedaiisf.it\/wp-content\/uploads\/2021\/07\/mappa-centro-sportivo-pinetina-Reggio-Calabria.png\" alt=\"\" width=\"370\" height=\"175\" srcset=\"https:\/\/www.fedaiisf.it\/wp-content\/uploads\/2021\/07\/mappa-centro-sportivo-pinetina-Reggio-Calabria.png 370w, https:\/\/www.fedaiisf.it\/wp-content\/uploads\/2021\/07\/mappa-centro-sportivo-pinetina-Reggio-Calabria-300x142.png 300w\" sizes=\"auto, (max-width: 370px) 100vw, 370px\" \/><span style=\"text-decoration: underline;\"><strong>Friday 23 July 2021, at 8.30 pm, at the &quot;Pinetina&quot; in Ravagnese<\/strong><\/span>, epic stage of sweat, effort, emotions of amateur football in Reggio, triangular football Fedaiisf RC, Doctors and Pharmacists in the &quot;Memorial Seby Trapani - In the field for life&quot;<\/p>\n<p>It will not be a &quot;normal&quot; football match. It won&#039;t be the umpteenth opportunity to search for the strongest team, among some professional categories. No competition &quot;at all costs&quot;.<\/p>\n<p>That Friday will be a tool for sharing, aggregation, participation, understanding, dissemination. A collective space in which important themes such as solidarity, closeness to those who suffer, Friendship, common feeling, memory, will constitute the trait d&#039;union between many different people, but made equal by human sensitivity and daily professional activity.<\/p>\n<p>The Pharmaceutical Representatives of Reggio Calabria and Province, under the aegis, welcome and invaluable of FEDAIISF (Federation of Associations of Pharmaceutical Representatives), &quot;Seby Trapani&quot; Section of Reggio Calabria, are following a very specific social and human path , which sees them engaged on several fronts, VOLUNTARILY, in favor of our Community.<\/p>\n<p><img loading=\"lazy\" decoding=\"async\" class=\"wp-image-58457 alignleft\" src=\"https:\/\/www.fedaiisf.it\/wp-content\/uploads\/2021\/05\/Fedaiisf-Sez.-AIISF-Reggio-Calabria-logo-1024x715.jpg\" alt=\"\" width=\"332\" height=\"232\" srcset=\"https:\/\/www.fedaiisf.it\/wp-content\/uploads\/2021\/05\/Fedaiisf-Sez.-AIISF-Reggio-Calabria-logo-1024x715.jpg 1024w, https:\/\/www.fedaiisf.it\/wp-content\/uploads\/2021\/05\/Fedaiisf-Sez.-AIISF-Reggio-Calabria-logo-300x209.jpg 300w, https:\/\/www.fedaiisf.it\/wp-content\/uploads\/2021\/05\/Fedaiisf-Sez.-AIISF-Reggio-Calabria-logo-768x536.jpg 768w, https:\/\/www.fedaiisf.it\/wp-content\/uploads\/2021\/05\/Fedaiisf-Sez.-AIISF-Reggio-Calabria-logo.jpg 1433w\" sizes=\"auto, (max-width: 332px) 100vw, 332px\" \/>They are present in various public, hospital and territorial structures, to donate support to the ongoing vaccination campaign, for the contrast to SarsCov2, on Saturdays and Sundays. They have also undertaken a campaign to support the meaning of organ donation, recently organizing an important public debate on the subject at the Lungomare Falcomat\u00e0.<\/p>\n<p>And these important initiatives will see on Friday 23 July next, with the football match between the representatives of Reggini&#039;s Doctors, Pharmacists and Scientific Representatives, an important confirmation of their significance.<\/p>\n<p>There will be Dr. Pellegrino Mancini, Head of the Regional Transplant Center and Mrs. Loredana Trapani, widow of the late colleague Dr. Seby Trapani, who passed away early, but who, through his family, was an icon of goodness and availability, thanks to the organ donation.<\/p>\n<p>For all these reasons, we are pleased to invite citizens to participate in this extraordinary sporting and social event that will be held at the &quot;Pinetina&quot;. We are waiting for you, to realize a dream of cohesion, union, civilization and progress<\/p>\n<p>UM<\/p>\n<p>&nbsp;<\/p>","protected":false},"excerpt":{"rendered":"<p>Venerdi 23 Luglio 2021, alle 20.30, alla &#8220;Pinetina&#8221; di Ravagnese, epico palcoscenico di sudore, fatica, emozioni del calcio dilettantistico reggino, triangolare di calcio Fedaiisf RC, Medici e Farmacisti nel &#8220;Memorial Seby Trapani &#8211; In campo per la vita&#8221; Non sar\u00e0 una &#8220;normale&#8221; partita di calcio. Non sar\u00e0 l&#8217;ennesima occasione di ricerca della compagine pi\u00f9 forte, &hellip;<\/p>","protected":false},"author":4,"featured_media":59387,"comment_status":"closed","ping_status":"closed","sticky":false,"template":"","format":"standard","meta":{"footnotes":""},"categories":[1],"tags":[],"class_list":["post-59383","post","type-post","status-publish","format-standard","has-post-thumbnail","hentry","category-notizie"],"amp_enabled":true,"_links":{"self":[{"href":"https:\/\/www.fedaiisf.it\/en\/wp-json\/wp\/v2\/posts\/59383","targetHints":{"allow":["GET"]}}],"collection":[{"href":"https:\/\/www.fedaiisf.it\/en\/wp-json\/wp\/v2\/posts"}],"about":[{"href":"https:\/\/www.fedaiisf.it\/en\/wp-json\/wp\/v2\/types\/post"}],"author":[{"embeddable":true,"href":"https:\/\/www.fedaiisf.it\/en\/wp-json\/wp\/v2\/users\/4"}],"replies":[{"embeddable":true,"href":"https:\/\/www.fedaiisf.it\/en\/wp-json\/wp\/v2\/comments?post=59383"}],"version-history":[{"count":0,"href":"https:\/\/www.fedaiisf.it\/en\/wp-json\/wp\/v2\/posts\/59383\/revisions"}],"wp:featuredmedia":[{"embeddable":true,"href":"https:\/\/www.fedaiisf.it\/en\/wp-json\/wp\/v2\/media\/59387"}],"wp:attachment":[{"href":"https:\/\/www.fedaiisf.it\/en\/wp-json\/wp\/v2\/media?parent=59383"}],"wp:term":[{"taxonomy":"category","embeddable":true,"href":"https:\/\/www.fedaiisf.it\/en\/wp-json\/wp\/v2\/categories?post=59383"},{"taxonomy":"post_tag","embeddable":true,"href":"https:\/\/www.fedaiisf.it\/en\/wp-json\/wp\/v2\/tags?post=59383"}],"curies":[{"name":"wp","href":"https:\/\/api.w.org\/{rel}","templated":true}]}}