{"id":59420,"date":"2021-07-19T11:08:19","date_gmt":"2021-07-19T09:08:19","guid":{"rendered":"https:\/\/www.fedaiisf.it\/?p=59420"},"modified":"2021-07-19T11:08:19","modified_gmt":"2021-07-19T09:08:19","slug":"corte-di-giustizia-europea-codice-dei-medicinali-in-italia-d-lgs-219-06-e-diritti-degli-stati","status":"publish","type":"post","link":"https:\/\/www.fedaiisf.it\/en\/corte-di-giustizia-europea-codice-dei-medicinali-in-italia-d-lgs-219-06-e-diritti-degli-stati\/","title":{"rendered":"European Court of Justice. Medicines Code (in Italy Legislative Decree 219\/06) and the laws of the States"},"content":{"rendered":"<h1>&#8221;Direttiva medicinali&#8221; e diritto degli Stati membri: la decisione della Corte di Giustizia<\/h1>\n<p class=\"sottotitolo\"><img loading=\"lazy\" decoding=\"async\" class=\"wp-image-58631 alignright\" src=\"https:\/\/www.fedaiisf.it\/wp-content\/uploads\/2021\/05\/tribunale-corte_di_giustizia_ue_2028654a20jpg1.jpg\" alt=\"\" width=\"324\" height=\"216\" srcset=\"https:\/\/www.fedaiisf.it\/wp-content\/uploads\/2021\/05\/tribunale-corte_di_giustizia_ue_2028654a20jpg1.jpg 1000w, https:\/\/www.fedaiisf.it\/wp-content\/uploads\/2021\/05\/tribunale-corte_di_giustizia_ue_2028654a20jpg1-300x200.jpg 300w, https:\/\/www.fedaiisf.it\/wp-content\/uploads\/2021\/05\/tribunale-corte_di_giustizia_ue_2028654a20jpg1-768x512.jpg 768w\" sizes=\"auto, (max-width: 324px) 100vw, 324px\" \/>La Corte UE conferma l\u2019interpretazione rigorosa della direttiva 2001\/83, facendo salvo il recepimento dei casi di deroga ivi contemplati ad opera del diritto interno.<\/p>\n<p><a href=\"https:\/\/www.altalex.com\/documents\/news\/2021\/07\/19\/direttiva-medicinali-e-diritto-degli-stati-membri-la-decisione-della-corte-di-giustizia\" target=\"_blank\" rel=\"noopener\">Altalex &#8211; 19 luglio 2021<\/a><\/p>\n<p>Nuova pronuncia in via pregiudiziale della Corte di Giustizia dell\u2019Unione Europea, stavolta sul contenuto della <a href=\"https:\/\/eur-lex.europa.eu\/legal-content\/IT\/TXT\/HTML\/?uri=CELEX:02001L0083-20190726&amp;from=EN\" target=\"_blank\" rel=\"noopener\"><strong>direttiva 2001\/83<\/strong><\/a> (<em>c.d. \u201cdirettiva medicinali\u201d attuato in Italia con il\u00a0<a href=\"https:\/\/www.camera.it\/parlam\/leggi\/deleghe\/06219dl.htm\" target=\"_blank\" rel=\"noopener\">Legislative Decree 24 April 2006, n. 219<\/a>\u00a0relativa ad un codice comunitario concernente i medicinali per uso umano<\/em>).<\/p>\n<p>Con la sentenza in commento i giudici di Strasburgo chiariscono che un medicinale, fornito senza prescrizione medica in uno Stato membro, pu\u00f2 essere considerato tale anche in un altro Stato UE solo se in quest\u2019ultimo ne \u00e8 stata autorizzata l\u2019immissione in commercio e non \u00e8 stato classificato diversamente (<strong>testo in calce<\/strong>).<\/p>\n<p>Aggiungono tuttavia che la normativa interna dei singoli Stati membri pu\u00f2 recepire la deroga contenuta all\u2019art. 5, paragrafo 1 della direttiva e dunque autorizzare la fornitura del medicinale nello Stato anche in assenza di autorizzazione, purch\u00e8 ci\u00f2 avvenga nel rispetto del diritto UE ed in risposta ad esigenze speciali di natura medica<\/p>\n<p>La pronuncia trae origine dalla controversia sorta tra una societ\u00e0 farmaceutica ungherese, la Pharma Expressz, e l\u2019Istituto nazionale di farmacia e nutrizione (nel prosieguo \u201cl\u2019Istituto\u201d), cui \u00e8 demandata la vigilanza sulle attivit\u00e0 di commercializzazione dei medicinali in territorio ungherese.<\/p>\n<p>Nel 2019 l\u2019Istituto accertava la vendita in Ungheria, da parte di Pharma Expressz, di un medicinale non autorizzato secondo la normativa statale ma commercializzabile in altro Stato membro, dov\u2019era fornito senza prescrizione medica; pertanto ingiungeva alla societ\u00e0 di astenersi dal protrarne la commercializzazione.<\/p>\n<h2>Conclusions<\/h2>\n<p>Sulla scia delle considerazioni precedenti la Corte conclude che, salvo la richiamata deroga prevista all\u2019articolo 5, paragrafo 1, gli articoli da 70 a 73 della direttiva 2001\/83 devono interpretarsi in senso ostativo a che un medicinale fornito senza prescrizione medica in uno Stato membro sia considerato tale in altro Stato UE in cui non dispone di un\u2019AIC n\u00e9 \u00e8 stato classificato.<\/p>\n<p>Aggiunge infine che una misura nazionale di trasposizione del citato articolo 5, paragrafo 1, che per la fornitura di un medicinale privo di autorizzazione all\u2019immissione in commercio richiede la prescrizione medica e una dichiarazione dell\u2019autorit\u00e0 competente in materia di sanit\u00e0, non costituisce una restrizione quantitativa n\u00e9 una misura di effetto equivalente, ai sensi dell\u2019articolo 34\u00a0TFUE.<\/p>\n<p><a href=\"https:\/\/app.go.wolterskluwer.com\/e\/er?s=1364398973&amp;lid=184469&amp;elq=~~eloqua..type--emailfield..syntax--recipientid..encodeFor--url~~\" target=\"_blank\" rel=\"noopener\"><strong>CORTE DI GIUSTIZIA UE, SENTENZA 8 LUGLIO 2021 (C-178\/20)&gt;&gt; SCARICA IL PDF<\/strong><\/a><\/p>\n<p>Estratto. Articolo completo su <a href=\"https:\/\/www.altalex.com\/documents\/news\/2021\/07\/19\/direttiva-medicinali-e-diritto-degli-stati-membri-la-decisione-della-corte-di-giustizia\" target=\"_blank\" rel=\"noopener\">Altalex del 19 luglio 2021 a cura dell&#8217;Avv. Irene Marconi<\/a><\/p>\n<p>&nbsp;<\/p>","protected":false},"excerpt":{"rendered":"<p>&#8221;Direttiva medicinali&#8221; e diritto degli Stati membri: la decisione della Corte di Giustizia La Corte UE conferma l\u2019interpretazione rigorosa della direttiva 2001\/83, facendo salvo il recepimento dei casi di deroga ivi contemplati ad opera del diritto interno. Altalex &#8211; 19 luglio 2021 Nuova pronuncia in via pregiudiziale della Corte di Giustizia dell\u2019Unione Europea, stavolta sul &hellip;<\/p>","protected":false},"author":4,"featured_media":21383,"comment_status":"closed","ping_status":"closed","sticky":false,"template":"","format":"standard","meta":{"footnotes":""},"categories":[1],"tags":[41],"class_list":["post-59420","post","type-post","status-publish","format-standard","has-post-thumbnail","hentry","category-notizie","tag-leggisentenze"],"amp_enabled":true,"_links":{"self":[{"href":"https:\/\/www.fedaiisf.it\/en\/wp-json\/wp\/v2\/posts\/59420","targetHints":{"allow":["GET"]}}],"collection":[{"href":"https:\/\/www.fedaiisf.it\/en\/wp-json\/wp\/v2\/posts"}],"about":[{"href":"https:\/\/www.fedaiisf.it\/en\/wp-json\/wp\/v2\/types\/post"}],"author":[{"embeddable":true,"href":"https:\/\/www.fedaiisf.it\/en\/wp-json\/wp\/v2\/users\/4"}],"replies":[{"embeddable":true,"href":"https:\/\/www.fedaiisf.it\/en\/wp-json\/wp\/v2\/comments?post=59420"}],"version-history":[{"count":0,"href":"https:\/\/www.fedaiisf.it\/en\/wp-json\/wp\/v2\/posts\/59420\/revisions"}],"wp:featuredmedia":[{"embeddable":true,"href":"https:\/\/www.fedaiisf.it\/en\/wp-json\/wp\/v2\/media\/21383"}],"wp:attachment":[{"href":"https:\/\/www.fedaiisf.it\/en\/wp-json\/wp\/v2\/media?parent=59420"}],"wp:term":[{"taxonomy":"category","embeddable":true,"href":"https:\/\/www.fedaiisf.it\/en\/wp-json\/wp\/v2\/categories?post=59420"},{"taxonomy":"post_tag","embeddable":true,"href":"https:\/\/www.fedaiisf.it\/en\/wp-json\/wp\/v2\/tags?post=59420"}],"curies":[{"name":"wp","href":"https:\/\/api.w.org\/{rel}","templated":true}]}}