{"id":59592,"date":"2021-07-29T10:02:13","date_gmt":"2021-07-29T08:02:13","guid":{"rendered":"https:\/\/www.fedaiisf.it\/?p=59592"},"modified":"2021-07-30T10:03:20","modified_gmt":"2021-07-30T08:03:20","slug":"comunicato-dompe-farmaceutici-continuiamo-ad-assumere-e-investire-per-mantenere-eccellenza-e-competitivita","status":"publish","type":"post","link":"https:\/\/www.fedaiisf.it\/en\/comunicato-dompe-farmaceutici-continuiamo-ad-assumere-e-investire-per-mantenere-eccellenza-e-competitivita\/","title":{"rendered":"Press release. Domp\u00e9 farmaceutici: we continue to hire and invest to maintain excellence and competitiveness"},"content":{"rendered":"<p><em>We receive and publish<\/em><\/p>\n<hr \/>\n<p><img loading=\"lazy\" decoding=\"async\" class=\"alignnone size-full wp-image-59593\" src=\"https:\/\/www.fedaiisf.it\/wp-content\/uploads\/2021\/07\/Dompe-comunicato-titolo.png\" alt=\"\" width=\"884\" height=\"375\" srcset=\"https:\/\/www.fedaiisf.it\/wp-content\/uploads\/2021\/07\/Dompe-comunicato-titolo.png 884w, https:\/\/www.fedaiisf.it\/wp-content\/uploads\/2021\/07\/Dompe-comunicato-titolo-300x127.png 300w, https:\/\/www.fedaiisf.it\/wp-content\/uploads\/2021\/07\/Dompe-comunicato-titolo-768x326.png 768w\" sizes=\"auto, (max-width: 884px) 100vw, 884px\" \/><\/p>\n<p>La stampa abruzzese ha recentemente riportato espressioni di preoccupazione di alcune parti sociali ed esponenti della politica locale su presunte riduzioni di organico nello stabilimento di Domp\u00e9 farmaceutici a L\u2019Aquila. La circolazione di queste notizie, basate su informazioni parziali e incomplete, rischia di essere strumentalizzata e pregiudicare la serenit\u00e0 del luogo di lavoro di Domp\u00e9 farmaceutici che \u00e8 una delle aziende italiane di eccellenza nel campo delle Scienze della Vita.<\/p>\n<p>Domp\u00e9 farmaceutici \u00e8 un\u2019azienda competitiva a livello internazionale e con obiettivi focalizzati all\u2019innovazione e al portare soluzioni terapeutiche a malattie ancora senza cura. Durante l\u2019emergenza Covid, l\u2019azienda ha continuato a crescere grazie al mercato estero, mentre in Italia un il fatturato legato ai prodotti respiratori e tosse\u00a0 si \u00e8 contratto significativamente con una\u00a0 riduzione del 43% della produzione di sciroppi e gocce nello stabilimento de L\u2019Aquila.<\/p>\n<p>Considerando la fortissima contrazione dei volumi produttivi, nel 2021 l\u2019azienda ha perci\u00f2 scelto di proteggere i suoi dipendenti diretti a L\u2019Aquila, senza ricorrere alla cassa integrazione e rinunciando al rinnovo di alcuni contratti di staff leasing e di servizio esterno alla loro naturale scadenza.<\/p>\n<p>Allo stesso tempo l\u2019azienda ha continuato a investire in persone e ricerca per rafforzare le proprie competenze e la capacit\u00e0 di competere a livello internazionale. Solo in Italia nel 2020, Domp\u00e9 farmaceutici ha assunto 121 persone (60 a Milano, 55 a L\u2019Aquila\u00a0 &#8211; di cui 18 trasformati da staff leasing &#8211; e 6 a Napoli) di cui 90 a tempo indeterminato. Nello stesso periodo \u00e8 aumentato in modo rilevante il training della forza lavoro.<\/p>\n<p>Negli ultimi quattro anni l\u2019azienda ha raddoppiato il suo investimento in Ricerca e Sviluppo e nei prossimi tre punta a investire altri 300 Mln di euro, di cui il 70% in Italia.<\/p>\n<p>Nel 2020 Domp\u00e9 farmaceutici ha, inoltre, contribuito alle casse dell\u2019Erario oltre 66 Mln di euro di imposte dirette.<\/p>\n<p>Guido Romeo<\/p>\n<p><b><i><span lang=\"EN-US\">Head Corporate Communications &#8211; Director<\/span><\/i><\/b><\/p>\n<p>Domp\u00e9 farmaceutici- Via Santa Lucia, 6 &#8211; 20122 Milan, Italy<\/p>\n<hr \/>\n<p>&nbsp;<\/p>\n<p>Related news: <a href=\"https:\/\/www.fedaiisf.it\/en\/dompe-licenziamenti-in-corso\/\" target=\"_blank\" rel=\"noopener\">Domp\u00e8. Licenziamenti in corso. Comunicato sindacati.<\/a><\/p>\n<div class=\"BorlabsCookie _brlbs-cb-youtube\">\n<div class=\"_brlbs-content-blocker\">\n<div class=\"_brlbs-embed _brlbs-video-youtube\"> <img decoding=\"async\" class=\"_brlbs-thumbnail\" src=\"https:\/\/www.fedaiisf.it\/wp-content\/plugins\/borlabs-cookie\/assets\/images\/cb-no-thumbnail.png\" alt=\"YouTube\"> <\/p>\n<div class=\"_brlbs-caption\">\n<p>By uploading the video, you agree to YouTube&#039;s privacy policy.<br \/><a href=\"https:\/\/policies.google.com\/privacy?hl=en&amp;gl=en\" target=\"_blank\" rel=\"nofollow noopener noreferrer\">Find out more<\/a><\/p>\n<p><a class=\"_brlbs-btn _brlbs-icon-play-white\" href=\"#\" data-borlabs-cookie-unblock role=\"button\">Upload the video<\/a><\/p>\n<p><label><input type=\"checkbox\" name=\"unblockAll\" value=\"1\" checked> <small>Always unblock YouTube<\/small><\/label><\/p>\n<\/p><\/div><\/div><\/div>\n<div class=\"borlabs-hide\" data-borlabs-cookie-type=\"content-blocker\" data-borlabs-cookie-id=\"youtube\"><script type=\"text\/template\">PGlmcmFtZSB0aXRsZT0iTOKAmUFxdWlsYSAtIFRyYXR0YXRpdmUgaW4gY29yc28gYWxsYSBEb21ww6kiIHdpZHRoPSI1MDAiIGhlaWdodD0iMjgxIiBzcmM9Imh0dHBzOi8vd3d3LnlvdXR1YmUtbm9jb29raWUuY29tL2VtYmVkL3FaZEV6UU83dmVFP2ZlYXR1cmU9b2VtYmVkIiBmcmFtZWJvcmRlcj0iMCIgYWxsb3c9ImFjY2VsZXJvbWV0ZXI7IGF1dG9wbGF5OyBjbGlwYm9hcmQtd3JpdGU7IGVuY3J5cHRlZC1tZWRpYTsgZ3lyb3Njb3BlOyBwaWN0dXJlLWluLXBpY3R1cmU7IHdlYi1zaGFyZSIgcmVmZXJyZXJwb2xpY3k9InN0cmljdC1vcmlnaW4td2hlbi1jcm9zcy1vcmlnaW4iIGFsbG93ZnVsbHNjcmVlbj48L2lmcmFtZT4=<\/script><\/div>\n<\/div>","protected":false},"excerpt":{"rendered":"<p>Riceviamo e pubblichiamo La stampa abruzzese ha recentemente riportato espressioni di preoccupazione di alcune parti sociali ed esponenti della politica locale su presunte riduzioni di organico nello stabilimento di Domp\u00e9 farmaceutici a L\u2019Aquila. La circolazione di queste notizie, basate su informazioni parziali e incomplete, rischia di essere strumentalizzata e pregiudicare la serenit\u00e0 del luogo di &hellip;<\/p>","protected":false},"author":4,"featured_media":59595,"comment_status":"closed","ping_status":"closed","sticky":false,"template":"","format":"standard","meta":{"footnotes":""},"categories":[1],"tags":[27,44],"class_list":["post-59592","post","type-post","status-publish","format-standard","has-post-thumbnail","hentry","category-notizie","tag-licenziati","tag-sindacati"],"amp_enabled":true,"_links":{"self":[{"href":"https:\/\/www.fedaiisf.it\/en\/wp-json\/wp\/v2\/posts\/59592","targetHints":{"allow":["GET"]}}],"collection":[{"href":"https:\/\/www.fedaiisf.it\/en\/wp-json\/wp\/v2\/posts"}],"about":[{"href":"https:\/\/www.fedaiisf.it\/en\/wp-json\/wp\/v2\/types\/post"}],"author":[{"embeddable":true,"href":"https:\/\/www.fedaiisf.it\/en\/wp-json\/wp\/v2\/users\/4"}],"replies":[{"embeddable":true,"href":"https:\/\/www.fedaiisf.it\/en\/wp-json\/wp\/v2\/comments?post=59592"}],"version-history":[{"count":0,"href":"https:\/\/www.fedaiisf.it\/en\/wp-json\/wp\/v2\/posts\/59592\/revisions"}],"wp:featuredmedia":[{"embeddable":true,"href":"https:\/\/www.fedaiisf.it\/en\/wp-json\/wp\/v2\/media\/59595"}],"wp:attachment":[{"href":"https:\/\/www.fedaiisf.it\/en\/wp-json\/wp\/v2\/media?parent=59592"}],"wp:term":[{"taxonomy":"category","embeddable":true,"href":"https:\/\/www.fedaiisf.it\/en\/wp-json\/wp\/v2\/categories?post=59592"},{"taxonomy":"post_tag","embeddable":true,"href":"https:\/\/www.fedaiisf.it\/en\/wp-json\/wp\/v2\/tags?post=59592"}],"curies":[{"name":"wp","href":"https:\/\/api.w.org\/{rel}","templated":true}]}}