{"id":59618,"date":"2021-08-10T10:43:21","date_gmt":"2021-08-10T08:43:21","guid":{"rendered":"https:\/\/www.fedaiisf.it\/?p=59618"},"modified":"2021-08-10T10:44:42","modified_gmt":"2021-08-10T08:44:42","slug":"buone-vacanze-7","status":"publish","type":"post","link":"https:\/\/www.fedaiisf.it\/en\/buone-vacanze-7\/","title":{"rendered":"Happy holiday!"},"content":{"rendered":"<p>Molti sono gi\u00e0 in vacanza, altri stanno per andarci. Le vacanze estive rappresentano una sorta di fine anno. \u00c8 tempo di qualche bilancio.<\/p>\n<p>Veniamo da un periodo molto difficile per tutti. La pandemia da Covid ha sconvolto le nostre vite, qualcuno la vita l\u2019ha persa e il nostro commosso pensiero non pu\u00f2 che andare a loro.<\/p>\n<p>Come Informatori abbiamo visto di tutto. E non parliamo del \u201clockdown\u201d dove era scontato il blocco delle attivit\u00e0. Parliamo della ripresa dell\u2019attivit\u00e0 lavorativa dove vari direttori sanitari o generali hanno cercato con le motivazioni pi\u00f9 fantasiose e assurde di eliminare gli ISF dalle strutture sanitarie. Senza nulla conoscere del lavoro degli ISF e delle leggi che lo regolamentano hanno colto l\u2019occasione per vietare l\u2019accesso degli ISF negli ospedali.<\/p>\n<p>Ed \u00e8 qui che \u00e8 stata fondamentale un\u2019associazione professionale come Fedaiisf che con i suoi Coordinamenti regionali e le Associazioni e le sezioni federate, con grande pazienza e determinazione, si \u00e8 fatta interprete delle istanze di tutti gli informatori, iscritti e non iscritti. Un\u2019opera importante per far conoscere cosa \u00e8 effettivamente l\u2019attivit\u00e0 degli ISF e la sua importanza in presenza. La maggior parte delle porte si sono aperte, con le dovute e giuste precauzioni, ma si sono aperte. Il lavoro, anche se con difficolt\u00e0, \u00e8 ripreso. E simile impegno \u00e8 stato necessario per inserire la categoria fra quei professionisti che operano in presenza nelle strutture sanitarie e come tali aventi diritto ad una priorit\u00e0 vaccinale.<\/p>\n<p>Il tutto nel silenzio di Farmindustria, con l\u2019ostilit\u00e0 di chi vendeva sistemi e corsi di telemarketing alle aziende farmaceutiche affermando l\u2019obsolescenza dell\u2019ISF tradizionale, ormai superato dal lavoro dall\u2019ISF da remoto. Nel timido appoggio di un sindacato e nell\u2019incomprensibile e aperta ostilit\u00e0 di un altro. Per fortuna c\u2019\u00e8 stato l\u2019appoggio di qualche politico, senza distinzione di partito, che ha capito la funzione dell\u2019ISF.<\/p>\n<p>Ora, anche se la pandemia non \u00e8 certo finita, cominciamo a vedere la luce in fondo al tunnel, si aprono nuove prospettive e aspettative.<\/p>\n<p>Ora \u00e8 tempo di ferie. Lasciamo alle spalle i cattivi pensieri, mettiamo da parte i giorni pi\u00f9 duri. La vacanza \u00e8 la leggerezza del tempo ritrovato, lo stare di nuovo con s\u00e9 stessi, vedere paesaggi e persone nuove. Allontanarsi dal proprio ambiente di lavoro significa anche andare in vacanza con la mente. Le ferie servono per ritemprarci, per tornare al lavoro con nuove energie, pronti a nuove sfide. C\u2019\u00e8 sempre un domani migliore di ieri.<\/p>\n<p>Happy holiday!<\/p>","protected":false},"excerpt":{"rendered":"<p>Molti sono gi\u00e0 in vacanza, altri stanno per andarci. Le vacanze estive rappresentano una sorta di fine anno. \u00c8 tempo di qualche bilancio. Veniamo da un periodo molto difficile per tutti. La pandemia da Covid ha sconvolto le nostre vite, qualcuno la vita l\u2019ha persa e il nostro commosso pensiero non pu\u00f2 che andare a &hellip;<\/p>","protected":false},"author":4,"featured_media":1615,"comment_status":"closed","ping_status":"closed","sticky":false,"template":"","format":"standard","meta":{"footnotes":""},"categories":[1],"tags":[45],"class_list":["post-59618","post","type-post","status-publish","format-standard","has-post-thumbnail","hentry","category-notizie","tag-fedaiisf"],"amp_enabled":true,"_links":{"self":[{"href":"https:\/\/www.fedaiisf.it\/en\/wp-json\/wp\/v2\/posts\/59618","targetHints":{"allow":["GET"]}}],"collection":[{"href":"https:\/\/www.fedaiisf.it\/en\/wp-json\/wp\/v2\/posts"}],"about":[{"href":"https:\/\/www.fedaiisf.it\/en\/wp-json\/wp\/v2\/types\/post"}],"author":[{"embeddable":true,"href":"https:\/\/www.fedaiisf.it\/en\/wp-json\/wp\/v2\/users\/4"}],"replies":[{"embeddable":true,"href":"https:\/\/www.fedaiisf.it\/en\/wp-json\/wp\/v2\/comments?post=59618"}],"version-history":[{"count":0,"href":"https:\/\/www.fedaiisf.it\/en\/wp-json\/wp\/v2\/posts\/59618\/revisions"}],"wp:featuredmedia":[{"embeddable":true,"href":"https:\/\/www.fedaiisf.it\/en\/wp-json\/wp\/v2\/media\/1615"}],"wp:attachment":[{"href":"https:\/\/www.fedaiisf.it\/en\/wp-json\/wp\/v2\/media?parent=59618"}],"wp:term":[{"taxonomy":"category","embeddable":true,"href":"https:\/\/www.fedaiisf.it\/en\/wp-json\/wp\/v2\/categories?post=59618"},{"taxonomy":"post_tag","embeddable":true,"href":"https:\/\/www.fedaiisf.it\/en\/wp-json\/wp\/v2\/tags?post=59618"}],"curies":[{"name":"wp","href":"https:\/\/api.w.org\/{rel}","templated":true}]}}