{"id":59691,"date":"2021-08-09T10:48:53","date_gmt":"2021-08-09T08:48:53","guid":{"rendered":"https:\/\/www.fedaiisf.it\/?p=59691"},"modified":"2021-08-09T11:15:55","modified_gmt":"2021-08-09T09:15:55","slug":"danni-da-vaccino-covid-lo-stato-risarcisce","status":"publish","type":"post","link":"https:\/\/www.fedaiisf.it\/en\/danni-da-vaccino-covid-lo-stato-risarcisce\/","title":{"rendered":"Covid vaccine damage: does the state compensate?"},"content":{"rendered":"<p style=\"padding-left: 40px;\"><span style=\"font-size: 14pt;\"><b><i>Esiste la possibilit\u00e0 di essere risarciti per i danni procurati dal vaccino Covid-19 e in cosa consiste lo scudo penale per i medici?<\/i><\/b><\/span><\/p>\n<div id=\"laleg-1227144883\" class=\"laleg-summary\"><a href=\"https:\/\/www.laleggepertutti.it\/512520_danni-da-vaccino-covid-lo-stato-risarcisce\" target=\"_blank\" rel=\"noopener\">La Legge per Tutti &#8211; 9 Agosto 2021<\/a><\/div>\n<div><\/div>\n<p><img loading=\"lazy\" decoding=\"async\" class=\"wp-image-59699 alignleft\" src=\"https:\/\/www.fedaiisf.it\/wp-content\/uploads\/2021\/08\/medico-vaccino-coronavirus-id41548.jpg\" alt=\"\" width=\"333\" height=\"223\" srcset=\"https:\/\/www.fedaiisf.it\/wp-content\/uploads\/2021\/08\/medico-vaccino-coronavirus-id41548.jpg 847w, https:\/\/www.fedaiisf.it\/wp-content\/uploads\/2021\/08\/medico-vaccino-coronavirus-id41548-300x200.jpg 300w, https:\/\/www.fedaiisf.it\/wp-content\/uploads\/2021\/08\/medico-vaccino-coronavirus-id41548-768x513.jpg 768w\" sizes=\"auto, (max-width: 333px) 100vw, 333px\" \/>Circola la notizia secondo cui, in caso di <b>danni da vaccino Covid<\/b>, non ci sarebbe <strong>compensation<\/strong>. La notizia \u00e8 falsa per tre ragioni.<\/p>\n<p><span id=\"La_casa_farmaceutica_e_responsabile\" style=\"font-size: 18pt;\"><b>La casa farmaceutica \u00e8 responsabile<\/b><\/span><\/p>\n<p>There <strong>pharmaceutical house<\/strong> \u00e8 sempre responsabile per i danni derivanti da prodotto difettoso, anche se ha indicato nel bugiardino eventuali effetti indesiderati.<span class=\"Apple-converted-space\">\u00a0<\/span><\/p>\n<p>Cos\u00ec ha stabilito la <b>Cass. con la sent. n. 12225\/2021 del 10.05.2021<\/b>.<\/p>\n<p>Si tratta chiaramente di una responsabilit\u00e0 civile che implica la possibilit\u00e0 di ottenere il <b>risarcimento anche per i danni da vaccino Covid.<\/b><\/p>\n<p>Secondo la Cassazione, la responsabilit\u00e0 del produttore si estende a tutti quegli effetti anomali gravi e meno legati al farmaco. Il <strong>prodotto \u00e8 difettoso<\/strong> quando non \u00e8 in grado di raggiungere \u00ablo standard di sicurezza che il consumatore pu\u00f2 legittimamente attendersi, in relazione ad una pluralit\u00e0 di elementi, quali le modalit\u00e0 con cui \u00e8 stato messo in circolazione, la sua presentazione, le sue caratteristiche estrinseche, le istruzioni o avvertenze fornite dal produttore ai consumatori e l\u2019uso cui lo stesso \u00e8 destinato\u00bb.<\/p>\n<p><span id=\"Lo_Stato_e_sempre_responsabile\" style=\"font-size: 18pt;\"><b>Lo Stato \u00e8 sempre responsabile<span class=\"Apple-converted-space\">\u00a0<\/span><\/b><\/span><\/p>\n<p>The<strong> State<\/strong> \u00e8 tenuto a <b>risarcire i danni <\/b>da vaccino in due casi:<\/p>\n<ul>\n<li>vaccini obbligatori;<\/li>\n<li>vaccini fortemente consigliati (come quello contro il Covid).<\/li>\n<\/ul>\n<p>Cos\u00ec ha stabilito la <b>Corte Cost. con la sent. n. 118\/2020<\/b><\/p>\n<p><span id=\"Diritto_alla_salute_indisponibile\" style=\"font-size: 18pt;\"><b>Diritto alla salute indisponibile<\/b><\/span><\/p>\n<p>The <strong>Right to health<\/strong> non pu\u00f2 essere oggetto di rinuncia neanche dietro pagamento o con la firma di una liberatoria. Questo significa che nessuna accettazione da parte del paziente a un determinato trattamento potr\u00e0 esonerare n\u00e9 lo Stato, n\u00e9 la casa farmaceutica dal risarcimento.<span class=\"Apple-converted-space\">\u00a0<\/span><\/p>\n<p><span id=\"La_liberatoria_anzi_il_consenso_informato\" style=\"font-size: 18pt;\"><b>La liberatoria, anzi il consenso informato<\/b><\/span><\/p>\n<p>Quella che viene fatta firmare al momento del vaccino non \u00e8 una liberatoria ma il <b>informed consent<\/b> obbligatorio per legge: non si tratta di un esonero di responsabilit\u00e0 ma di un\u2019informativa sul trattamento che vi stanno facendo.<\/p>\n<p><span id=\"Scudo_penale\" style=\"font-size: 18pt;\"><b><img loading=\"lazy\" decoding=\"async\" class=\"wp-image-59695 alignright\" src=\"https:\/\/www.fedaiisf.it\/wp-content\/uploads\/2021\/08\/DL-44-2021-Art.-3.png\" alt=\"\" width=\"377\" height=\"286\" srcset=\"https:\/\/www.fedaiisf.it\/wp-content\/uploads\/2021\/08\/DL-44-2021-Art.-3.png 548w, https:\/\/www.fedaiisf.it\/wp-content\/uploads\/2021\/08\/DL-44-2021-Art.-3-300x228.png 300w\" sizes=\"auto, (max-width: 377px) 100vw, 377px\" \/>Scudo penale<\/b><\/span><\/p>\n<p>L\u2019art. 3 del D.L. 44\/2021 ha solo disposto uno scudo penale per il reato di omicidio doloso o colposo per chi inocula il vaccino. Questo non sposta i termini del <strong>risarcimento del danno\u00a0<\/strong>che abbiamo appena visto.<\/p>\n<p><span id=\"Liberi_di_scegliere\" style=\"font-size: 18pt;\"><b>Liberi di scegliere<\/b><\/span><\/p>\n<p>Siete liberi di scegliere ci\u00f2 che ritenete opportuno. Il <strong>vaccino Covid<\/strong> infatti non \u00e8 obbligatorio. Ma scegliete sulla base delle informazioni corrette e non delle fake news.<span class=\"Apple-converted-space\">\u00a0<\/span><\/p>\n<p>Related news: <a href=\"http:\/\/www.italgiure.giustizia.it\/xway\/application\/nif\/clean\/hc.dll?verbo=attach&amp;db=snciv&amp;id=.\/20210510\/snciv@s30@a2021@n12225@tS.clean.pdf\" target=\"_blank\" rel=\"noopener\">Cassazione. Civile Sent. Sez. 3 Num. 12225 Anno 2021<\/a><\/p>\n<p><a href=\"https:\/\/www.cortecostituzionale.it\/actionPronuncia.do\" target=\"_blank\" rel=\"noopener\">Corte Cost. Sentenza n. 118\/2020<\/a><\/p>\n<p>DECRETO LEGGE 1 aprile 2021, n. 44 &#8211; <a href=\"https:\/\/www.gazzettaufficiale.it\/atto\/serie_generale\/caricaArticolo?art.versione=1&amp;art.idGruppo=1&amp;art.flagTipoArticolo=0&amp;art.codiceRedazionale=21G00056&amp;art.idArticolo=3&amp;art.idSottoArticolo=1&amp;art.idSottoArticolo1=10&amp;art.dataPubblicazioneGazzetta=2021-04-01&amp;art.progressivo=0#art\" target=\"_blank\" rel=\"noopener\">Article 3<\/a><\/p>\n<p><a title=\"apre testo della legge\" href=\"https:\/\/www.trovanorme.salute.gov.it\/norme\/dettaglioAtto?id=13249\" target=\"_blank\" rel=\"noopener\">Legge 25 febbraio 1992 , n. 210<\/a>\u00a0 Indennizzo a favore dei soggetti danneggiati da complicanze di tipo irreversibile a causa di <strong>vaccinazioni obbligatorie<\/strong>, trasfusioni e somministrazione di emoderivati.(Gazzetta Ufficiale, n. 55 del 06 marzo 1992)<\/p>\n<p class=\"entry_title\"><a href=\"https:\/\/iltirreno.gelocal.it\/italia-mondo\/cronaca\/2021\/08\/09\/news\/vaccini-guida-anti-bufale-non-sono-sperimentali-non-provocano-l-infezione-non-modificano-il-dna-1.40582981\" target=\"_blank\" rel=\"noopener\">Vaccini, guida anti-bufale: non sono sperimentali, non provocano l&#8217;infezione, non modificano il Dna<\/a><\/p>\n<p>&nbsp;<\/p>","protected":false},"excerpt":{"rendered":"<p>Esiste la possibilit\u00e0 di essere risarciti per i danni procurati dal vaccino Covid-19 e in cosa consiste lo scudo penale per i medici? La Legge per Tutti &#8211; 9 Agosto 2021 Circola la notizia secondo cui, in caso di danni da vaccino Covid, non ci sarebbe risarcimento. La notizia \u00e8 falsa per tre ragioni. La &hellip;<\/p>","protected":false},"author":4,"featured_media":59698,"comment_status":"closed","ping_status":"closed","sticky":false,"template":"","format":"standard","meta":{"footnotes":""},"categories":[1],"tags":[41,39],"class_list":["post-59691","post","type-post","status-publish","format-standard","has-post-thumbnail","hentry","category-notizie","tag-leggisentenze","tag-vaccini"],"amp_enabled":true,"_links":{"self":[{"href":"https:\/\/www.fedaiisf.it\/en\/wp-json\/wp\/v2\/posts\/59691","targetHints":{"allow":["GET"]}}],"collection":[{"href":"https:\/\/www.fedaiisf.it\/en\/wp-json\/wp\/v2\/posts"}],"about":[{"href":"https:\/\/www.fedaiisf.it\/en\/wp-json\/wp\/v2\/types\/post"}],"author":[{"embeddable":true,"href":"https:\/\/www.fedaiisf.it\/en\/wp-json\/wp\/v2\/users\/4"}],"replies":[{"embeddable":true,"href":"https:\/\/www.fedaiisf.it\/en\/wp-json\/wp\/v2\/comments?post=59691"}],"version-history":[{"count":0,"href":"https:\/\/www.fedaiisf.it\/en\/wp-json\/wp\/v2\/posts\/59691\/revisions"}],"wp:featuredmedia":[{"embeddable":true,"href":"https:\/\/www.fedaiisf.it\/en\/wp-json\/wp\/v2\/media\/59698"}],"wp:attachment":[{"href":"https:\/\/www.fedaiisf.it\/en\/wp-json\/wp\/v2\/media?parent=59691"}],"wp:term":[{"taxonomy":"category","embeddable":true,"href":"https:\/\/www.fedaiisf.it\/en\/wp-json\/wp\/v2\/categories?post=59691"},{"taxonomy":"post_tag","embeddable":true,"href":"https:\/\/www.fedaiisf.it\/en\/wp-json\/wp\/v2\/tags?post=59691"}],"curies":[{"name":"wp","href":"https:\/\/api.w.org\/{rel}","templated":true}]}}