{"id":59814,"date":"2021-08-27T10:26:37","date_gmt":"2021-08-27T08:26:37","guid":{"rendered":"https:\/\/www.fedaiisf.it\/?p=59814"},"modified":"2021-08-30T10:28:16","modified_gmt":"2021-08-30T08:28:16","slug":"fondi-pensione-fonchim-rischio-di-stangata-fiscale","status":"publish","type":"post","link":"https:\/\/www.fedaiisf.it\/en\/fondi-pensione-fonchim-rischio-di-stangata-fiscale\/","title":{"rendered":"Pension funds (Fonchim): risk of fiscal sting"},"content":{"rendered":"<h1 class=\"article-title\">Fondi pensione, ecco perch\u00e9 con la riforma fiscale c\u2019\u00e8 il rischio di una stangata<\/h1>\n<p><a href=\"https:\/\/www.corriere.it\/economia\/opinioni\/21_agosto_25\/fondi-pensione-ecco-perche-c-rischio-una-stangata-79fe52f0-03e9-11ec-8839-6d407abf089f_amp.html?__twitter_impression=true\" target=\"_blank\" rel=\"noopener\">Corriere Economia &#8211; 25 agosto 2021<\/a><\/p>\n<p><img loading=\"lazy\" decoding=\"async\" class=\"wp-image-59817 alignright\" src=\"https:\/\/www.fedaiisf.it\/wp-content\/uploads\/2021\/08\/Fonchim-logo.png\" alt=\"\" width=\"401\" height=\"161\" srcset=\"https:\/\/www.fedaiisf.it\/wp-content\/uploads\/2021\/08\/Fonchim-logo.png 993w, https:\/\/www.fedaiisf.it\/wp-content\/uploads\/2021\/08\/Fonchim-logo-300x121.png 300w, https:\/\/www.fedaiisf.it\/wp-content\/uploads\/2021\/08\/Fonchim-logo-768x309.png 768w\" sizes=\"auto, (max-width: 401px) 100vw, 401px\" \/>Per i fondi pensione si profilano in futuro grandi problemi se il governo accoglier\u00e0 il documento conclusivo, di indirizzo politico, per la predisposizione della legge delega sulla riforma fiscale elaborato dalle Commissioni 6\u00b0 di Camera e Senato. La frase che ci riporta indietro di 21 anni alla infelice riforma Visco del 2000 \u00e8 la seguente: <strong><span class=\"bold\">\u00abLa Commissione concorda che, nel rispetto delle compatibilit\u00e0 finanziarie, sia importante l\u2019applicazione alla previdenza complementare del modello che prevede l\u2019esenzione dall\u2019imposta sostitutiva sul risultato netto maturato, considerando al contempo la modifica del regime di tassazione per la fase di erogazione delle prestazioni\u00bb <\/span><\/strong>che, aggiunge: \u00abovviamente andrebbe uniformata la tassazione in fase di prestazione, considerando la tassazione secondo le aliquote Irpef ordinarie\u00bb.<\/p>\n<h5 class=\"chapter-title\">Come funziona oggi<\/h5>\n<p class=\"chapter-paragraph\"><strong>Tradotto<\/strong>: oggi siamo nel cosiddetto sistema Ett cio\u00e8 esente, tassato, tassato. In pratica esente significa che si pu\u00f2 versare ai fondi pensione fino a 5.164 euro deducendoli dal reddito e quindi beneficiando di uno sconto fiscale pari al valore dell\u2019aliquota marginale (esempio con una aliquota fiscale marginale del 32% versando 5.164 euro, si risparmiano 1.652,5 euro di tasse). Sui rendimenti c\u2019\u00e8 un prelievo annuale con aliquota ridotta pari al 20% rispetto al 26% ordinario (12,5% per i titoli di Stato e assimilati); in origine era l\u201911%. Le prestazioni in rendita e capitale sono tassate con aliquota sostitutiva tra il 15% e il 9% per incentivare la permanenza nei fondi. Il meccanismo \u00e8 semplice: dopo il 15\u00b0 anno per ogni anno successivo la tassazione si riduce dello 0,3% fino a raggiungere il 9%.<\/p>\n<p><span style=\"font-size: 18px; font-weight: bold;\">Cosa pu\u00f2 cambiare<\/span><\/p>\n<div class=\"chapter\">\n<p class=\"chapter-paragraph\">La Commissione invece ritiene la tassazione \u00ab&#8230;nella fase di prestazione con un meccanismo molto complesso\u00bb. Fate voi se \u00e8 cos\u00ec complesso; lo hanno capito tutti, tant\u2019\u00e8 che si tratta di un grande incentivo se si considera il differenziale tra l\u2019aliquota fiscale che si detrae quando si versa e la tassazione finale. Ad esempio la detraibilit\u00e0 con la prima aliquota \u00e8 del 23% quindi 14 punti pi\u00f9 alta della tassazione finale. Ma l\u2019adozione dell\u2019aliquota sostitutiva, che ho fortemente voluto quando ho scritto la legge di riforma del sistema previdenziale, il Decreto legislativo n. 252\/2005, per riparare i danni della legge 47\/2000 di Visco, \u00e8 che i redditi da fondi pensione non si cumulano con altri proventi e soprattutto con quelli della pensione pubblica. Passare al criterio Eet \u2014 esente esente tassato \u2014 come propongono le Commissioni presiedute da Luigi Marattin e Luciano D\u2019Alfonso, significa togliere la tassazione del 20% sui rendimenti (20% di un rendimento del 3% \u00e8 0,6%) e tassare ad aliquota marginale (cumulo dei redditi) le prestazioni finali: insomma ci tolgono lo 0,6% e ci fanno pagare fino al 46%. Con l\u2019aggravante che la normativa italiana prevede una enormit\u00e0 di bonus, esenzioni, agevolazioni fiscali (le tax expenditures), tutte legate al reddito e dove il 51% dei pensionati sono totalmente o parzialmente assistiti e un altro 20% gode di prestazioni aggiuntive anch\u2019esse collegate al reddito e che scomparirebbero se il soggetto avesse anche la rendita complementare.<\/p>\n<\/div>\n<div class=\"chapter\">\n<h5 class=\"chapter-title\">Un boomerang<\/h5>\n<p class=\"chapter-paragraph\"><img loading=\"lazy\" decoding=\"async\" class=\"wp-image-59818 alignleft\" src=\"https:\/\/www.fedaiisf.it\/wp-content\/uploads\/2021\/08\/commissione-finanze-camera-VI-201516.jpg\" alt=\"\" width=\"351\" height=\"234\" srcset=\"https:\/\/www.fedaiisf.it\/wp-content\/uploads\/2021\/08\/commissione-finanze-camera-VI-201516.jpg 1000w, https:\/\/www.fedaiisf.it\/wp-content\/uploads\/2021\/08\/commissione-finanze-camera-VI-201516-300x200.jpg 300w, https:\/\/www.fedaiisf.it\/wp-content\/uploads\/2021\/08\/commissione-finanze-camera-VI-201516-768x512.jpg 768w\" sizes=\"auto, (max-width: 351px) 100vw, 351px\" \/>Tornare alla riforma Visco, come propone la Commissione, significherebbe distruggere la previdenza complementare. Il tema delle pensioni \u00e8 complesso e stupisce che in ben sei mesi di lavoro e 61 audizioni, come afferma il \u00abdocumento\u00bb, non sia venuto in mente a nessuno di chiedere il perch\u00e9 del sistema di tassazione attualmente in essere. Bastava leggere che:<\/p>\n<\/div>\n<div class=\"chapter\">\n<p class=\"chapter-paragraph\">a) il decreto legislativo, oltre che essere approvato da Camera e Senato con ampia votazione fu il risultato della firma di un protocollo preliminare tra governo e oltre 30 parti sociali (un fatto raro nella storia italiana) al fine di consentire finalmente lo sviluppo dei fondi pensione;<\/p>\n<\/div>\n<div class=\"chapter\">\n<p class=\"chapter-paragraph\">b) siccome i lavoratori non hanno l\u2019anello al naso, quando si introdusse la tassazione ordinaria delle prestazioni complementari, si verific\u00f2 il blocco delle adesioni. Il ragionamento di operai e impiegati, ovviamente meno sofisticato dei parlamentari ma pi\u00f9 pratico fu il seguente: \u00aboggi verso e mi fanno lo sconto ad aliquota marginale ma tra 10 anni, quando prender\u00f2 la rendita pensionistica complementare, se si somma alla pensione pubblica l\u2019aliquota fiscale aumenta e tutti i vantaggi acquisiti nella fase di versamento li risputo con gli interessi nella vecchiaia\u00bb.<\/p>\n<p>Autore: Alberto Brambilla<\/p>\n<\/div>\n<p>Related news: <a href=\"https:\/\/fiscomania.com\/riforma-fiscale-4\/\" target=\"_blank\" rel=\"noopener\">Riforma fiscale? rimandata a settembre!<\/a><\/p>\n<p><a href=\"https:\/\/www.mef.gov.it\/farsiunidea\/booklet\/Riforma_Fiscale.pdf\" target=\"_blank\" rel=\"noopener\">MEF. Riforma fiscale<\/a><\/p>\n<p><a href=\"https:\/\/www.fonchim.it\/homepage\" target=\"_blank\" rel=\"noopener\">Fonchim<\/a><\/p>\n<p><em><strong>Lo sviluppo dei fondi pensione \u00e8 indispensabile per i cittadini e per il Paese e, di conseguenza, bisogna fare \u201ctutto ci\u00f2 che \u00e8 necessario\u201d <a href=\"https:\/\/www.ilpuntopensionielavoro.it\/site\/home\/pensioni\/i-fondi-pensione-nellanno-di-covid-19-bene-i-rendimenti-faticano-le-adesioni.html\" target=\"_blank\" rel=\"noopener\">perch\u00e9 aumentino le adesioni<\/a><\/strong> visto che siamo tra gli ultimi nelle classifiche OCSE e che la pensione pubblica potrebbe non bastare per via dei bassi redditi da lavoro. Cosa fare? Anzitutto \u00e8 necessario che la politica non faccia confusioni come fanno le Commissioni quando dicono che l\u2019obiettivo della riforma dev\u2019essere: \u201cla crescita dell\u2019economia\u201d. <strong>Difficile far crescere i fondi pensione aumentando le tassazione e\u00a0confondendo il risparmio finanziario con quello previdenziale,\u00a0<\/strong>come ha fatto il governo Renzi (quello che ha proposto il TFR in busta paga, un flop per merito dei lavoratori). Semmai, occorre il ripristino del fondo di garanzia perch\u00e9 la sua eliminazione a cura di Prodi e Damiano ha negato agli oltre 6 milioni di lavoratori di micro e piccole imprese il diritto alla pensione complementare. La riforma fiscale deve ridurre la tassazione sui rendimenti all\u201911% (e anche meno), \u00a0portandola da annuale al \u201cmaturato\u201d, e aumentare il versamento di 5.164 euro l\u2019anno, importo fermo dal 2005,\u00a0in base alla variazione dei prezzi.\u00a0E, poich\u00e9 il fondo pensione \u00e8 un ottimo libretto di risparmio, favorirne l\u2019adozione da parte dei giovanissimi, incentivando i versamenti da parte di nonni, zii e parenti attraverso la deduzione fiscale.<\/em><\/p>\n<p><em>Ma di tutto ci\u00f2 non c\u2019\u00e8 traccia nel discutibile documento che come nella migliore tradizione di chi si sente \u201cprogressista\u201d prevede solo un aumento delle tasse. La speranza \u00e8 che il governo Draghi, competente ed equilibrato, non tenga conto del parere delle Commissioni.<\/em><\/p>\n<p><em><strong>Alberto Brambilla,\u00a0Presidente Centro Studi e Ricerche Itinerari Previdenziali<\/strong><\/em><\/p>\n<p>THE<a href=\"https:\/\/www.ilpuntopensionielavoro.it\/site\/home\/il-punto-di-vista\/fondi-pensione-la-commissione-marattin-come-visco.html\" target=\"_blank\" rel=\"noopener\">l Punto Pensioni &amp; Lavoro 12\/7\/2021<\/a><\/p>\n<p>Related news:\u00a0<a href=\"https:\/\/www.focusrisparmio.com\/news\/fondi-pensione-e-fisco-la-risposta-di-marattin-nessuna-stangata\" target=\"_blank\" rel=\"noopener\">Fondi pensione e fisco, la risposta di Marattin: \u201cNessuna stangata\u201d<\/a><\/p>\n<div class=\"Post__details\"><\/div>","protected":false},"excerpt":{"rendered":"<p>Fondi pensione, ecco perch\u00e9 con la riforma fiscale c\u2019\u00e8 il rischio di una stangata Corriere Economia &#8211; 25 agosto 2021 Per i fondi pensione si profilano in futuro grandi problemi se il governo accoglier\u00e0 il documento conclusivo, di indirizzo politico, per la predisposizione della legge delega sulla riforma fiscale elaborato dalle Commissioni 6\u00b0 di Camera &hellip;<\/p>","protected":false},"author":4,"featured_media":59816,"comment_status":"closed","ping_status":"closed","sticky":false,"template":"","format":"standard","meta":{"footnotes":""},"categories":[1],"tags":[82],"class_list":["post-59814","post","type-post","status-publish","format-standard","has-post-thumbnail","hentry","category-notizie","tag-fonchimfaschim"],"amp_enabled":true,"_links":{"self":[{"href":"https:\/\/www.fedaiisf.it\/en\/wp-json\/wp\/v2\/posts\/59814","targetHints":{"allow":["GET"]}}],"collection":[{"href":"https:\/\/www.fedaiisf.it\/en\/wp-json\/wp\/v2\/posts"}],"about":[{"href":"https:\/\/www.fedaiisf.it\/en\/wp-json\/wp\/v2\/types\/post"}],"author":[{"embeddable":true,"href":"https:\/\/www.fedaiisf.it\/en\/wp-json\/wp\/v2\/users\/4"}],"replies":[{"embeddable":true,"href":"https:\/\/www.fedaiisf.it\/en\/wp-json\/wp\/v2\/comments?post=59814"}],"version-history":[{"count":0,"href":"https:\/\/www.fedaiisf.it\/en\/wp-json\/wp\/v2\/posts\/59814\/revisions"}],"wp:featuredmedia":[{"embeddable":true,"href":"https:\/\/www.fedaiisf.it\/en\/wp-json\/wp\/v2\/media\/59816"}],"wp:attachment":[{"href":"https:\/\/www.fedaiisf.it\/en\/wp-json\/wp\/v2\/media?parent=59814"}],"wp:term":[{"taxonomy":"category","embeddable":true,"href":"https:\/\/www.fedaiisf.it\/en\/wp-json\/wp\/v2\/categories?post=59814"},{"taxonomy":"post_tag","embeddable":true,"href":"https:\/\/www.fedaiisf.it\/en\/wp-json\/wp\/v2\/tags?post=59814"}],"curies":[{"name":"wp","href":"https:\/\/api.w.org\/{rel}","templated":true}]}}