{"id":59844,"date":"2021-08-31T11:28:23","date_gmt":"2021-08-31T09:28:23","guid":{"rendered":"https:\/\/www.fedaiisf.it\/?p=59844"},"modified":"2021-08-31T11:28:23","modified_gmt":"2021-08-31T09:28:23","slug":"no-vax-aggressioni-a-medici-e-giornalisti-il-comunicato-fnomceo","status":"publish","type":"post","link":"https:\/\/www.fedaiisf.it\/en\/no-vax-aggressioni-a-medici-e-giornalisti-il-comunicato-fnomceo\/","title":{"rendered":"No-vax, attacks on doctors and journalists. The FNOMCeO press release"},"content":{"rendered":"<p>\u201c<em>Forte preoccupazione per il clima di intimidazione e violenza messo in atto in queste ore nei confronti di medici e giornalisti\u201d.<\/em><\/p>\n<p><img loading=\"lazy\" decoding=\"async\" class=\"wp-image-38109 alignright\" src=\"https:\/\/www.fedaiisf.it\/wp-content\/uploads\/2018\/09\/Anelli-Fnomceo.png\" alt=\"\" width=\"354\" height=\"198\" srcset=\"https:\/\/www.fedaiisf.it\/wp-content\/uploads\/2018\/09\/Anelli-Fnomceo.png 777w, https:\/\/www.fedaiisf.it\/wp-content\/uploads\/2018\/09\/Anelli-Fnomceo-300x168.png 300w, https:\/\/www.fedaiisf.it\/wp-content\/uploads\/2018\/09\/Anelli-Fnomceo-768x430.png 768w\" sizes=\"auto, (max-width: 354px) 100vw, 354px\" \/>Ad esprimerla \u00e8 la Fnomceo, la Federazione nazionale degli Ordini dei Medici Chirurghi e degli Odontoiatri, per voce del suo Presidente, Filippo Anelli. Che manifesta \u201c<em>solidariet\u00e0 a Matteo Bassetti, inseguito e minacciato da un uomo che contestava le sue posizioni a favore dei vaccini, al Presidente dell\u2019Ordine dei Giornalisti Carlo Verna e ai suoi colleghi Antonella Alba e Francesco Giovannetti\u201d.<\/em><\/p>\n<p><em>\u201cRivendichiamo il diritto a svolgere le nostre professioni secondo i principi di libert\u00e0, autonomia, indipendenza<\/em> \u2013 argomenta Anelli -.<em> \u00c8 inaccettabile che un medico venga minacciato per aver seguito e divulgato le evidenze scientifiche, per aver raccomandato la vaccinazione. Altrettanto intollerabile \u00e8 che un giornalista non sia messo nelle condizioni di documentare i fatti e di diffondere notizie\u201d.<\/em><\/p>\n<p><em>\u201cChiediamo dunque, per i medici, che sia data piena applicazione alla normativa vigente: al Testo unico sulla Sicurezza nei luoghi di lavoro, e alla nuova Legge sulla sicurezza degli operatori sanitari \u2013 <\/em>auspica Anelli<em> -. Sosteniamo inoltre le richieste di analoghe leggi per la categoria dei giornalisti, come richiesto dall\u2019Ordine e dai Sindacati\u201d.<\/em><\/p>\n<p><img loading=\"lazy\" decoding=\"async\" class=\"wp-image-59850 alignleft\" src=\"https:\/\/www.fedaiisf.it\/wp-content\/uploads\/2021\/08\/bassetti-inseguito-in-strada-da-novax-salvato-dallintervento-della-polizia-1024x577.jpg\" alt=\"\" width=\"443\" height=\"250\" srcset=\"https:\/\/www.fedaiisf.it\/wp-content\/uploads\/2021\/08\/bassetti-inseguito-in-strada-da-novax-salvato-dallintervento-della-polizia-1024x577.jpg 1024w, https:\/\/www.fedaiisf.it\/wp-content\/uploads\/2021\/08\/bassetti-inseguito-in-strada-da-novax-salvato-dallintervento-della-polizia-300x169.jpg 300w, https:\/\/www.fedaiisf.it\/wp-content\/uploads\/2021\/08\/bassetti-inseguito-in-strada-da-novax-salvato-dallintervento-della-polizia-768x432.jpg 768w, https:\/\/www.fedaiisf.it\/wp-content\/uploads\/2021\/08\/bassetti-inseguito-in-strada-da-novax-salvato-dallintervento-della-polizia-1536x865.jpg 1536w, https:\/\/www.fedaiisf.it\/wp-content\/uploads\/2021\/08\/bassetti-inseguito-in-strada-da-novax-salvato-dallintervento-della-polizia-390x220.jpg 390w, https:\/\/www.fedaiisf.it\/wp-content\/uploads\/2021\/08\/bassetti-inseguito-in-strada-da-novax-salvato-dallintervento-della-polizia.jpg 1918w\" sizes=\"auto, (max-width: 443px) 100vw, 443px\" \/>\u201c<em>Cosa hanno in comune queste professioni? Di essere poste a garanzia di due diritti fondamentali, costituzionalmente protetti: la tutela della salute, da una parte, la libert\u00e0 di stampa e di espressione, dall\u2019altra \u2013 <\/em>conclude il Presidente Fnomceo<em> -. \u00a0Sono diritti fondamentali perch\u00e9, se vengono meno, viene meno l\u2019essenza stessa della societ\u00e0 civile, che salvaguarda i diritti dell\u2019individuo nell\u2019interesse della collettivit\u00e0. <\/em><\/p>\n<p><em>Chi aggredisce un medico \u2013 ma anche un giornalista \u2013 aggredisce se stesso, perch\u00e9 rinnega e si nega i suoi stessi diritti. \u00c8 una societ\u00e0 triste e al tramonto quella che, per la pretesa di una gratificazione immediata \u2013 una notizia \u2018gradita\u2019, una prestazione medica da lui ritenuta preferibile a un\u2019altra \u2013 violenta i propri diritti, distrugge \u2013 oltretutto, come in questi casi, pretendendo di difenderla \u2013 la propria libert\u00e0. \u00c8 urgente ripartire da una nuova alleanza sociale tra medici, giornalisti, insegnanti, intellettuali, cittadini, istituzioni, che, con uno scatto di orgoglio, ricostruisca sulla base di valori condivisi non solo le nostre professioni, ma la stessa societ\u00e0 civile\u201d.<\/em><\/p>\n<p><strong><em><u><a href=\"https:\/\/portale.fnomceo.it\/anelli-aggressioni-novax-bassetti\/\" target=\"_blank\" rel=\"noopener\">Fnomceo Press Office<\/a><br \/>\n<\/u><\/em><\/strong><a href=\"mailto:informazione@fnomceo.it\" target=\"_blank\" rel=\"noopener\"><strong><em>informazione@fnomceo.it<\/em><\/strong><\/a><br \/>\n<strong><em>30 agosto 2021<\/em><\/strong><\/p>\n<div class=\"BorlabsCookie _brlbs-cb-youtube\">\n<div class=\"_brlbs-content-blocker\">\n<div class=\"_brlbs-embed _brlbs-video-youtube\"> <img decoding=\"async\" class=\"_brlbs-thumbnail\" src=\"https:\/\/www.fedaiisf.it\/wp-content\/plugins\/borlabs-cookie\/assets\/images\/cb-no-thumbnail.png\" alt=\"YouTube\"> <\/p>\n<div class=\"_brlbs-caption\">\n<p>By uploading the video, you agree to YouTube&#039;s privacy policy.<br \/><a href=\"https:\/\/policies.google.com\/privacy?hl=en&amp;gl=en\" target=\"_blank\" rel=\"nofollow noopener noreferrer\">Find out more<\/a><\/p>\n<p><a class=\"_brlbs-btn _brlbs-icon-play-white\" href=\"#\" data-borlabs-cookie-unblock role=\"button\">Upload the video<\/a><\/p>\n<p><label><input type=\"checkbox\" name=\"unblockAll\" value=\"1\" checked> <small>Always unblock YouTube<\/small><\/label><\/p>\n<\/p><\/div><\/div><\/div>\n<div class=\"borlabs-hide\" data-borlabs-cookie-type=\"content-blocker\" data-borlabs-cookie-id=\"youtube\"><script type=\"text\/template\">PGlmcmFtZSB0aXRsZT0iTWFuaWZlc3RhemlvbmUgTm8gR3JlZW4gcGFzcyBzY3VvbGEsIHB1Z25pIGluIGZhY2NpYSBhbCBub3N0cm8gZ2lvcm5hbGlzdGE6IGwmIzAzOTthZ2dyZXNzaW9uZSIgd2lkdGg9IjUwMCIgaGVpZ2h0PSIyODEiIHNyYz0iaHR0cHM6Ly93d3cueW91dHViZS1ub2Nvb2tpZS5jb20vZW1iZWQvcnlVTkk3ZW00aDA\/ZmVhdHVyZT1vZW1iZWQiIGZyYW1lYm9yZGVyPSIwIiBhbGxvdz0iYWNjZWxlcm9tZXRlcjsgYXV0b3BsYXk7IGNsaXBib2FyZC13cml0ZTsgZW5jcnlwdGVkLW1lZGlhOyBneXJvc2NvcGU7IHBpY3R1cmUtaW4tcGljdHVyZTsgd2ViLXNoYXJlIiByZWZlcnJlcnBvbGljeT0ic3RyaWN0LW9yaWdpbi13aGVuLWNyb3NzLW9yaWdpbiIgYWxsb3dmdWxsc2NyZWVuPjwvaWZyYW1lPg==<\/script><\/div>\n<\/div>","protected":false},"excerpt":{"rendered":"<p>\u201cForte preoccupazione per il clima di intimidazione e violenza messo in atto in queste ore nei confronti di medici e giornalisti\u201d. Ad esprimerla \u00e8 la Fnomceo, la Federazione nazionale degli Ordini dei Medici Chirurghi e degli Odontoiatri, per voce del suo Presidente, Filippo Anelli. Che manifesta \u201csolidariet\u00e0 a Matteo Bassetti, inseguito e minacciato da un &hellip;<\/p>","protected":false},"author":4,"featured_media":59845,"comment_status":"closed","ping_status":"closed","sticky":false,"template":"","format":"standard","meta":{"footnotes":""},"categories":[1],"tags":[79],"class_list":["post-59844","post","type-post","status-publish","format-standard","has-post-thumbnail","hentry","category-notizie","tag-ssn"],"amp_enabled":true,"_links":{"self":[{"href":"https:\/\/www.fedaiisf.it\/en\/wp-json\/wp\/v2\/posts\/59844","targetHints":{"allow":["GET"]}}],"collection":[{"href":"https:\/\/www.fedaiisf.it\/en\/wp-json\/wp\/v2\/posts"}],"about":[{"href":"https:\/\/www.fedaiisf.it\/en\/wp-json\/wp\/v2\/types\/post"}],"author":[{"embeddable":true,"href":"https:\/\/www.fedaiisf.it\/en\/wp-json\/wp\/v2\/users\/4"}],"replies":[{"embeddable":true,"href":"https:\/\/www.fedaiisf.it\/en\/wp-json\/wp\/v2\/comments?post=59844"}],"version-history":[{"count":0,"href":"https:\/\/www.fedaiisf.it\/en\/wp-json\/wp\/v2\/posts\/59844\/revisions"}],"wp:featuredmedia":[{"embeddable":true,"href":"https:\/\/www.fedaiisf.it\/en\/wp-json\/wp\/v2\/media\/59845"}],"wp:attachment":[{"href":"https:\/\/www.fedaiisf.it\/en\/wp-json\/wp\/v2\/media?parent=59844"}],"wp:term":[{"taxonomy":"category","embeddable":true,"href":"https:\/\/www.fedaiisf.it\/en\/wp-json\/wp\/v2\/categories?post=59844"},{"taxonomy":"post_tag","embeddable":true,"href":"https:\/\/www.fedaiisf.it\/en\/wp-json\/wp\/v2\/tags?post=59844"}],"curies":[{"name":"wp","href":"https:\/\/api.w.org\/{rel}","templated":true}]}}