{"id":59940,"date":"2021-09-12T10:31:18","date_gmt":"2021-09-12T08:31:18","guid":{"rendered":"https:\/\/www.fedaiisf.it\/?p=59940"},"modified":"2021-09-13T10:01:13","modified_gmt":"2021-09-13T08:01:13","slug":"lettere-alla-redazione-bene-listituzione-di-un-tavolo-permanente-sugli-integratori","status":"publish","type":"post","link":"https:\/\/www.fedaiisf.it\/en\/lettere-alla-redazione-bene-listituzione-di-un-tavolo-permanente-sugli-integratori\/","title":{"rendered":"Letters to the Editor. The establishment of a Permanent Table on Supplements is good"},"content":{"rendered":"<p><em>We receive and publish<\/em><\/p>\n<hr \/>\n<p><img loading=\"lazy\" decoding=\"async\" class=\"wp-image-59945 alignright\" src=\"https:\/\/www.fedaiisf.it\/wp-content\/uploads\/2021\/09\/garcinia-cambogia-1.jpg\" alt=\"\" width=\"312\" height=\"208\" srcset=\"https:\/\/www.fedaiisf.it\/wp-content\/uploads\/2021\/09\/garcinia-cambogia-1.jpg 800w, https:\/\/www.fedaiisf.it\/wp-content\/uploads\/2021\/09\/garcinia-cambogia-1-300x200.jpg 300w, https:\/\/www.fedaiisf.it\/wp-content\/uploads\/2021\/09\/garcinia-cambogia-1-768x512.jpg 768w\" sizes=\"auto, (max-width: 312px) 100vw, 312px\" \/>Dopo i casi di epatite colestatica non infettiva in cui sono stati messi sotto la lente di ingrandimento alcuni integratori a base di Curcuma e al pi\u00f9 recente caso di tossicit\u00e0 epatica in cui \u00e8 stato tirato in ballo un integratore a base di Garcinia Cambogia, esprimo la mia soddisfazione per la decisione del Ministero della Salute e in particolare del Sottosegretario Andrea Costa\u00a0 di istituire un tavolo tecnico permanente per la sicurezza degli integratori!<\/p>\n<p>Infatti molto spesso a torto si tende ad accusare senza prove scientifiche valide, vedi caso delle piante antrachinoniche e della loro presunta &#8220;Genotossicit\u00e0&#8221;, Genotossicit\u00e0 smentit\u00e0 da nostri studi in vitro presentati al MIPAFF e alla Commissione del Senato per le Politiche Europee,\u00a0 i prodotti naturali o di inefficacia o pericolosit\u00e0.<\/p>\n<p>Questo tavolo spero fortemente con gente qualificata potr\u00e0 essere un punto di riferimento per non solo la tutela dei cittadini e della salute ma dello stesso comparto dei botanicals!<\/p>\n<p>Come Erbochimico esperto in Ricerca Farmacognostica\u00a0 sono pronto a dare il mio contributo perch\u00e8 si tuteli il binomio salute naturale contro speculazioni che non hanno nulla a che fare con la scienza.<\/p>\n<div>\n<div><\/div>\n<div style=\"padding-left: 40px;\">Paul Pellini<\/div>\n<div>Herbochemist profession<\/div>\n<div>Consulenza e Ricerca Controllo Qualit\u00e0 e Ricerca Farmacognostica, Citotossicologica\u00a0 degli Estratti Vegetali di Piante Officinali e Ricerche Microbiota Piante Officinali<\/div>\n<div>Studio di Consulenza Scientifica e di Ricerca Erbochimico Pelini<\/div>\n<div>Rome Italy<\/div>\n<\/div>\n<div><\/div>\n<div>\n<hr \/>\n<\/div>\n<div><\/div>\n<div>Related news:\u00a0<a href=\"https:\/\/www.fedaiisf.it\/en\/federsalus-plauso-al-ministro-costa-di-istituire-un-tavolo-permanente-sugli-integratori-alimentari\/\" target=\"_blank\" rel=\"noopener\"> Federsalus. I applaud Undersecretary Costa for the initiative to set up a permanent table on food supplements<\/a><\/div>\n<div><\/div>\n<div>\n<hr \/>\n<\/div>\n<p>Note: <em>Le lettere alla Redazione esprimono solo il pensiero dello scrivente.\u00a0Fedaiisf non \u00e8 responsabile per quanto pubblicato dai lettori <\/em><\/p>","protected":false},"excerpt":{"rendered":"<p>Riceviamo e pubblichiamo Dopo i casi di epatite colestatica non infettiva in cui sono stati messi sotto la lente di ingrandimento alcuni integratori a base di Curcuma e al pi\u00f9 recente caso di tossicit\u00e0 epatica in cui \u00e8 stato tirato in ballo un integratore a base di Garcinia Cambogia, esprimo la mia soddisfazione per la &hellip;<\/p>","protected":false},"author":4,"featured_media":59942,"comment_status":"closed","ping_status":"closed","sticky":false,"template":"","format":"standard","meta":{"footnotes":""},"categories":[1],"tags":[37],"class_list":["post-59940","post","type-post","status-publish","format-standard","has-post-thumbnail","hentry","category-notizie","tag-lettere-alla-redazione"],"amp_enabled":true,"_links":{"self":[{"href":"https:\/\/www.fedaiisf.it\/en\/wp-json\/wp\/v2\/posts\/59940","targetHints":{"allow":["GET"]}}],"collection":[{"href":"https:\/\/www.fedaiisf.it\/en\/wp-json\/wp\/v2\/posts"}],"about":[{"href":"https:\/\/www.fedaiisf.it\/en\/wp-json\/wp\/v2\/types\/post"}],"author":[{"embeddable":true,"href":"https:\/\/www.fedaiisf.it\/en\/wp-json\/wp\/v2\/users\/4"}],"replies":[{"embeddable":true,"href":"https:\/\/www.fedaiisf.it\/en\/wp-json\/wp\/v2\/comments?post=59940"}],"version-history":[{"count":0,"href":"https:\/\/www.fedaiisf.it\/en\/wp-json\/wp\/v2\/posts\/59940\/revisions"}],"wp:featuredmedia":[{"embeddable":true,"href":"https:\/\/www.fedaiisf.it\/en\/wp-json\/wp\/v2\/media\/59942"}],"wp:attachment":[{"href":"https:\/\/www.fedaiisf.it\/en\/wp-json\/wp\/v2\/media?parent=59940"}],"wp:term":[{"taxonomy":"category","embeddable":true,"href":"https:\/\/www.fedaiisf.it\/en\/wp-json\/wp\/v2\/categories?post=59940"},{"taxonomy":"post_tag","embeddable":true,"href":"https:\/\/www.fedaiisf.it\/en\/wp-json\/wp\/v2\/tags?post=59940"}],"curies":[{"name":"wp","href":"https:\/\/api.w.org\/{rel}","templated":true}]}}