{"id":60006,"date":"2021-09-18T01:11:33","date_gmt":"2021-09-17T23:11:33","guid":{"rendered":"https:\/\/www.fedaiisf.it\/?p=60006"},"modified":"2021-09-17T13:12:21","modified_gmt":"2021-09-17T11:12:21","slug":"salute-diseguale-al-sud-si-consumano-piu-farmaci","status":"publish","type":"post","link":"https:\/\/www.fedaiisf.it\/en\/salute-diseguale-al-sud-si-consumano-piu-farmaci\/","title":{"rendered":"Unequal health, more drugs are consumed in the south"},"content":{"rendered":"<p>L\u2019Agenzia Italiana per il Farmaco (Aifa) ha pubblicato il primo <a href=\"https:\/\/www.aifa.gov.it\/-\/atlante-delle-disuguaglianze-sociali-nell-uso-dei-farmaci-2021\" target=\"_blank\" rel=\"noopener\"><em>Atlante delle disuguaglianze sociali nell\u2019uso dei farmaci<\/em><\/a>, un rapporto che analizza il consumo di medicine alla luce delle disparit\u00e0 socio-economiche sul <img loading=\"lazy\" decoding=\"async\" class=\"wp-image-60011 alignright\" src=\"https:\/\/www.fedaiisf.it\/wp-content\/uploads\/2021\/09\/Indici-di-oeprivazione-cornice.png\" alt=\"\" width=\"398\" height=\"161\" srcset=\"https:\/\/www.fedaiisf.it\/wp-content\/uploads\/2021\/09\/Indici-di-oeprivazione-cornice.png 631w, https:\/\/www.fedaiisf.it\/wp-content\/uploads\/2021\/09\/Indici-di-oeprivazione-cornice-300x121.png 300w\" sizes=\"auto, (max-width: 398px) 100vw, 398px\" \/>territorio italiano. Il rapporto, che si basa sui dati del 2018, si concentra sui farmaci utilizzati nel trattamento delle malattie croniche (ipertensione, colesterolemia, diabete etc.) e contiene parecchie informazioni interessanti. Per esempio, smonta il luogo comune secondo cui nel sud Italia si conduce una vita pi\u00f9 sana: i dati dell\u2019Osservatorio nazionale sull\u2019impiego dei medicinali dell\u2019Aifa dimostrano che al sud e nelle isole il consumo di farmaci \u00e8 pi\u00f9 elevato \u00abprobabilmente a causa del peggior stato di salute, che potrebbe essere associato a uno stile di vita non corretto\u00bb, spiega il direttore generale dell\u2019Agenzia Nicola Magrini nell\u2019introduzione del rapporto.<\/p>\n<p>Non \u00e8 una questione etnica o geografica: l\u2019uso dei farmaci, emerge dall\u2019analisi, \u00e8 pi\u00f9 elevato nelle aree pi\u00f9 svantaggiate. Lo si osserva confrontando, come fanno gli autori del rapporto, i dati sui consumi di medicine con la mappa dell\u2019\u00abindice di deprivazione socio-economica\u00bb, un numero che tiene conto del livello d\u2019istruzione, dell\u2019occupazione, della composizione del nucleo familiare, della densit\u00e0 e della condizione abitativa della popolazione. L\u2019associazione tra abuso di farmaci si inverte solo per i farmaci anti-depressivi (pi\u00f9 utilizzati al nord e dalle donne) e per quelli anti-demenza (pi\u00f9 diffusi nelle regioni centrali).<\/p>\n<p><img loading=\"lazy\" decoding=\"async\" class=\"wp-image-60012 alignleft\" src=\"https:\/\/www.fedaiisf.it\/wp-content\/uploads\/2021\/09\/Mappa-ondici-deprivazione.png\" alt=\"\" width=\"408\" height=\"492\" srcset=\"https:\/\/www.fedaiisf.it\/wp-content\/uploads\/2021\/09\/Mappa-ondici-deprivazione.png 627w, https:\/\/www.fedaiisf.it\/wp-content\/uploads\/2021\/09\/Mappa-ondici-deprivazione-249x300.png 249w\" sizes=\"auto, (max-width: 408px) 100vw, 408px\" \/>Le regioni in cui si va pi\u00f9 spesso in farmacia per comprare le pillole sono le stesse in cui ci si va di meno per vaccinarsi. Solo in Calabria e Sicilia, per esempio, la percentuale di persone completamente vaccinate \u00e8 ancora inferiore al 70% (oltre alla provincia di Bolzano, storica enclave no vax). La contraddizione tra i due dati \u00e8 solo apparente. Laddove la medicina di territorio funziona, le vaccinazioni, strumento di prevenzione per eccellenza, sono pi\u00f9 diffuse e si dedica maggiore attenzione allo stile di vita. Che a sua volta genera un minore fabbisogno di farmaci. Lo confermano gli indicatori dei Livelli Essenziali di Assistenza messi a punto dal ministero per valutare l\u2019assistenza sanitaria nelle varie regioni. Secondo l\u2019ultimo monitoraggio, <a href=\"https:\/\/www.salute.gov.it\/portale\/lea\/dettaglioContenutiLea.jsp?lingua=italiano&amp;id=5238&amp;area=Lea&amp;menu=monitoraggioLea\" target=\"_blank\" rel=\"noopener\">published<\/a> lo scorso luglio, proprio Sicilia, Calabria e Alto Adige si sono collocate agli ultimi tre posti della classifica nazionale nell\u2019area della prevenzione sanitaria.<\/p>\n<p>I dati Aifa confermano che per migliorare lo stato di salute delle persone occorra agire sui fattori socioeconomici che lo determinano. Come spiega ancora Magrini, \u00abnon possiamo non essere tutti consapevoli della modificabilit\u00e0 di questi determinanti\u00bb. \u00c8 un appello implicito affinch\u00e9 la politica (non solo quella sanitaria) intervenga, magari sfruttando le risorse messe a disposizione dal Pnrr. L\u2019importanza dei determinati socio-economici della salute \u00e8 emersa negli ultimi decenni soprattutto grazie al lavoro di ricerca dell\u2019epidemiologo inglese Michael Marmot, autore dell\u2019importante <em>La salute diseguale<\/em> (Il pensiero scientifico, 2016) e intervenuto alla presentazione del rapporto Aifa. Non \u00e8 un approccio banale come sembra: al contrario, esperti e decisori politici hanno spesso trascurato questi fattori. Grazie anche ai travolgenti sviluppi della biologia molecolare degli ultimi decenni, gli scienziati hanno dedicato molte risorse in pi\u00f9 a cercare l\u2019origine genetica della predisposizione alle malattie. E questo ha generato l\u2019impressione sbagliata che la salute di un individuo possa essere esaminata senza considerare il suo contesto sociale.<\/p>\n<p>In altri casi, come nella lotta al cancro, ha portato spesso a confondere la \u00abprevenzione\u00bb della malattia con la \u00abdiagnosi precoce\u00bb. Anche molte scelte discutibili operate durante la pandemia \u2013 si pensi alle strategie anti-pandemiche che hanno riguardato migranti, detenuti, alunni e lavoratori \u2013 sono nate da questo errore.<\/p>\n<p><a href=\"https:\/\/ilmanifesto.it\/salute-diseguale-al-sud-si-consumano-piu-farmaci\/\" target=\"_blank\" rel=\"noopener\">Il Manifesto &#8211; 16 settembre 2021<\/a><\/p>\n<p>Related news: <a class=\"u-color-black\" href=\"https:\/\/www.aifa.gov.it\/documents\/20142\/1289678\/Atlante_disugulaglianze_2021_Highlights.pdf\" target=\"_blank\" rel=\"noopener\">Atlante delle diseguaglianze sociali nell&#8217;uso dei farmaci &#8211; Highlights\u00a0<\/a><\/p>\n<div class=\"page\" title=\"Page 1\">\n<div class=\"section\">\n<div class=\"layoutArea\">\n<div class=\"column\">\n<p><a href=\"https:\/\/www.aifa.gov.it\/documents\/20142\/0\/Atlante_disuguaglianze_sociali_uso_farmaci_2021.pdf\" target=\"_blank\" rel=\"noopener\">Atlante\u00a0delle disuguaglianze sociali\u00a0nell\u2019uso dei farmaci per la cura delle principali\u00a0malattie croniche<\/a><\/p>\n<\/div>\n<\/div>\n<\/div>\n<\/div>\n<p>PDF <a class=\"u-color-black\" href=\"https:\/\/www.aifa.gov.it\/documents\/20142\/1315190\/Rapporto_sorveglianza_vaccini_COVID-19_8.pdf\" target=\"_blank\" rel=\"noopener\">Ottavo Rapporto su sorveglianza vaccini (27\/12\/2020 &#8211; 26\/08\/2021)<\/a><\/p>\n<p>&nbsp;<\/p>","protected":false},"excerpt":{"rendered":"<p>L\u2019Agenzia Italiana per il Farmaco (Aifa) ha pubblicato il primo Atlante delle disuguaglianze sociali nell\u2019uso dei farmaci, un rapporto che analizza il consumo di medicine alla luce delle disparit\u00e0 socio-economiche sul territorio italiano. Il rapporto, che si basa sui dati del 2018, si concentra sui farmaci utilizzati nel trattamento delle malattie croniche (ipertensione, colesterolemia, diabete &hellip;<\/p>","protected":false},"author":4,"featured_media":60013,"comment_status":"closed","ping_status":"closed","sticky":false,"template":"","format":"standard","meta":{"footnotes":""},"categories":[1],"tags":[29,26],"class_list":["post-60006","post","type-post","status-publish","format-standard","has-post-thumbnail","hentry","category-notizie","tag-prezzo-farmaci","tag-spesa-farmaceutica"],"amp_enabled":true,"_links":{"self":[{"href":"https:\/\/www.fedaiisf.it\/en\/wp-json\/wp\/v2\/posts\/60006","targetHints":{"allow":["GET"]}}],"collection":[{"href":"https:\/\/www.fedaiisf.it\/en\/wp-json\/wp\/v2\/posts"}],"about":[{"href":"https:\/\/www.fedaiisf.it\/en\/wp-json\/wp\/v2\/types\/post"}],"author":[{"embeddable":true,"href":"https:\/\/www.fedaiisf.it\/en\/wp-json\/wp\/v2\/users\/4"}],"replies":[{"embeddable":true,"href":"https:\/\/www.fedaiisf.it\/en\/wp-json\/wp\/v2\/comments?post=60006"}],"version-history":[{"count":0,"href":"https:\/\/www.fedaiisf.it\/en\/wp-json\/wp\/v2\/posts\/60006\/revisions"}],"wp:featuredmedia":[{"embeddable":true,"href":"https:\/\/www.fedaiisf.it\/en\/wp-json\/wp\/v2\/media\/60013"}],"wp:attachment":[{"href":"https:\/\/www.fedaiisf.it\/en\/wp-json\/wp\/v2\/media?parent=60006"}],"wp:term":[{"taxonomy":"category","embeddable":true,"href":"https:\/\/www.fedaiisf.it\/en\/wp-json\/wp\/v2\/categories?post=60006"},{"taxonomy":"post_tag","embeddable":true,"href":"https:\/\/www.fedaiisf.it\/en\/wp-json\/wp\/v2\/tags?post=60006"}],"curies":[{"name":"wp","href":"https:\/\/api.w.org\/{rel}","templated":true}]}}