{"id":60076,"date":"2021-09-23T17:34:01","date_gmt":"2021-09-23T15:34:01","guid":{"rendered":"https:\/\/www.fedaiisf.it\/?p=60076"},"modified":"2021-09-23T17:54:37","modified_gmt":"2021-09-23T15:54:37","slug":"ssr-senza-soldi-le-regioni-chiedono-finanziamenti","status":"publish","type":"post","link":"https:\/\/www.fedaiisf.it\/en\/ssr-senza-soldi-le-regioni-chiedono-finanziamenti\/","title":{"rendered":"SSR senza soldi. Le Regioni chiedono finanziamenti."},"content":{"rendered":"<p>Le Regioni hanno investito una grande quantit\u00e0 di risorse per fronteggiare l&#8217;emergenza Covid e ora devono <img loading=\"lazy\" decoding=\"async\" class=\"wp-image-60082 alignright\" src=\"https:\/\/www.fedaiisf.it\/wp-content\/uploads\/2021\/09\/emergenza-covid.jpeg\" alt=\"\" width=\"459\" height=\"275\" srcset=\"https:\/\/www.fedaiisf.it\/wp-content\/uploads\/2021\/09\/emergenza-covid.jpeg 512w, https:\/\/www.fedaiisf.it\/wp-content\/uploads\/2021\/09\/emergenza-covid-300x180.jpeg 300w\" sizes=\"auto, (max-width: 459px) 100vw, 459px\" \/>rientrare per non ritrovarsi a fare conti di fine anno con un dissesto finanziario non ripianabile con i consueti assestamenti di bilancio. Ci sono regioni che parlano di blocco delle assunzioni e tagli al SSR.<\/p>\n<p>La Commissione Salute della Conferenza delle Regioni e delle Province autonome ha predisposto una nota per i Ministri competenti (Franco, Speranza, Gelmini) in cui vengono rilevate cricit\u00e0 relative all\u2019ammontare ed all\u2019utilizzo dei finanziamenti per la gestione emergenziale Covid-19 per l\u2019anno 2021.<\/p>\n<p><em>Le scelte organizzative<\/em>, dice la nota, <em>sono state assunte in un contesto di grave emergenza, in alcuni casi anche prima delle indicazioni nazionali, scontando i limiti derivanti dalla programmazione sanitaria degli anni passati che, in particolare in alcune realt\u00e0, anche per effetto dei piani di rientro, ha determinato una carente dotazione di personale, l&#8217;indisponibilit\u00e0 sul mercato del lavoro di determinate figure professionali sanitarie, una limitata dotazione di posti letto, una insufficiente assistenza territoriale<\/em>.<\/p>\n<p><em>Considerando che stiamo affrontando una fase eccezionale e non una gestione ordinaria,<\/em> prosegue la nota, <em>che nell&#8217;anno 2021 perdurer\u00e0 per l&#8217;intera annualit\u00e0, si ribadisce la necessit\u00e0 di rafforzare ulteriormente la flessibilit\u00e0 nell&#8217;utilizzo delle risorse emergenziali messe a disposizione di ogni singola Regione e Provincia autonoma affinch\u00e9 possano essere utilmente impiegate per copertura di tutte le spese sostenute per la realizzazione degli interventi destinati a fronteggiare l&#8217;emergenza Covid-19, superando i vincoli, le priorit\u00e0 e le limitazioni poste della normativa emergenziale.<\/em><\/p>\n<p><em>Se alle mancate risorse stanziate dai provvedimenti normativi nell&#8217;anno 2021 si sommano le risorse del cd. Payback farmaceutico che sono state utilizzate dalle Regioni per far fronte alla copertura delle spese 2020 per la gestione emergenziale, complessivamente si rilevano minori\u00a0<\/em><em>risorse nell&#8217;anno 2021 per oltre 2,2 mld di euro rispetto all&#8217;anno 2020.<\/em><\/p>\n<p><span style=\"font-size: 14pt;\">Il PNRR sanit\u00e0<\/span><\/p>\n<p>La missione 6 del PNRR prevede un finanziamento di 15,63 miliardi per la sanit\u00e0 (con le altre voci 20,22) e si articola in due componenti:<\/p>\n<ul>\n<li>Reti di prossimit\u00e0, strutture intermedie e telemedicina per l\u2019assistenza sanitaria territoriale<\/li>\n<li>Innovazione, ricerca e digitalizzazione del servizio sanitario nazionale.<\/li>\n<\/ul>\n<p><img loading=\"lazy\" decoding=\"async\" class=\"wp-image-60081 alignleft\" src=\"https:\/\/www.fedaiisf.it\/wp-content\/uploads\/2021\/09\/PNRR-finanziamento-SSN.png\" alt=\"\" width=\"554\" height=\"177\" srcset=\"https:\/\/www.fedaiisf.it\/wp-content\/uploads\/2021\/09\/PNRR-finanziamento-SSN.png 642w, https:\/\/www.fedaiisf.it\/wp-content\/uploads\/2021\/09\/PNRR-finanziamento-SSN-300x96.png 300w\" sizes=\"auto, (max-width: 554px) 100vw, 554px\" \/>Sottolineiamo come la prima sia destinata a rafforzare le prestazioni erogate sul territorio grazie al potenziamento e alla creazione di strutture e presidi territoriali (come le Case della Comunit\u00e0 e gli Ospedali di Comunit\u00e0), al potenziamento dell\u2019assistenza domiciliare, allo sviluppo della telemedicina e una pi\u00f9 efficace integrazione con tutti i servizi socio-sanitari.<\/p>\n<p>Prima di investire per\u00f2 \u00e8 necessario definire e attuare una riforma dei servizi sanitari di prossimit\u00e0 e definire strutture e standard per l\u2019assistenza sul territorio. Il PNRR quindi illustra l\u2019obiettivo di varare una riforma per perseguire una nuova strategia sanitaria, che consenta al Paese di conseguire standard qualitativi di cura adeguati, in linea con i migliori paesi europei e che consideri, sempre pi\u00f9, il SSN come parte di un pi\u00f9 ampio sistema di welfare comunitario.<\/p>\n<p><img loading=\"lazy\" decoding=\"async\" class=\"wp-image-60087 alignright\" src=\"https:\/\/www.fedaiisf.it\/wp-content\/uploads\/2021\/09\/Case-Comunita-Pnrr.png\" alt=\"\" width=\"445\" height=\"226\" srcset=\"https:\/\/www.fedaiisf.it\/wp-content\/uploads\/2021\/09\/Case-Comunita-Pnrr.png 607w, https:\/\/www.fedaiisf.it\/wp-content\/uploads\/2021\/09\/Case-Comunita-Pnrr-300x152.png 300w\" sizes=\"auto, (max-width: 445px) 100vw, 445px\" \/>Nel 2027, quando finiranno le risorse del Recovery Plan, il piano di potenziamento dell\u2019assistenza territoriale sar\u00e0 a regime e dovr\u00e0 marciare solo sulle gambe dei finanziamenti nazionali. A regime, il personale aggiuntivo delle Case della Comunit\u00e0, dell\u2019ADI (assistenza domiciliare integrata) e degli Ospedali di Comunit\u00e0 coster\u00e0 circa 2,08 miliardi l\u2019anno e ad oggi sarebbero coperti solo con circa 745 milioni dell\u2019art. 1 del D.L 34\/2020.<\/p>\n<p>Il Piano di sostenibilit\u00e0 prevede risparmi annui pari a 1.182.674.115 euro ed un incremento del Fondo sanitario nazionale di 180 milioni di euro per una somma complessiva di risorse reperite pari a 1.362.674.115 euro a fronte della necessit\u00e0 di 1.339.218.742,<\/p>\n<p>E&#8217; evidente per\u00f2 che le risorse messe finora a disposizione, ben inferiori al definanziamento del SSN\u00a0 (stimato in 37 miliardi nel decennio 2010-2019), non saranno sufficienti per cambiare radicalmente il sistema sanitario.<\/p>\n<p>Dall\u2019esame dei documenti relativi al PNRR non emerge un reale potenziamento delle cure territoriali.<br \/>\nPer i MMG, che dovrebbero rappresentare il fulcro delle Cure Primarie, \u00e8 previsto un decremento, da 42.000 nel 2020 a 35.300 nel 2027.<br \/>\nPer ogni Casa della Comunit\u00e0 \u00e8 prevista la nuova assunzione di soli due infermieri. Il resto del personale sar\u00e0 quello gi\u00e0 esistente, che sposterebbe la sede di lavoro.<\/p>\n<p>Dal 2027, una volta esaurito il Recovery Fund, si prevede di finanziare l\u2019incremento dei costi del personale per Case della Salute, assistenza domiciliare, Centri di Coordinamento e Ospedali di Comunit\u00e0 con risparmi (tagli?) che dovrebbero realizzarsi nell\u2019ambito del SSN (\u201cSustainability Plan\u201d); risparmi improbabili. C\u2019\u00e8 tempo per trovare una soluzione, ma bisogner\u00e0 pensarci almeno un anno prima per poter completare le procedure di assunzione del personale aggiuntivo necessario.<\/p>\n<p><span style=\"font-size: 14pt;\">Risparmio sulla farmaceutica<\/span><\/p>\n<p><em>Riduzione della spesa farmaceutica relativa a tre classi di farmaci ad alto consumo e con rischio di inappropriatezza<\/em><br \/>\n<img loading=\"lazy\" decoding=\"async\" class=\"wp-image-59870 alignleft\" src=\"https:\/\/www.fedaiisf.it\/wp-content\/uploads\/2021\/09\/Serie-storica-spesa-farmaceutica-2014-20.png\" alt=\"\" width=\"592\" height=\"305\" srcset=\"https:\/\/www.fedaiisf.it\/wp-content\/uploads\/2021\/09\/Serie-storica-spesa-farmaceutica-2014-20.png 896w, https:\/\/www.fedaiisf.it\/wp-content\/uploads\/2021\/09\/Serie-storica-spesa-farmaceutica-2014-20-300x155.png 300w, https:\/\/www.fedaiisf.it\/wp-content\/uploads\/2021\/09\/Serie-storica-spesa-farmaceutica-2014-20-768x396.png 768w\" sizes=\"auto, (max-width: 592px) 100vw, 592px\" \/><\/p>\n<p>Una delle maggiori voci di spesa del SSN italiano \u00e8 riconducibile alla spesa farmaceutica. Nel 2019 \u00e8 stata calcolata una spesa farmaceutica complessiva di 30,8 miliardi di euro, di cui il 76,4% a carico del SSN. Nonostante le numerose indicazioni in letteratura che sottolineano l\u2019importanza di razionalizzare la prescrizione di alcune classi di farmaci, sono ancora numerose le prescrizioni ad alto rischio di inappropriatezza in Italia.<\/p>\n<p>Gli interventi previsti per il potenziamento dell\u2019assistenza territoriale, finalizzati alla presa in carico del cittadino e la promozione dell\u2019assistenza domiciliare, si tradurr\u00e0 in una presa in carico integrata e continua del paziente e quindi anche in una razionalizzazione delle prescrizioni farmaceutiche, in particolare di quelle classi di farmaci caratterizzati da elevato consumo e rischio di inappropriatezza, come gli antibiotici, antiulcera e cardiovascolari.<\/p>\n<p>La riduzione dei costi relativi alla riduzione dei consumi dei farmaci delle tre classi sopra menzionate (antibiotici, antiulcera e cardiovascolari) \u00e8 stata stimata determinando la mediana della spesa farmaceutica tra Regioni italiane e calcolando la differenza tra i consumi delle Regioni con valori maggiori della mediana e la mediana stessa, per un totale di euro 329.000.000.<\/p>\n<p><a href=\"https:\/\/www.fedaiisf.it\/wp-content\/uploads\/2021\/09\/Conf.-Regioni-Nota-Commissione-Sanita-1.pdf\" target=\"_blank\" rel=\"noopener\">Conf. Regioni Nota Commissione Sanit\u00e0<\/a><\/p>\n<p>&nbsp;<\/p>","protected":false},"excerpt":{"rendered":"<p>Le Regioni hanno investito una grande quantit\u00e0 di risorse per fronteggiare l&#8217;emergenza Covid e ora devono rientrare per non ritrovarsi a fare conti di fine anno con un dissesto finanziario non ripianabile con i consueti assestamenti di bilancio. Ci sono regioni che parlano di blocco delle assunzioni e tagli al SSR. La Commissione Salute della &hellip;<\/p>","protected":false},"author":4,"featured_media":60083,"comment_status":"closed","ping_status":"closed","sticky":false,"template":"","format":"standard","meta":{"footnotes":""},"categories":[1],"tags":[26,79],"class_list":["post-60076","post","type-post","status-publish","format-standard","has-post-thumbnail","hentry","category-notizie","tag-spesa-farmaceutica","tag-ssn"],"amp_enabled":true,"_links":{"self":[{"href":"https:\/\/www.fedaiisf.it\/en\/wp-json\/wp\/v2\/posts\/60076","targetHints":{"allow":["GET"]}}],"collection":[{"href":"https:\/\/www.fedaiisf.it\/en\/wp-json\/wp\/v2\/posts"}],"about":[{"href":"https:\/\/www.fedaiisf.it\/en\/wp-json\/wp\/v2\/types\/post"}],"author":[{"embeddable":true,"href":"https:\/\/www.fedaiisf.it\/en\/wp-json\/wp\/v2\/users\/4"}],"replies":[{"embeddable":true,"href":"https:\/\/www.fedaiisf.it\/en\/wp-json\/wp\/v2\/comments?post=60076"}],"version-history":[{"count":0,"href":"https:\/\/www.fedaiisf.it\/en\/wp-json\/wp\/v2\/posts\/60076\/revisions"}],"wp:featuredmedia":[{"embeddable":true,"href":"https:\/\/www.fedaiisf.it\/en\/wp-json\/wp\/v2\/media\/60083"}],"wp:attachment":[{"href":"https:\/\/www.fedaiisf.it\/en\/wp-json\/wp\/v2\/media?parent=60076"}],"wp:term":[{"taxonomy":"category","embeddable":true,"href":"https:\/\/www.fedaiisf.it\/en\/wp-json\/wp\/v2\/categories?post=60076"},{"taxonomy":"post_tag","embeddable":true,"href":"https:\/\/www.fedaiisf.it\/en\/wp-json\/wp\/v2\/tags?post=60076"}],"curies":[{"name":"wp","href":"https:\/\/api.w.org\/{rel}","templated":true}]}}