{"id":60287,"date":"2021-10-06T10:24:35","date_gmt":"2021-10-06T08:24:35","guid":{"rendered":"https:\/\/www.fedaiisf.it\/?p=60287"},"modified":"2021-10-06T10:33:48","modified_gmt":"2021-10-06T08:33:48","slug":"lombardia-moratti-terza-dose","status":"publish","type":"post","link":"https:\/\/www.fedaiisf.it\/en\/lombardia-moratti-terza-dose\/","title":{"rendered":"Lombardy. Moratti: &quot;Third dose to all those who have access to health services in any capacity&quot;"},"content":{"rendered":"<p>\u201cOggi diamo il via ad una nuova tappa di questo piano vaccinale che prosegue con successo come ha confermato ieri anche il generale Figliuolo. Per tutte le fasce di et\u00e0 cresce, infatti, di giorno in giorno, il numero <img loading=\"lazy\" decoding=\"async\" class=\"wp-image-60290 alignright\" src=\"https:\/\/www.fedaiisf.it\/wp-content\/uploads\/2021\/10\/Moratti-vaccino-terza-dose-operatori.jpg\" alt=\"\" width=\"347\" height=\"315\" srcset=\"https:\/\/www.fedaiisf.it\/wp-content\/uploads\/2021\/10\/Moratti-vaccino-terza-dose-operatori.jpg 482w, https:\/\/www.fedaiisf.it\/wp-content\/uploads\/2021\/10\/Moratti-vaccino-terza-dose-operatori-300x273.jpg 300w\" sizes=\"auto, (max-width: 347px) 100vw, 347px\" \/>di vaccinati\u201d.<\/p>\n<p>Lo ha detto oggi la vicepresidente e assessore al Welfare di Regione Lombardia nel corso della conferenza stampa sull\u2019andamento della campagna vaccinale lombarda. Va anche detto che proprio nei giorni scorsi \u00e8 stata in visita in Regione Lombardia il Commissario Nazionale Generale Figliuolo il quale si \u00e8 complimentato per i risultati ottenuti dalla campagna vaccinale.<\/p>\n<p>L\u2019ELENCO DI CHI HA DIRITTO\u00a0ALLA TERZA DOSE ANTICOVID<\/p>\n<p>\u201cDa gioved\u00ec, negli hub vaccinali lombardi, ci sar\u00e0 la possibilit\u00e0 di somministrare, in maniera abbinata, il vaccino anti Covid assieme al vaccino antinfluenzale a chi ne ha diritto.<\/p>\n<p><strong>Il commissario Figliuolo \u2013 ha invece ricordato oggi Letizia Moratti \u2013 ci ha concesso di <span style=\"color: #000000;\">vaccinare tutti coloro che hanno accesso ai servizi sanitari a qualsiasi titolo e hanno ricevuto la seconda dose da sei mesi: medici, infermieri, Oss, addetti alle mense, addetti alle pulizie, volontari del soccorso<\/span><\/strong><span style=\"color: #000000;\"> potranno dunque ricevere la terza dose.<\/span><\/p>\n<p>Ema ha inoltre appena approvato la somministrazione della terza dose anche agli over 18: Regione Lombardia anche per questo calendario, \u00e8 gi\u00e0 pronta ad attivarsi sulla base delle indicazioni che arriveranno dal Ministero della Salute\u201d.<\/p>\n<p>From <a href=\"https:\/\/www.sanitadomani.com\/moratti-terza-dose-piu-antinfluenzale\/\" target=\"_blank\" rel=\"noopener\">Sanit\u00e0 Domani del 5 ottobre 2021<\/a><\/p>\n<p><a href=\"https:\/\/youtu.be\/plupGs_m6WY\" target=\"_blank\" rel=\"noopener\">Video Conferenza stampa Moratti su terza dose<\/a> (minuto 9:35)<\/p>\n<p><img loading=\"lazy\" decoding=\"async\" class=\"wp-image-60294 aligncenter\" src=\"https:\/\/www.fedaiisf.it\/wp-content\/uploads\/2021\/10\/Calendario-vaccinale-3-dose-lombardia.jpg\" alt=\"\" width=\"569\" height=\"255\" srcset=\"https:\/\/www.fedaiisf.it\/wp-content\/uploads\/2021\/10\/Calendario-vaccinale-3-dose-lombardia.jpg 482w, https:\/\/www.fedaiisf.it\/wp-content\/uploads\/2021\/10\/Calendario-vaccinale-3-dose-lombardia-300x134.jpg 300w\" sizes=\"auto, (max-width: 569px) 100vw, 569px\" \/><\/p>","protected":false},"excerpt":{"rendered":"<p>\u201cOggi diamo il via ad una nuova tappa di questo piano vaccinale che prosegue con successo come ha confermato ieri anche il generale Figliuolo. Per tutte le fasce di et\u00e0 cresce, infatti, di giorno in giorno, il numero di vaccinati\u201d. Lo ha detto oggi la vicepresidente e assessore al Welfare di Regione Lombardia nel corso &hellip;<\/p>","protected":false},"author":4,"featured_media":60291,"comment_status":"closed","ping_status":"closed","sticky":false,"template":"","format":"standard","meta":{"footnotes":""},"categories":[1],"tags":[],"class_list":["post-60287","post","type-post","status-publish","format-standard","has-post-thumbnail","hentry","category-notizie"],"amp_enabled":true,"_links":{"self":[{"href":"https:\/\/www.fedaiisf.it\/en\/wp-json\/wp\/v2\/posts\/60287","targetHints":{"allow":["GET"]}}],"collection":[{"href":"https:\/\/www.fedaiisf.it\/en\/wp-json\/wp\/v2\/posts"}],"about":[{"href":"https:\/\/www.fedaiisf.it\/en\/wp-json\/wp\/v2\/types\/post"}],"author":[{"embeddable":true,"href":"https:\/\/www.fedaiisf.it\/en\/wp-json\/wp\/v2\/users\/4"}],"replies":[{"embeddable":true,"href":"https:\/\/www.fedaiisf.it\/en\/wp-json\/wp\/v2\/comments?post=60287"}],"version-history":[{"count":0,"href":"https:\/\/www.fedaiisf.it\/en\/wp-json\/wp\/v2\/posts\/60287\/revisions"}],"wp:featuredmedia":[{"embeddable":true,"href":"https:\/\/www.fedaiisf.it\/en\/wp-json\/wp\/v2\/media\/60291"}],"wp:attachment":[{"href":"https:\/\/www.fedaiisf.it\/en\/wp-json\/wp\/v2\/media?parent=60287"}],"wp:term":[{"taxonomy":"category","embeddable":true,"href":"https:\/\/www.fedaiisf.it\/en\/wp-json\/wp\/v2\/categories?post=60287"},{"taxonomy":"post_tag","embeddable":true,"href":"https:\/\/www.fedaiisf.it\/en\/wp-json\/wp\/v2\/tags?post=60287"}],"curies":[{"name":"wp","href":"https:\/\/api.w.org\/{rel}","templated":true}]}}