{"id":60337,"date":"2021-10-09T15:08:32","date_gmt":"2021-10-09T13:08:32","guid":{"rendered":"https:\/\/www.fedaiisf.it\/?p=60337"},"modified":"2021-10-09T11:36:55","modified_gmt":"2021-10-09T09:36:55","slug":"lettera-aperta-dellerbochimico-pelini-litalia-deve-difendere-linteresse-salutistico-e-prima-ancora-scientifico-delle-piante-dallo-straordinario-potenziale-farmaceutico","status":"publish","type":"post","link":"https:\/\/www.fedaiisf.it\/en\/lettera-aperta-dellerbochimico-pelini-litalia-deve-difendere-linteresse-salutistico-e-prima-ancora-scientifico-delle-piante-dallo-straordinario-potenziale-farmaceutico\/","title":{"rendered":"Open letter from the herbal chemist Pelini: &quot;Italy must defend the health and scientific interest of plants with extraordinary pharmaceutical potential"},"content":{"rendered":"<p><span style=\"font-size: 14pt;\">LETTERA APERTA: PELINI, \u201cIl mio non \u00e8 un attacco all\u2019Europa ma una difesa nei confronti dei Botanicals e della Scienza.&#8221;<\/span><\/p>\n<p><img loading=\"lazy\" decoding=\"async\" class=\"wp-image-60342 alignright\" src=\"https:\/\/www.fedaiisf.it\/wp-content\/uploads\/2021\/10\/PAOLO-PELINI-erbochimico.jpeg\" alt=\"\" width=\"194\" height=\"211\" srcset=\"https:\/\/www.fedaiisf.it\/wp-content\/uploads\/2021\/10\/PAOLO-PELINI-erbochimico.jpeg 371w, https:\/\/www.fedaiisf.it\/wp-content\/uploads\/2021\/10\/PAOLO-PELINI-erbochimico-275x300.jpeg 275w\" sizes=\"auto, (max-width: 194px) 100vw, 194px\" \/>Nei mesi scorsi ho lanciato l&#8217;allarme se cos\u00ec si pu\u00f2 definire nei confronti di un atteggiamento da parte dell&#8217;Europa e pi\u00f9 in generale da parte di chi vorrebbe far scomparire gli estratti vegetali dal panorama salutistico europeo lanciando allarmi su presunti pericolosi effetti tossici prima delle piante antrachinoniche quali ad esempio l&#8217;aloe e oggi sull&#8217;olio essenziale di lavanda, piuttosto che sul riso rosso fermentato, senza alcuna prova scientifica basata su sperimentazioni citotossicologiche ad hoc realizzate sui casi in questione come si dovrebbe!<\/p>\n<p>Come ben noto ho presentato ai ministeri italiani competenti della salute e del MIPAAF (n.d.r.:\u00a0<em>Ministero delle politiche agricole alimentari e forestali)\u00a0<\/em>nonch\u00e9 alle Commissioni del Senato e della stessa Commissione Europea le mie considerazioni e i miei studi scientifici e ricerche che smentiscono tali tesi di tossicit\u00e0 di questi estratti. Tale denuncia in primis al governo e ai mezzi di informazione non vuole essere assolutamente un attacco all&#8217;Europa n\u00e9 un atteggiamento anti europeista ma la volont\u00e0 come scienziato di far prevalere la verit\u00e0 scientifica e il metodo scientifico su atteggiamenti di altro tipo scatenati da quei paesi che non hanno nella loro cultura l&#8217;utilizzo delle piante quali aloe, lavanda ecc&#8230;<\/p>\n<p>E della necessit\u00e0 da parte dell&#8217;Italia e degli altri paesi che invece hanno una cultura millenaria in questo campo di difendere l&#8217;interesse salutistico e prima ancora scientifico di queste piante come uno straordinario potenziale farmaceutico che sempre di pi\u00f9 sta acquisendo importanza nella nostra salute.<\/p>\n<p>Il mio impegno come scienziato sar\u00e0 massimo nel denunciare attivit\u00e0 antiscientifiche nei confronti dei \u201cbotanicals\u201d da qualunque parte esse vengano, senza riguardi per nessuno.<\/p>\n<p><strong>Paul Pellini\u00a0<\/strong><\/p>\n<p><strong>Herbochemist profession<br \/>\n<\/strong><\/p>\n<p><strong>Consulenza e Ricerca Controllo Qualit\u00e0 e Valutazione Farmacognostica degli Estratti Vegetali di Piante Officinali<\/strong><\/p>\n<p><strong>Studio Erbochimico di Consulenza Scientifica e Ricerca Pelini<br \/>\n<\/strong><strong>Fondatore\u00a0Cytotoxicology Research Italy- Portale di Citotossicologia su Estratti Vegetali<br \/>\n<\/strong><\/p>\n<p><strong>Rome Italy<\/strong><\/p>\n<p>Tel:351\/0461450<br \/>\n<strong>E-mail:\u00a0<a href=\"mailto:paolo.pelini@gmail.com\">paolo.pelini@gmail.com<\/a><\/strong><\/p>\n<p><strong><a href=\"http:\/\/www.paolopelinierbochimico.it\/\" target=\"_blank\" rel=\"noopener\">http:\/\/www.paolopelinierbochimico.it<\/a><\/strong><\/p>\n<p>Related news:\u00a0<a href=\"https:\/\/sites.google.com\/view\/paolopelinierbochimico\/note-e-comunicati-stampa#h.dja6429wtbq8\" target=\"_blank\" rel=\"noopener\">Pelini, non \u00e8 affatto vero che l&#8217;aloe provochi il cancro come vuole far credere l\u2019Europa e la scienza lo dimostra<\/a><\/p>\n<hr \/>\n<p>Editor&#039;s note:\u00a0<em>la pubblicazione delle lettere o di articoli ricevuti dalla redazione non significa necessariamente la condivisione dei contenuti in essi espressi. Pertanto qualsiasi opinione, consiglio, comunicato o altre informazioni espresse o rese disponibili da terzi non \u00e8 attribuibile n\u00e9 \u00e8 necessariamente condivisa da Fedaiisf bens\u00ec ai rispettivi autori che se ne assumono la relativa responsabilit\u00e0.<\/em><\/p>\n<p>&nbsp;<\/p>","protected":false},"excerpt":{"rendered":"<p>LETTERA APERTA: PELINI, \u201cIl mio non \u00e8 un attacco all\u2019Europa ma una difesa nei confronti dei Botanicals e della Scienza.&#8221; Nei mesi scorsi ho lanciato l&#8217;allarme se cos\u00ec si pu\u00f2 definire nei confronti di un atteggiamento da parte dell&#8217;Europa e pi\u00f9 in generale da parte di chi vorrebbe far scomparire gli estratti vegetali dal panorama &hellip;<\/p>","protected":false},"author":4,"featured_media":60343,"comment_status":"closed","ping_status":"closed","sticky":false,"template":"","format":"standard","meta":{"footnotes":""},"categories":[1],"tags":[37],"class_list":["post-60337","post","type-post","status-publish","format-standard","has-post-thumbnail","hentry","category-notizie","tag-lettere-alla-redazione"],"amp_enabled":true,"_links":{"self":[{"href":"https:\/\/www.fedaiisf.it\/en\/wp-json\/wp\/v2\/posts\/60337","targetHints":{"allow":["GET"]}}],"collection":[{"href":"https:\/\/www.fedaiisf.it\/en\/wp-json\/wp\/v2\/posts"}],"about":[{"href":"https:\/\/www.fedaiisf.it\/en\/wp-json\/wp\/v2\/types\/post"}],"author":[{"embeddable":true,"href":"https:\/\/www.fedaiisf.it\/en\/wp-json\/wp\/v2\/users\/4"}],"replies":[{"embeddable":true,"href":"https:\/\/www.fedaiisf.it\/en\/wp-json\/wp\/v2\/comments?post=60337"}],"version-history":[{"count":0,"href":"https:\/\/www.fedaiisf.it\/en\/wp-json\/wp\/v2\/posts\/60337\/revisions"}],"wp:featuredmedia":[{"embeddable":true,"href":"https:\/\/www.fedaiisf.it\/en\/wp-json\/wp\/v2\/media\/60343"}],"wp:attachment":[{"href":"https:\/\/www.fedaiisf.it\/en\/wp-json\/wp\/v2\/media?parent=60337"}],"wp:term":[{"taxonomy":"category","embeddable":true,"href":"https:\/\/www.fedaiisf.it\/en\/wp-json\/wp\/v2\/categories?post=60337"},{"taxonomy":"post_tag","embeddable":true,"href":"https:\/\/www.fedaiisf.it\/en\/wp-json\/wp\/v2\/tags?post=60337"}],"curies":[{"name":"wp","href":"https:\/\/api.w.org\/{rel}","templated":true}]}}