{"id":60434,"date":"2021-10-13T17:09:13","date_gmt":"2021-10-13T15:09:13","guid":{"rendered":"https:\/\/www.fedaiisf.it\/?p=60434"},"modified":"2021-10-13T17:16:12","modified_gmt":"2021-10-13T15:16:12","slug":"modena-lotta-al-covid-il-ringraziamento-delle-autorita-a-tutti-i-volontari-compresa-aiisf","status":"publish","type":"post","link":"https:\/\/www.fedaiisf.it\/en\/modena-lotta-al-covid-il-ringraziamento-delle-autorita-a-tutti-i-volontari-compresa-aiisf\/","title":{"rendered":"Modena. Fight against Covid. Thanks from the authorities to all the volunteers, including AIISF, federated Fedaiisf"},"content":{"rendered":"<p>Presso il punto vaccinale di Modena situato all&#8217;ex hangar aeronautica, il Sindaco di Modena, Muzzarelli, il<br \/>\n<img loading=\"lazy\" decoding=\"async\" class=\"wp-image-60440 alignleft\" src=\"https:\/\/www.fedaiisf.it\/wp-content\/uploads\/2021\/10\/Schermata-2-2021-10-13-alle-11.12.28.png\" alt=\"\" width=\"308\" height=\"197\" srcset=\"https:\/\/www.fedaiisf.it\/wp-content\/uploads\/2021\/10\/Schermata-2-2021-10-13-alle-11.12.28.png 416w, https:\/\/www.fedaiisf.it\/wp-content\/uploads\/2021\/10\/Schermata-2-2021-10-13-alle-11.12.28-300x192.png 300w\" sizes=\"auto, (max-width: 308px) 100vw, 308px\" \/>Direttore generale AUSL di Modena Brambilla, il Direttore del distretto di Modena, Span\u00f2, hanno personalmente ringraziato tutti i volontari che negli ultimi mesi hanno dato il loro contributo alla lotta contro il Covid.<\/p>\n<p>Tremila attestati, tremila \u201cgrazie\u201d per tutto l\u2019impegno offerto per la buona riuscita della campagna anti-Covid. Modena ha omaggiato i suoi volontari e le associazioni del territorio che hanno reso possibile, in poco pi\u00f9 di nove mesi, superare l\u201980% della popolazione vaccinata a ciclo completo.<\/p>\n<p>Ci scrivono i colleghi modenesi:<\/p>\n<p style=\"padding-left: 40px;\"><span style=\"font-size: 14pt;\"><em>&#8220;Come sezione Aiisf, federata Fedaiisf, di Modena ci \u00e8 stato consegnato l\u2019attestato sia come <img loading=\"lazy\" decoding=\"async\" class=\"wp-image-60443 alignright\" src=\"https:\/\/www.fedaiisf.it\/wp-content\/uploads\/2021\/10\/Gazzetta-Modena.jpg\" alt=\"\" width=\"389\" height=\"292\" srcset=\"https:\/\/www.fedaiisf.it\/wp-content\/uploads\/2021\/10\/Gazzetta-Modena.jpg 642w, https:\/\/www.fedaiisf.it\/wp-content\/uploads\/2021\/10\/Gazzetta-Modena-300x225.jpg 300w\" sizes=\"auto, (max-width: 389px) 100vw, 389px\" \/>sezione ma anche personale ad ognuno di noi volontari. Gli attestati sono stati consegnati agli ISF dal direttore del Dipartimento di Sanit\u00e0 Pubblica di Modena, dott. Davide Ferrari, che nel discorso di ringraziamento ha ripercorso le attivit\u00e0 svolte dagli Informatori Scientifici Volontari impegnati gi\u00e0 da marzo 2020 presso il Dipartimento di Sanit\u00e0 Pubblica, nei servizi di invio mail per inizio e fine isolamento, tracciamento contatti, controllo tamponi nelle CRA, call center a servizio della popolazione, indagini epidemiologiche ed ora in supporto al centro vaccinale nei servizi di Accoglienza ed Accettazione insieme alle altre associazioni di Volontariato. <\/em><\/span><\/p>\n<p style=\"padding-left: 40px;\"><span style=\"font-size: 14pt;\"><em>A ritirare gli attestati sono stati i colleghi ISF Fabio Francia, consigliere della sezione Fedaiisf di Modena e responsabile della formazione e attivit\u00e0 di volontariato e Massimo Camatti, presidente della sezione Fedaiisf di Modena. <\/em><\/span><\/p>\n<p style=\"padding-left: 40px;\"><span style=\"font-size: 14pt;\"><em>I colleghi ISF Volontari ai quali \u00e8 stato consegnato attestato sono : <\/em><\/span><br \/>\n<span style=\"font-size: 14pt;\"><em><strong>Braglia Elisa, Camatti Massimo, Ferrari Simonetta, Francia Fabio, Giuffrida Sandra, Leonardi Monica, Levizzani Stefano, Malagoli Rossana, Panaja Rosa Maria, Parisini Barbara, Pellegrino Andrea, Preti Jessica, Santi Veronica, Tacconi Stefano, Traini Martina.<\/strong> <\/em><\/span><\/p>\n<p style=\"padding-left: 40px;\"><span style=\"font-size: 14pt;\"><em>Come ISF Volontari siamo orgogliosi di avere ricevuto l\u2019 attestato e di essere riusciti a mettere a disposizione le nostre competenze per il bene pubblico. Ringraziamo il dott. Span\u00f2 per avere creduto in noi fin dall\u2019inizio cosicch\u00e9 siamo riusciti a dare una mano alla Sanit\u00e0 Modenese da marzo 2020 inizio della pandemia<\/em><\/span><\/p>\n<p style=\"padding-left: 40px;\"><span style=\"font-size: 14pt;\"><em>Gli Informatori Scientifici Volontari della Sezione Aiisf-FEDAIISF di Modena&#8221;<\/em><\/span><\/p>\n<p><img loading=\"lazy\" decoding=\"async\" class=\"wp-image-59770 alignleft\" src=\"https:\/\/www.fedaiisf.it\/wp-content\/uploads\/2021\/08\/AIISF-Modena-volontari-2-Camatti.png\" alt=\"\" width=\"151\" height=\"175\" srcset=\"https:\/\/www.fedaiisf.it\/wp-content\/uploads\/2021\/08\/AIISF-Modena-volontari-2-Camatti.png 707w, https:\/\/www.fedaiisf.it\/wp-content\/uploads\/2021\/08\/AIISF-Modena-volontari-2-Camatti-259x300.png 259w\" sizes=\"auto, (max-width: 151px) 100vw, 151px\" \/>L&#8217;avvenimento \u00e8 stato riportato con grande risalto sia dalla TV locale, <a href=\"https:\/\/www.modenaindiretta.it\/telegiornale-modena-martedi-12-ottobre-2021\/\" target=\"_blank\" rel=\"noopener\">TRC Modena<\/a>, sia dal quotidiano la <a href=\"https:\/\/gazzettadimodena.gelocal.it\/modena\/cronaca\/2021\/10\/12\/news\/tremila-grazie-ai-volontari-in-prima-linea-contro-il-covid-1.40803382\" target=\"_blank\" rel=\"noopener\">Gazzetta di Modena<\/a>. Sul quotidiano \u00e8 riportata una breve dichiarazione: &#8220;<em>Noi siamo stati al centralino sia per il servizio di contact tracing sia per dare informazioni sulle vaccinazioni &#8211; ci spiegano Massimo Camatt<\/em>i (ndr: per un refuso \u00e8 scritto Tamatti) <em>e Fabio Francia di Fedaiisf, la federazione delle associazioni degli informatori scientifici del farmaco e del parafarmaco&#8221;.<\/em><\/p>\n<p>Un bella soddisfazione per gli ISF modenesi che hanno visto riconosciuto e apprezzato il loro lavoro a favore della comunit\u00e0<\/p>\n<p><img loading=\"lazy\" decoding=\"async\" class=\"alignnone size-full wp-image-60444\" src=\"https:\/\/www.fedaiisf.it\/wp-content\/uploads\/2021\/10\/attyestati-1.png\" alt=\"\" width=\"746\" height=\"836\" srcset=\"https:\/\/www.fedaiisf.it\/wp-content\/uploads\/2021\/10\/attyestati-1.png 746w, https:\/\/www.fedaiisf.it\/wp-content\/uploads\/2021\/10\/attyestati-1-268x300.png 268w\" sizes=\"auto, (max-width: 746px) 100vw, 746px\" \/><\/p>\n<p><img loading=\"lazy\" decoding=\"async\" class=\"alignnone wp-image-60445\" src=\"https:\/\/www.fedaiisf.it\/wp-content\/uploads\/2021\/10\/Attestati-2.png\" alt=\"\" width=\"737\" height=\"772\" srcset=\"https:\/\/www.fedaiisf.it\/wp-content\/uploads\/2021\/10\/Attestati-2.png 813w, https:\/\/www.fedaiisf.it\/wp-content\/uploads\/2021\/10\/Attestati-2-286x300.png 286w, https:\/\/www.fedaiisf.it\/wp-content\/uploads\/2021\/10\/Attestati-2-768x805.png 768w\" sizes=\"auto, (max-width: 737px) 100vw, 737px\" \/><\/p>\n<p><img loading=\"lazy\" decoding=\"async\" class=\"alignnone wp-image-60447\" src=\"https:\/\/www.fedaiisf.it\/wp-content\/uploads\/2021\/10\/Schermata-2021-10-13-alle-17.00.44.png\" alt=\"\" width=\"737\" height=\"562\" srcset=\"https:\/\/www.fedaiisf.it\/wp-content\/uploads\/2021\/10\/Schermata-2021-10-13-alle-17.00.44.png 751w, https:\/\/www.fedaiisf.it\/wp-content\/uploads\/2021\/10\/Schermata-2021-10-13-alle-17.00.44-300x229.png 300w\" sizes=\"auto, (max-width: 737px) 100vw, 737px\" \/><\/p>","protected":false},"excerpt":{"rendered":"<p>Presso il punto vaccinale di Modena situato all&#8217;ex hangar aeronautica, il Sindaco di Modena, Muzzarelli, il Direttore generale AUSL di Modena Brambilla, il Direttore del distretto di Modena, Span\u00f2, hanno personalmente ringraziato tutti i volontari che negli ultimi mesi hanno dato il loro contributo alla lotta contro il Covid. Tremila attestati, tremila \u201cgrazie\u201d per tutto &hellip;<\/p>","protected":false},"author":4,"featured_media":60441,"comment_status":"closed","ping_status":"closed","sticky":false,"template":"","format":"standard","meta":{"footnotes":""},"categories":[1],"tags":[45,39],"class_list":["post-60434","post","type-post","status-publish","format-standard","has-post-thumbnail","hentry","category-notizie","tag-fedaiisf","tag-vaccini"],"amp_enabled":true,"_links":{"self":[{"href":"https:\/\/www.fedaiisf.it\/en\/wp-json\/wp\/v2\/posts\/60434","targetHints":{"allow":["GET"]}}],"collection":[{"href":"https:\/\/www.fedaiisf.it\/en\/wp-json\/wp\/v2\/posts"}],"about":[{"href":"https:\/\/www.fedaiisf.it\/en\/wp-json\/wp\/v2\/types\/post"}],"author":[{"embeddable":true,"href":"https:\/\/www.fedaiisf.it\/en\/wp-json\/wp\/v2\/users\/4"}],"replies":[{"embeddable":true,"href":"https:\/\/www.fedaiisf.it\/en\/wp-json\/wp\/v2\/comments?post=60434"}],"version-history":[{"count":0,"href":"https:\/\/www.fedaiisf.it\/en\/wp-json\/wp\/v2\/posts\/60434\/revisions"}],"wp:featuredmedia":[{"embeddable":true,"href":"https:\/\/www.fedaiisf.it\/en\/wp-json\/wp\/v2\/media\/60441"}],"wp:attachment":[{"href":"https:\/\/www.fedaiisf.it\/en\/wp-json\/wp\/v2\/media?parent=60434"}],"wp:term":[{"taxonomy":"category","embeddable":true,"href":"https:\/\/www.fedaiisf.it\/en\/wp-json\/wp\/v2\/categories?post=60434"},{"taxonomy":"post_tag","embeddable":true,"href":"https:\/\/www.fedaiisf.it\/en\/wp-json\/wp\/v2\/tags?post=60434"}],"curies":[{"name":"wp","href":"https:\/\/api.w.org\/{rel}","templated":true}]}}