{"id":60577,"date":"2021-10-21T10:15:38","date_gmt":"2021-10-21T08:15:38","guid":{"rendered":"https:\/\/www.fedaiisf.it\/?p=60577"},"modified":"2021-10-28T18:09:05","modified_gmt":"2021-10-28T16:09:05","slug":"avellino-terza-dose-per-isf-sabato-23-ottobre","status":"publish","type":"post","link":"https:\/\/www.fedaiisf.it\/en\/avellino-terza-dose-per-isf-sabato-23-ottobre\/","title":{"rendered":"Avellino. Third dose for ISF on Saturday 23 October"},"content":{"rendered":"<p>Continua la Campagna Vaccinale dell\u2019Asl di Avellino con la somministrazione delle terze dosi per il personale <img loading=\"lazy\" decoding=\"async\" class=\"wp-image-60582 alignright\" src=\"https:\/\/www.fedaiisf.it\/wp-content\/uploads\/2021\/10\/Avellino-Centro-vaccinale-1024x576.jpeg\" alt=\"\" width=\"336\" height=\"189\" srcset=\"https:\/\/www.fedaiisf.it\/wp-content\/uploads\/2021\/10\/Avellino-Centro-vaccinale-1024x576.jpeg 1024w, https:\/\/www.fedaiisf.it\/wp-content\/uploads\/2021\/10\/Avellino-Centro-vaccinale-300x169.jpeg 300w, https:\/\/www.fedaiisf.it\/wp-content\/uploads\/2021\/10\/Avellino-Centro-vaccinale-768x432.jpeg 768w, https:\/\/www.fedaiisf.it\/wp-content\/uploads\/2021\/10\/Avellino-Centro-vaccinale-390x220.jpeg 390w, https:\/\/www.fedaiisf.it\/wp-content\/uploads\/2021\/10\/Avellino-Centro-vaccinale.jpeg 1061w\" sizes=\"auto, (max-width: 336px) 100vw, 336px\" \/>sanitario. Domani 21 ottobre e venerd\u00ec 22 ottobre 2021 i Centri Vaccinali dell\u2019Asl di Avellino, oltre a garantire la somministrazione delle seconde dosi secondo calendario, saranno aperti dalle 8.00 alle 14.00 a tutti i cittadini, a partire dai 12 anni, senza prenotazione, per la somministrazione della prima dose di vaccino e per la terza \u201cdose addizionale\u201d per i soggetti \u00a0trapiantanti e immunicompromessi e la terza \u201cdose booster\u201d per il personale sanitario e non delle Strutture Accreditate, gli iscritti all\u2019Ordine degli Infermieri, le professioni sanitarie e i veterinari.<\/p>\n<p>L\u2019accesso avverr\u00e0 in modalit\u00e0 open-day, nelle fasce orarie indicate. Il personale dei punti vaccinali \u00e8 autorizzato a chiedere l\u2019esibizione del tesserino di iscrizione all\u2019ordine ai fini della regolamentazione degli accessi.<\/p>\n<p><span style=\"font-size: 14pt;\">Sabato 23 ottobre sar\u00e0 possibile accedere alla somministrazione della \u201cdose booster\u201d per il personale sanitario e non delle Strutture Accreditate e per gli <span style=\"text-decoration: underline;\"><strong>informatori scientifici.<\/strong><\/span> Si ricorda che la dose booster pu\u00f2 essere somministrata ad almeno 6 mesi dal completamento del ciclo vaccinale.<\/span><\/p>\n<p><span style=\"font-size: 12pt;\">Sabato 23 ottobre 2021 saranno attivi i Centri Vaccinali di Altavilla Irpina, Ariano Irpino (Vita), Atripalda, Avellino (Paladelmauro), Bisaccia, Cervinara, Grottaminarda, Montella, Monteforte Irpino, Moschiano, Mugnano del Cardinale, Solofra<\/span><\/p>\n<p><a href=\"https:\/\/www.aslavellino.it\/index.php\/it\/sempre-informati\/news\/1806-campagna-vaccinale-anti-covid-open-day-per-strutture-accreditate-infermieri-professioni-sanitarie-veterinari-informatori\" target=\"_blank\" rel=\"noopener\">ASL Avellino &#8211; 20 ottobre 2021<\/a><\/p>\n<p>Related news: <a href=\"https:\/\/www.aslavellino.it\/index.php\/it\/sempre-informati\/news\/1805-aggiornamento-delle-indicazioni-sulla-somministrazione-di-dosi-addizionali-e-dosi-booster-nell-ambito-della-campagna-di-vaccinazione-anti-sars-cov-2-covid-19\" target=\"_blank\" rel=\"noopener\">ASL Avellino.\u00a0Aggiornamento delle indicazioni sulla somministrazione di dosi addizionali e dosi &#8220;Booster&#8221;, nell&#8217;ambito della campagna di vaccinazione anti Sars Cov-2\/Covid-19<\/a><\/p>\n<p>&nbsp;<\/p>","protected":false},"excerpt":{"rendered":"<p>Continua la Campagna Vaccinale dell\u2019Asl di Avellino con la somministrazione delle terze dosi per il personale sanitario. Domani 21 ottobre e venerd\u00ec 22 ottobre 2021 i Centri Vaccinali dell\u2019Asl di Avellino, oltre a garantire la somministrazione delle seconde dosi secondo calendario, saranno aperti dalle 8.00 alle 14.00 a tutti i cittadini, a partire dai 12 &hellip;<\/p>","protected":false},"author":4,"featured_media":60585,"comment_status":"closed","ping_status":"closed","sticky":false,"template":"","format":"standard","meta":{"footnotes":""},"categories":[14],"tags":[21,39],"class_list":["post-60577","post","type-post","status-publish","format-standard","has-post-thumbnail","hentry","category-news-fedaiisf","tag-informatori-scientifici","tag-vaccini"],"amp_enabled":true,"_links":{"self":[{"href":"https:\/\/www.fedaiisf.it\/en\/wp-json\/wp\/v2\/posts\/60577","targetHints":{"allow":["GET"]}}],"collection":[{"href":"https:\/\/www.fedaiisf.it\/en\/wp-json\/wp\/v2\/posts"}],"about":[{"href":"https:\/\/www.fedaiisf.it\/en\/wp-json\/wp\/v2\/types\/post"}],"author":[{"embeddable":true,"href":"https:\/\/www.fedaiisf.it\/en\/wp-json\/wp\/v2\/users\/4"}],"replies":[{"embeddable":true,"href":"https:\/\/www.fedaiisf.it\/en\/wp-json\/wp\/v2\/comments?post=60577"}],"version-history":[{"count":0,"href":"https:\/\/www.fedaiisf.it\/en\/wp-json\/wp\/v2\/posts\/60577\/revisions"}],"wp:featuredmedia":[{"embeddable":true,"href":"https:\/\/www.fedaiisf.it\/en\/wp-json\/wp\/v2\/media\/60585"}],"wp:attachment":[{"href":"https:\/\/www.fedaiisf.it\/en\/wp-json\/wp\/v2\/media?parent=60577"}],"wp:term":[{"taxonomy":"category","embeddable":true,"href":"https:\/\/www.fedaiisf.it\/en\/wp-json\/wp\/v2\/categories?post=60577"},{"taxonomy":"post_tag","embeddable":true,"href":"https:\/\/www.fedaiisf.it\/en\/wp-json\/wp\/v2\/tags?post=60577"}],"curies":[{"name":"wp","href":"https:\/\/api.w.org\/{rel}","templated":true}]}}