{"id":60607,"date":"2021-10-21T19:45:10","date_gmt":"2021-10-21T17:45:10","guid":{"rendered":"https:\/\/www.fedaiisf.it\/?p=60607"},"modified":"2021-10-21T19:45:10","modified_gmt":"2021-10-21T17:45:10","slug":"stabilimento-pfizer-di-catania-a-rischio-di-chiusura-delocalizzazione-in-cina","status":"publish","type":"post","link":"https:\/\/www.fedaiisf.it\/en\/stabilimento-pfizer-di-catania-a-rischio-di-chiusura-delocalizzazione-in-cina\/","title":{"rendered":"Pfizer plant in Catania at risk of closure. Relocation to China"},"content":{"rendered":"<h1 class=\"entry-title title has-text-weight-bold\">Pfizer Catania, i sindacati: \u201cNecessario confronto con i vertici\u201d<\/h1>\n<p class=\"entry-title title has-text-weight-bold\"><span style=\"font-size: 14pt;\">La nota di Cgil, Cisl, Uil e Ugl: &#8220;Previsto un calo dell&#8217;occupazione, pronti ad altre proteste&#8221;<\/span><\/p>\n<p><a href=\"https:\/\/livesicilia.it\/2021\/10\/21\/catania-pfizer-sindacati\/?refresh_ce\" target=\"_blank\" rel=\"noopener\">Live Sicilia &#8211; 21 ottobre 2021<\/a><\/p>\n<p><img loading=\"lazy\" decoding=\"async\" class=\"wp-image-60608 alignright\" src=\"https:\/\/www.fedaiisf.it\/wp-content\/uploads\/2021\/10\/Sit-in-Pfizer-Catania.png\" alt=\"\" width=\"438\" height=\"287\" srcset=\"https:\/\/www.fedaiisf.it\/wp-content\/uploads\/2021\/10\/Sit-in-Pfizer-Catania.png 652w, https:\/\/www.fedaiisf.it\/wp-content\/uploads\/2021\/10\/Sit-in-Pfizer-Catania-300x196.png 300w\" sizes=\"auto, (max-width: 438px) 100vw, 438px\" \/>Rischio di licenziamenti nella struttura catanese di Pfizer, arriva la reazione dei sindacati. Come si legge in una nota diffusa da Cgil, Cisl, Uil, Ugl e sindacati di categoria: \u201cLa Pfizer tace sul futuro dello stabilimento catanese. Noi, forti del sostegno di centinaia di lavoratrici e lavoratori che oggi hanno manifestato dinanzi ai cancelli aziendali, continuiamo a sollecitare un confronto. Pfizer pu\u00f2 e deve diversificare le produzioni. Siano vaccini o altri farmaci, qui esistono risorse umane e professionali all\u2019altezza del compito\u201d. I sindacati hanno promosso oggi un presidio davanti il sito del capoluogo etneo dell\u2019azienda.<\/p>\n<p>In una nota, i sindacati hanno segnalato \u201cl\u2019inquietante chiusura dei vertici della multinazionale del farmaco a ogni interlocuzione sulle prospettive del sito catanese, oggi messe a rischio dalla scelta societaria di non investire in nuove linee per compensare la perdita di sbocchi di mercato per le produzioni storiche che sono attualmente realizzate a Catania\u201d.<\/p>\n<p>\u201cIn assenza di un qualsiasi piano industriale \u2013 aggiungono le tre sigle sindacali \u2013 siamo preoccupati perch\u00e9 si fanno sempre pi\u00f9 insistenti le notizie secondo le quali gi\u00e0 nel 2022 i volumi di lavorazione non consentiranno di mantenere i livelli occupazionali. Noi abbiamo chiesto un incontro urgentissimo con i vertici aziendali a tutti i livelli per fugare tali e tanti incertezze, restituendo cos\u00ec fiducia e serenit\u00e0 nei lavoratori\u201d.<\/p>\n<p>\u201cAttenderemo riscontro sino a mercoled\u00ec \u2013 annuncia la nota dei sindacati \u2013 quindi daremo seguito alla nostra iniziativa di protesta e proposta. Sarebbe inspiegabile, inaccettabile, che la multinazionale perseveri nell\u2019attuale rifiuto a un dialogo da noi sempre favorito anche quando era servito a concordare e applicare i protocolli anti-Covid che hanno salvaguardato salute, fatturato, occupazione. Ora siamo preoccupati, perch\u00e9 manca del tutto il confronto relativo al piano industriale e al futuro stesso dello stabilimento a Catania\u201d. I sindacati chiedono a \u201cStato, Regione e Comune di farsi sentire e valere: se non ora quando?\u201d.<\/p>\n<p>Related news:\u00a0<a href=\"https:\/\/www.cgilcatania.it\/catania-preoccupazione-del-sindacati-per-il-futuro-della-pfizer-tra-delocalizzazioni-e-nuovi-hub\/\" target=\"_blank\" rel=\"noopener\">Catania. Preoccupazione del sindacati per il futuro della Pfizer, tra delocalizzazioni e nuovi hub<\/a><\/p>\n<p><a href=\"https:\/\/www.youtube.com\/watch?v=ONBQ2ySdlMw\" target=\"_blank\" rel=\"noopener\">Video.\u00a0Pfizer, sit-in lavoratori contro ipotesi delocalizzazioni<\/a><\/p>","protected":false},"excerpt":{"rendered":"<p>Pfizer Catania, i sindacati: \u201cNecessario confronto con i vertici\u201d La nota di Cgil, Cisl, Uil e Ugl: &#8220;Previsto un calo dell&#8217;occupazione, pronti ad altre proteste&#8221; Live Sicilia &#8211; 21 ottobre 2021 Rischio di licenziamenti nella struttura catanese di Pfizer, arriva la reazione dei sindacati. Come si legge in una nota diffusa da Cgil, Cisl, Uil, &hellip;<\/p>","protected":false},"author":4,"featured_media":60610,"comment_status":"closed","ping_status":"closed","sticky":false,"template":"","format":"standard","meta":{"footnotes":""},"categories":[1],"tags":[27,44],"class_list":["post-60607","post","type-post","status-publish","format-standard","has-post-thumbnail","hentry","category-notizie","tag-licenziati","tag-sindacati"],"amp_enabled":true,"_links":{"self":[{"href":"https:\/\/www.fedaiisf.it\/en\/wp-json\/wp\/v2\/posts\/60607","targetHints":{"allow":["GET"]}}],"collection":[{"href":"https:\/\/www.fedaiisf.it\/en\/wp-json\/wp\/v2\/posts"}],"about":[{"href":"https:\/\/www.fedaiisf.it\/en\/wp-json\/wp\/v2\/types\/post"}],"author":[{"embeddable":true,"href":"https:\/\/www.fedaiisf.it\/en\/wp-json\/wp\/v2\/users\/4"}],"replies":[{"embeddable":true,"href":"https:\/\/www.fedaiisf.it\/en\/wp-json\/wp\/v2\/comments?post=60607"}],"version-history":[{"count":0,"href":"https:\/\/www.fedaiisf.it\/en\/wp-json\/wp\/v2\/posts\/60607\/revisions"}],"wp:featuredmedia":[{"embeddable":true,"href":"https:\/\/www.fedaiisf.it\/en\/wp-json\/wp\/v2\/media\/60610"}],"wp:attachment":[{"href":"https:\/\/www.fedaiisf.it\/en\/wp-json\/wp\/v2\/media?parent=60607"}],"wp:term":[{"taxonomy":"category","embeddable":true,"href":"https:\/\/www.fedaiisf.it\/en\/wp-json\/wp\/v2\/categories?post=60607"},{"taxonomy":"post_tag","embeddable":true,"href":"https:\/\/www.fedaiisf.it\/en\/wp-json\/wp\/v2\/tags?post=60607"}],"curies":[{"name":"wp","href":"https:\/\/api.w.org\/{rel}","templated":true}]}}