{"id":60617,"date":"2021-10-22T12:28:57","date_gmt":"2021-10-22T10:28:57","guid":{"rendered":"https:\/\/www.fedaiisf.it\/?p=60617"},"modified":"2021-10-28T18:10:38","modified_gmt":"2021-10-28T16:10:38","slug":"solo-i-medici-vaccinatori-certificatori-dei-centri-vaccinali-possono-esentare-alla-vaccinazione-i-richiedenti","status":"publish","type":"post","link":"https:\/\/www.fedaiisf.it\/en\/solo-i-medici-vaccinatori-certificatori-dei-centri-vaccinali-possono-esentare-alla-vaccinazione-i-richiedenti\/","title":{"rendered":"Only the Vaccination Doctors of the Vaccination Centers can exempt applicants from vaccination"},"content":{"rendered":"<p><span style=\"font-size: 14pt;\">THE <strong>Carabinieri del NAS di Catania<\/strong> hanno deferito all\u2019Autorit\u00e0 Giudiziaria 4 medici operanti nella provincia.<\/span><\/p>\n<p><span style=\"font-size: 14pt;\"><img loading=\"lazy\" decoding=\"async\" class=\"wp-image-60623 alignright\" src=\"https:\/\/www.fedaiisf.it\/wp-content\/uploads\/2021\/10\/Medici-certificatori-esenzione-vaccino.png\" alt=\"\" width=\"395\" height=\"352\" srcset=\"https:\/\/www.fedaiisf.it\/wp-content\/uploads\/2021\/10\/Medici-certificatori-esenzione-vaccino.png 545w, https:\/\/www.fedaiisf.it\/wp-content\/uploads\/2021\/10\/Medici-certificatori-esenzione-vaccino-300x268.png 300w\" sizes=\"auto, (max-width: 395px) 100vw, 395px\" \/>L\u2019indagine trae origine dalle verifiche condotte nell\u2019ambito delle attivit\u00e0 di controllo che i militari stanno conducendo presso gli HUB del territorio etneo, per accertare la corretta applicazione delle procedure finalizzate al rilascio della certificazione verde Covid-19, il cosiddetto \u201cGreen Pass\u201d.<\/span><\/p>\n<p><span style=\"font-size: 14pt;\">L\u2019attenzione \u00e8 stata estesa sulla documentazione sanitaria non ancora evasa, presentata da numerosi cittadini che hanno chiesto l\u2019esenzione alla vaccinazione, corredata da certificazioni mediche non rilasciate da Medici Vaccinatori secondo le vigenti disposizioni emanate dal Ministero della Salute, bens\u00ec da <strong>Medici di Medicina Generale e sanitari liberi professionisti che non operano nell\u2019ambito della campagna di vaccinazione anti-SARS-CoV-2 nazionale.<\/strong><\/span><\/p>\n<p><span style=\"color: #000000; font-size: 14pt;\"><strong>Solo i Medici certificatori dei Centri Vaccinali HUB, sulla base di specifiche condizioni cliniche documentate, possono esentare alla vaccinazione i richiedenti, anche temporaneamente.<\/strong><\/span><\/p>\n<p><span style=\"font-size: 14pt;\">I Medici denunciati, invece, rilasciavano gli esoneri alla vaccinazione certificando che i loro pazienti potevano \u201cessere ammessi in qualunque ambiente di vita e di lavoro, non presentando, e non presentasse sintomi o segni di malattie infettive o contagiose in atto\u201d.<\/span><\/p>\n<p><a href=\"https:\/\/www.salute.gov.it\/portale\/news\/p3_2_1_2_1.jsp?lingua=italiano&amp;menu=notizie&amp;p=nas&amp;id=2297\" target=\"_blank\" rel=\"noopener\">NAS notizie &#8211; 20 ottobre 2021<\/a><\/p>\n<p>Related news: <a href=\"https:\/\/medicolavoro.org\/wp-content\/uploads\/2021\/10\/Circolare-Esenti.pdf\" target=\"_blank\" rel=\"noopener\">Circolare Ministero della Salute. Certificazioni di esenzione alla vaccinazione anti-COVID-19 del 4 agosto<\/a><\/p>\n<p class=\"done\"><em><img loading=\"lazy\" decoding=\"async\" class=\"wp-image-60625 alignleft\" src=\"https:\/\/www.fedaiisf.it\/wp-content\/uploads\/2021\/10\/Certificato-mancata-vaccinazione-1024x538.jpeg\" alt=\"\" width=\"480\" height=\"252\" srcset=\"https:\/\/www.fedaiisf.it\/wp-content\/uploads\/2021\/10\/Certificato-mancata-vaccinazione-1024x538.jpeg 1024w, https:\/\/www.fedaiisf.it\/wp-content\/uploads\/2021\/10\/Certificato-mancata-vaccinazione-300x158.jpeg 300w, https:\/\/www.fedaiisf.it\/wp-content\/uploads\/2021\/10\/Certificato-mancata-vaccinazione-768x403.jpeg 768w, https:\/\/www.fedaiisf.it\/wp-content\/uploads\/2021\/10\/Certificato-mancata-vaccinazione.jpeg 1200w\" sizes=\"auto, (max-width: 480px) 100vw, 480px\" \/>\u00c8 stata <strong>prorogata<\/strong> to the <strong>30 novembre 2021<\/strong> la durata della <strong>certificazione di esenzione alla vaccinazione<\/strong> per tutte le <strong>persone<\/strong> che per patologie pregresse o per allergie <strong>non possono fare il vaccino anti Covid<\/strong>.<\/em><br \/>\n<em>Questa proroga \u00e8 stata stabilita dalla recente <a href=\"https:\/\/www.diritto.it\/wp-content\/uploads\/circolare-estensione-validit\u00e0-certificati-di-esenzione.pdf\" target=\"_blank\" rel=\"noopener\">circolare del 25 settembre 2021 del Ministero della salute<\/a>.\u00a0<\/em><br \/>\n<em>Quindi il certificato medico cartaceo attestante i motivi dell\u2019esenzione che aveva validit\u00e0 fino al 30 settembre 2021, \u00e8 ora valido fino al 30 novembre 2021.<\/em><br \/>\n<em><strong>Non ci sar\u00e0 bisogno di una nuova certificazione<\/strong>, \u201csalvo i casi in cui le stesse contengano dati del soggetto interessato, ulteriori rispetto a quelli indicati per la loro compilazione, a carattere sensibile\u00a0(es. motivazione clinica della esenzione)\u201d.<\/em><br \/>\n<em>Ai soggetti in possesso della certificazione <strong>non si applica l\u2019obbligo del <a href=\"https:\/\/www.diritto.it\/tag\/green-pass\/\" target=\"_blank\" rel=\"noopener\">Green Passes<\/a><\/strong>.<\/em><\/p>\n<p class=\"done\"><em>There <strong>certificazione \u00e8 cartacea<\/strong>, ma poi potr\u00e0 essere caricata in formato digitale.<\/em><\/p>\n<hr \/>\n<p><span style=\"font-size: 14pt; color: #3366ff;\"><strong><em>Quali categorie di persone sono esenti dall&#8217;obbligo di Certificazione verde COVID-19 per accedere ad attivit\u00e0 e servizi per i quali \u00e8 previsto il green pass?<\/em><\/strong><\/span><\/p>\n<p><em>Non \u00e8 richiesta la Certificazione verde COVID-19 alle seguenti categorie di persone:<\/em><\/p>\n<ul>\n<li><em>bambini sotto i 12 anni, esclusi per et\u00e0 dalla campagna vaccinale;<\/em><\/li>\n<li><em>soggetti esenti per motivi di salute dalla vaccinazione sulla base di idonea certificazione medica. Fino al 30 novembre 2021 (termine prorogato con Circolare del Ministero della Salute del 25 settembre 2021), possono essere utilizzate le certificazioni di esenzione in formato cartaceo rilasciate, a titolo gratuito, dai medici vaccinatori dei Servizi vaccinali delle Aziende ed Enti dei Servizi sanitari regionali o dai Medici di medicina generale o Pediatri di libera scelta dell\u2019assistito che operano nell\u2019ambito della campagna di vaccinazione anti-SARS-CoV-2 nazionale, secondo le modalit\u00e0 e sulla base di precauzioni e controindicazioni definite dalla Circolare Ministero della Salute del 4 agosto 2021: apre una nuova finestra. Sono validi i certificati di esenzione vaccinali gi\u00e0 emessi dai Servizi sanitari regionali sempre fino al 30 novembre;<\/em><\/li>\n<li><em>cittadini che hanno ricevuto il vaccino ReiThera (una o due dosi) nell\u2019ambito della sperimentazione Covitar. La certificazione, con validit\u00e0 fino al 30 novembre 2021, sar\u00e0 rilasciata dal medico responsabile del centro di sperimentazione in cui \u00e8 stata effettuata in base alla Circolare del Ministero della Salute 5 agosto 2021\u00a0<\/em><\/li>\n<li><em>persone in possesso di un certificato di vaccinazione anti SARS-Cov-2 rilasciato dalle competenti autorit\u00e0 sanitarie della Repubblica di San Marino, nelle more dell&#8217;adozione della circolare del Ministero della salute che definisce modalit\u00e0 di vaccinazione in coerenza con le indicazioni dell&#8217;Agenzia europea per i medicinali, e comunque non oltre il 15 ottobre 2021 (Decreto legge 6 agosto 2021 n.111).<\/em><\/li>\n<\/ul>\n<p><em>In merito alle proroghe di validit\u00e0 delle certificazioni di esenzione, si precisa che non sar\u00e0 necessario un nuovo rilascio delle certificazioni gi\u00e0 emesse, salvo i casi in cui le stesse contengano dati del soggetto interessato, ulteriori rispetto a quelli indicati per la loro compilazione, a carattere sensibile (es. motivazione clinica dell\u2019esenzione).<\/em><\/p>\n<p>(Source: <a href=\"https:\/\/www.dgc.gov.it\/web\/faq.html#esenzioni\" target=\"_blank\" rel=\"noopener\">Ministry of Health<\/a>)<\/p>\n<p>&nbsp;<\/p>","protected":false},"excerpt":{"rendered":"<p>I Carabinieri del NAS di Catania hanno deferito all\u2019Autorit\u00e0 Giudiziaria 4 medici operanti nella provincia. L\u2019indagine trae origine dalle verifiche condotte nell\u2019ambito delle attivit\u00e0 di controllo che i militari stanno conducendo presso gli HUB del territorio etneo, per accertare la corretta applicazione delle procedure finalizzate al rilascio della certificazione verde Covid-19, il cosiddetto \u201cGreen Pass\u201d. &hellip;<\/p>","protected":false},"author":4,"featured_media":60626,"comment_status":"closed","ping_status":"closed","sticky":false,"template":"","format":"standard","meta":{"footnotes":""},"categories":[16],"tags":[39],"class_list":["post-60617","post","type-post","status-publish","format-standard","has-post-thumbnail","hentry","category-primo-piano","tag-vaccini"],"amp_enabled":true,"_links":{"self":[{"href":"https:\/\/www.fedaiisf.it\/en\/wp-json\/wp\/v2\/posts\/60617","targetHints":{"allow":["GET"]}}],"collection":[{"href":"https:\/\/www.fedaiisf.it\/en\/wp-json\/wp\/v2\/posts"}],"about":[{"href":"https:\/\/www.fedaiisf.it\/en\/wp-json\/wp\/v2\/types\/post"}],"author":[{"embeddable":true,"href":"https:\/\/www.fedaiisf.it\/en\/wp-json\/wp\/v2\/users\/4"}],"replies":[{"embeddable":true,"href":"https:\/\/www.fedaiisf.it\/en\/wp-json\/wp\/v2\/comments?post=60617"}],"version-history":[{"count":0,"href":"https:\/\/www.fedaiisf.it\/en\/wp-json\/wp\/v2\/posts\/60617\/revisions"}],"wp:featuredmedia":[{"embeddable":true,"href":"https:\/\/www.fedaiisf.it\/en\/wp-json\/wp\/v2\/media\/60626"}],"wp:attachment":[{"href":"https:\/\/www.fedaiisf.it\/en\/wp-json\/wp\/v2\/media?parent=60617"}],"wp:term":[{"taxonomy":"category","embeddable":true,"href":"https:\/\/www.fedaiisf.it\/en\/wp-json\/wp\/v2\/categories?post=60617"},{"taxonomy":"post_tag","embeddable":true,"href":"https:\/\/www.fedaiisf.it\/en\/wp-json\/wp\/v2\/tags?post=60617"}],"curies":[{"name":"wp","href":"https:\/\/api.w.org\/{rel}","templated":true}]}}