{"id":60804,"date":"2021-11-03T19:50:23","date_gmt":"2021-11-03T18:50:23","guid":{"rendered":"https:\/\/www.fedaiisf.it\/?p=60804"},"modified":"2021-11-03T20:18:46","modified_gmt":"2021-11-03T19:18:46","slug":"novo-nordisk-licenziamenti-camuffati-da-dimissioni-spontanee","status":"publish","type":"post","link":"https:\/\/www.fedaiisf.it\/en\/novo-nordisk-licenziamenti-camuffati-da-dimissioni-spontanee\/","title":{"rendered":"Novo Nordisk. Dismissals disguised as &quot;spontaneous resignations&quot;"},"content":{"rendered":"<p><img loading=\"lazy\" decoding=\"async\" class=\"alignnone size-large wp-image-60805\" src=\"https:\/\/www.fedaiisf.it\/wp-content\/uploads\/2021\/11\/Schermata-2021-11-03-alle-19.10.34-1024x498.png\" alt=\"\" width=\"1024\" height=\"498\" srcset=\"https:\/\/www.fedaiisf.it\/wp-content\/uploads\/2021\/11\/Schermata-2021-11-03-alle-19.10.34-1024x498.png 1024w, https:\/\/www.fedaiisf.it\/wp-content\/uploads\/2021\/11\/Schermata-2021-11-03-alle-19.10.34-300x146.png 300w, https:\/\/www.fedaiisf.it\/wp-content\/uploads\/2021\/11\/Schermata-2021-11-03-alle-19.10.34-768x373.png 768w, https:\/\/www.fedaiisf.it\/wp-content\/uploads\/2021\/11\/Schermata-2021-11-03-alle-19.10.34.png 1327w\" sizes=\"auto, (max-width: 1024px) 100vw, 1024px\" \/><\/p>\n<p style=\"text-align: center;\"><span style=\"color: #000000; font-size: 14pt;\"><strong>Novo Nordisk: licenziamenti collettivi mascherati da dimissioni volontarie <\/strong><\/span><\/p>\n<p style=\"text-align: justify;\"><span style=\"color: #000000; font-size: 14pt;\">Come anticipato nella partecipatissima assemblea del giorno 21 ottobre u.s., le Segreterie Territoriali e Regionali, unitamente alle RSU, hanno richiesto alla Direzione Aziendale di bloccare i colloqui individuali con il personale che avessero come unico obiettivo la richiesta forzata di dimissioni.<\/span><\/p>\n<p style=\"text-align: justify;\"><span style=\"color: #000000; font-size: 14pt;\">A seguito dell\u2019assemblea abbiamo richiesto un ulteriore e urgente incontro alla Direzione Aziendale e alla Unione Industriali di Roma e Lazio, al fine di ristabilire corrette Relazioni Sindacali e il rispetto del Protocollo di Relazioni Industriali sottoscritto il 18 dicembre 2019.<\/span><\/p>\n<p style=\"text-align: justify;\"><span style=\"color: #000000; font-size: 14pt;\">Dobbiamo purtroppo registrare che nonostante le OO.SS. avessero chiesto di interrompere i colloqui individuali, che hanno lo scopo di ottenere dimissioni volontarie, questi sono continuati senza alcun rispetto verso le fragilita\u0300 e a quanto richiesto dalle OO.SS.<\/span><\/p>\n<p style=\"text-align: justify;\"><span style=\"color: #000000; font-size: 14pt;\">A distanza di una settimana, solo nel tardo pomeriggio di ieri ci \u00e8 venuta una proposta di date per un incontro.<\/span><\/p>\n<p style=\"text-align: justify;\"><span style=\"color: #000000; font-size: 14pt;\">In questo grave e pesante contesto le Segreterie Territoriali e Regionali denunciano quanto segue:<\/span><\/p>\n<p style=\"text-align: justify;\"><span style=\"color: #000000; font-size: 14pt;\">&#8211; che Novo Nordisk vuole mascherare decine di licenziamenti con dimissioni volontarie che non prevederanno pertanto alcun ammortizzatore sociale ( Naspi);<\/span><\/p>\n<p style=\"text-align: justify;\"><span style=\"color: #000000; font-size: 14pt;\">&#8211; che tutto ci\u00f2 avviene \u00a0proprie del comparto chimico\/farmaceutico e alla lunga tradizione della condivisione dei percorsi e della mediazione, degli accordi sottoscritti con la D.A. di Novo Nordisk, del nostro CCNL;<\/span><\/p>\n<p style=\"text-align: justify;\"><span style=\"color: #000000; font-size: 14pt;\">&#8211; che queste \u201cdimissioni volontarie\u201d altro non sono che licenziamenti collettivi, non giustificati da nessuna crisi aziendale. Quanto \u00e8 tanto pi\u00f9 grave perch\u00e9 l\u2019Azienda se da un lato spinge per le dimissioni, dall\u2019altro sta facendo decine di nuove assunzioni;<\/span><\/p>\n<p style=\"text-align: justify;\"><span style=\"color: #000000; font-size: 14pt;\">&#8211; che i colloqui sopra citati si stanno svolgendo con modalit\u00e0 che riteniamo non siano rispettose della dignit\u00e0 personale e professionale dei colleghi che vengono contattati;<\/span><\/p>\n<p style=\"text-align: justify;\"><span style=\"color: #000000; font-size: 14pt;\">&#8211; che l&#8217;azienda \u00e8 responsabile di un clima di grande insicurezza in un momento in cui stanno avvenendo lanci di nuovi farmaci;<\/span><\/p>\n<p style=\"text-align: justify;\"><span style=\"color: #000000; font-size: 14pt;\">&#8211; che l&#8217;atteggiamento della Direzione Aziendale \u00e8 in netto contrasto con la policy &#8220;Novo Nordisk Way&#8221; dove etica, onest\u00e0, attenzione verso i pazienti e il benessere dei propri dipendenti sono le linee guida dell&#8217;azienda danese.<\/span><\/p>\n<p style=\"text-align: justify;\"><span style=\"color: #000000; font-size: 14pt;\">Pertanto, le Segreterie Territoriali e Regionali si attiveranno per dare la massima informazione sul grave comportamento che Novo Nordisk sta mettendo in atto e si riservano di indire tutte le possibili iniziative sindacali, in coerenza con il Ccnl e leggi vigenti.<\/span><\/p>\n<p><span style=\"color: #000000; font-size: 14pt;\">Roma, 29 ottobre 2021<\/span><\/p>\n<p style=\"padding-left: 400px; text-align: justify;\"><span style=\"color: #000000; font-size: 14pt;\">SEGRETERIE TERRITORIALI E REGIONALI<\/span><\/p>\n<p style=\"padding-left: 400px; text-align: justify;\"><span style=\"color: #000000; font-size: 14pt;\"> FILCTEM CGIL FEMCA CISL UILTEC UIL <\/span><\/p>\n<p style=\"padding-left: 400px; text-align: justify;\"><span style=\"color: #000000; font-size: 14pt;\">L. Attimonelli \u00a0 \u00a0 A. Paletta \u00a0 \u00a0 C. Sergianni<\/span><\/p>\n<hr \/>\n<p>Nota: comunicato diffuso da Agenzie di Stampa<\/p>\n<p>Related news:\u00a0<a href=\"https:\/\/www.borsaitaliana.it\/borsa\/notizie\/radiocor\/finanza\/dettaglio\/novo-nordisk-utile-terzo-trimestre-18-a-16-miliardi-alza-previsioni-nRC_03112021_0828_167183081.html\" target=\"_blank\" rel=\"noopener\">NOVO NORDISK: utile terzo trimestre +18% a 1,6 miliardi, alza previsioni<\/a><\/p>\n<hr \/>\n<p>Note:<\/p>\n<h2 style=\"text-align: center;\"><em><span id=\"Dimissioni_indotte_dal_datore_di_lavoro_sono_valide\"><b>Dimissioni indotte dal datore di lavoro: sono valide?<\/b><\/span><\/em><\/h2>\n<p><em>Le dimissioni devono dipendere dalla volont\u00e0 spontanea del dipendente che ha valutato attentamente la situazione e ha ritenuto non pi\u00f9 conveniente la prosecuzione del rapporto di lavoro (a prescindere dalle ragioni che hanno portato a tale conclusione: siano esse dipendenti dalla situazione di crisi aziendale o da proprie valutazioni personali).<\/em><\/p>\n<p><em>L\u2019azienda non pu\u00f2 costringere il dipendente a dimettersi, n\u00e9 con le buone, n\u00e9 con le cattive. Pu\u00f2 tutt\u2019al pi\u00f9 <b>incentivare<\/b> tale atto con appositi benefici economici, ma se il dipendente non accetta, tutto ci\u00f2 che pu\u00f2 fare l\u2019imprenditore \u00e8 valutare se sussistono ragioni organizzative o produttive che consentano di disfarsi del dipendente (\u00e8 il cosiddetto \u201clicenziamento per giustificato motivo oggettivo\u201d). Leggi sul punto <a href=\"https:\/\/www.laleggepertutti.it\/180457_dimissioni-incentivate-se-il-datore-mi-chiede-di-licenziarmi\" target=\"_blank\" rel=\"noopener\">Dimissioni incentivate: se il datore mi chiede di licenziarmi<\/a>.<\/em><\/p>\n<p><em>Quando la volont\u00e0 del dipendente \u00e8 viziata da una condotta violenta altrui, essa pu\u00f2 essere impugnata e quindi annullata (ci\u00f2 quindi a prescindere dal diritto di ripensamento). Cos\u00ec, il dipendente messo alle strette, costretto cio\u00e8 a dimettersi sotto minaccia del datore di lavoro, pu\u00f2 impugnare il proprio stesso atto e farlo annullare. Dovr\u00e0 per\u00f2 dimostrare la violenza subita.<\/em><\/p>\n<p><em>Ma non \u00e8 tutto. Egli pu\u00f2 anche <b>denunciare il datore di lavoro<\/b>. Qui sta il chiarimento offerto di recente dalla Cassazione (<a href=\"http:\/\/www.italgiure.giustizia.it\/xway\/application\/nif\/clean\/hc.dll?verbo=attach&amp;db=snpen&amp;id=.\/20190215\/snpen@s50@a2019@n07225@tS.clean.pdf\" target=\"_blank\" rel=\"noopener\">Cass. sent. n. 7225\/19 del 15.02.2019<\/a>)\u00a0obbligare il dipendente a dimettersi, sottoponendolo al ricatto di una vita altrimenti difficoltosa, integra il reato di <b>minaccia<\/b>.<\/em><\/p>\n<p><em>Sempre la Cassazione (<a href=\"http:\/\/www.italgiure.giustizia.it\/xway\/application\/nif\/clean\/hc.dll?verbo=attach&amp;db=snpen&amp;id=.\/20190218\/snpen@s20@a2019@n07304@tS.clean.pdf\" target=\"_blank\" rel=\"noopener\">Cass. sent. n. 7304\/19 del 18.02.2019<\/a>)\u00a0ha ritenuto che commette il reato di <b>estorsione<\/b> il datore che, sotto minaccia di licenziamento, costringa il dipendente ad accettare una paga pi\u00f9 bassa (facendosi restituire una parte dello stipendio in contanti).<\/em><\/p>\n<p><em>Il dipendente che accetta di dimettersi deve metterlo per iscritto. Il rapporto di lavoro si scioglie in questo stesso istante.<\/em><\/p>\n<p><em>L\u2019atto di adesione generalmente contiene anche l\u2019esplicita rinuncia del dipendente all\u2019impugnazione del recesso ed a qualunque pretesa comunque connessa al rapporto di lavoro.<\/em><\/p>\n<p>Fonte: La legge per tutti<\/p>\n<p>&nbsp;<\/p>","protected":false},"excerpt":{"rendered":"<p>Novo Nordisk: licenziamenti collettivi mascherati da dimissioni volontarie Come anticipato nella partecipatissima assemblea del giorno 21 ottobre u.s., le Segreterie Territoriali e Regionali, unitamente alle RSU, hanno richiesto alla Direzione Aziendale di bloccare i colloqui individuali con il personale che avessero come unico obiettivo la richiesta forzata di dimissioni. A seguito dell\u2019assemblea abbiamo richiesto un &hellip;<\/p>","protected":false},"author":4,"featured_media":60809,"comment_status":"closed","ping_status":"closed","sticky":false,"template":"","format":"standard","meta":{"footnotes":""},"categories":[1],"tags":[27,44],"class_list":["post-60804","post","type-post","status-publish","format-standard","has-post-thumbnail","hentry","category-notizie","tag-licenziati","tag-sindacati"],"amp_enabled":true,"_links":{"self":[{"href":"https:\/\/www.fedaiisf.it\/en\/wp-json\/wp\/v2\/posts\/60804","targetHints":{"allow":["GET"]}}],"collection":[{"href":"https:\/\/www.fedaiisf.it\/en\/wp-json\/wp\/v2\/posts"}],"about":[{"href":"https:\/\/www.fedaiisf.it\/en\/wp-json\/wp\/v2\/types\/post"}],"author":[{"embeddable":true,"href":"https:\/\/www.fedaiisf.it\/en\/wp-json\/wp\/v2\/users\/4"}],"replies":[{"embeddable":true,"href":"https:\/\/www.fedaiisf.it\/en\/wp-json\/wp\/v2\/comments?post=60804"}],"version-history":[{"count":0,"href":"https:\/\/www.fedaiisf.it\/en\/wp-json\/wp\/v2\/posts\/60804\/revisions"}],"wp:featuredmedia":[{"embeddable":true,"href":"https:\/\/www.fedaiisf.it\/en\/wp-json\/wp\/v2\/media\/60809"}],"wp:attachment":[{"href":"https:\/\/www.fedaiisf.it\/en\/wp-json\/wp\/v2\/media?parent=60804"}],"wp:term":[{"taxonomy":"category","embeddable":true,"href":"https:\/\/www.fedaiisf.it\/en\/wp-json\/wp\/v2\/categories?post=60804"},{"taxonomy":"post_tag","embeddable":true,"href":"https:\/\/www.fedaiisf.it\/en\/wp-json\/wp\/v2\/tags?post=60804"}],"curies":[{"name":"wp","href":"https:\/\/api.w.org\/{rel}","templated":true}]}}