{"id":60992,"date":"2021-11-13T12:58:20","date_gmt":"2021-11-13T11:58:20","guid":{"rendered":"https:\/\/www.fedaiisf.it\/?p=60992"},"modified":"2021-11-16T12:14:56","modified_gmt":"2021-11-16T11:14:56","slug":"johnsonjohnson-si-divide-in-due-societa-quotate-in-borsa","status":"publish","type":"post","link":"https:\/\/www.fedaiisf.it\/en\/johnsonjohnson-si-divide-in-due-societa-quotate-in-borsa\/","title":{"rendered":"Johnson&#038;Johnson si divide in due societ\u00e0 quotate in Borsa"},"content":{"rendered":"<p><span style=\"font-size: 14pt; color: #000000;\">L&#8217;azienda farmaceutica ha annunciato l&#8217;intenzione di dividersi in due distinte realt\u00e0 sul mercato delle quotazioni: una focalizzata sui prodotti al consumo, l&#8217;altra sui farmaci e dispositivi medici. La notizia ha prodotto un considerevole rialzo delle azioni nel trading pre-mercato.<\/span><\/p>\n<p><a href=\"https:\/\/tg24.sky.it\/cronaca\/2021\/11\/12\/johnson-and-johnson-spin-off\" target=\"_blank\" rel=\"noopener\">SKY Tg24 &#8211; 12 novembre 2021<\/a><\/p>\n<div class=\"c-article-section j-article-section l-spacing-m\">\n<p>THE<img loading=\"lazy\" decoding=\"async\" class=\"wp-image-60996 alignright\" src=\"https:\/\/www.fedaiisf.it\/wp-content\/uploads\/2021\/11\/alex-gorsky-ceo-jJ.jpeg\" alt=\"\" width=\"366\" height=\"189\" srcset=\"https:\/\/www.fedaiisf.it\/wp-content\/uploads\/2021\/11\/alex-gorsky-ceo-jJ.jpeg 637w, https:\/\/www.fedaiisf.it\/wp-content\/uploads\/2021\/11\/alex-gorsky-ceo-jJ-300x155.jpeg 300w\" sizes=\"auto, (max-width: 366px) 100vw, 366px\" \/>l colosso americano Johnson&amp;Johnson ha annunciato oggi l&#8217;intenzione di separare dal gruppo le attivit\u00e0 Consumer Health, cos\u00ec da avere due differenti societ\u00e0 quotate in borsa. Come spiegato Alex Gorsky, presidente e Ceo di J&amp;J, il progetto per la New Consumer Health Company dovrebbe essere completato entro la fine del 2022. L&#8217;operazione dovrebbe essere riconosciuta come una &#8220;separazione esentasse&#8221; ai fini dell&#8217;imposta federale sul reddito degli Stati Uniti. Inoltre, ha affermato la societ\u00e0 in una nota, si prevede che il dividendo complessivo per gli azionisti rimarr\u00e0 almeno allo stesso livello dopo il completamento dell&#8217;operazione.<\/p>\n<h2>Lo spin-off tra cura della persona e farmaci<\/h2>\n<p class=\"l-spacing-s\">I marchi Aveeno e Neutrogena e Listerine faranno parte della divisione cura e consumo, l&#8217;altra divisione, pi\u00f9 rischiosa ma in pi\u00f9 rapida crescita, produrr\u00e0 e vender\u00e0 farmaci da prescrizione e dispositivi medici, incluso <a href=\"http:\/\/tg24.sky.it\/salute-e-benessere\/approfondimenti\/vaccino-johnson-johnson\" target=\"_blank\" rel=\"noopener\">il suo vaccino<\/a> <a href=\"https:\/\/tg24.sky.it\/mondo\/coronavirus\" target=\"_blank\" rel=\"noopener\">Covid-19<\/a> .\u00a0\u201cA seguito di una revisione completa, il consiglio di amministrazione e il team di gestione ritengono che la separazione pianificata del business della salute dei consumatori sia il modo migliore per velocizzare gli sforzi per supportare i pazienti, consumatori e operatori sanitari, creare opportunit\u00e0 per una crescita redditizia , e, soprattutto, migliorare i risultati sanitari per le persone in tutto il mondo\u201d, ha dichiarato il CEO uscente Alex Gorsky .<\/p>\n<\/div>\n<div class=\"c-article-section j-article-section l-spacing-m o-content-at-the-bottom-mt\">\n<h2>Divisione entro due anni<\/h2>\n<p>L&#8217;azienda mira al completamento della separazione in 18-24 mesi, dopo aver adempiuto a determinate condizioni, tra cui consultazioni dei comitati aziendali, consultazioni di altri organi di rappresentanza dei <img loading=\"lazy\" decoding=\"async\" class=\"size-full wp-image-61000 alignleft\" src=\"https:\/\/www.fedaiisf.it\/wp-content\/uploads\/2021\/11\/Schermata-2021-11-13-alle-12.49.39.png\" alt=\"\" width=\"294\" height=\"215\" \/>dipendenti e approvazione finale del consiglio di amministrazione. Diffusi i termini finanziari della scissione proposta, con la societ\u00e0 che ha affermato che sarebbe esentasse e si aspetta di continuare a pagare dividendi almeno ai livelli attuali.\u00a0Per la nuova Johnson &amp; Johnson, questa separazione pianificata sottolinea la nostra attenzione sulla fornitura di innovazione e tecnologia leader nel settore dei dispositivi biofarmaceutici e medici con l&#8217;obiettivo di portare nuove soluzioni sul mercato per i pazienti ei sistemi sanitari, creando al contempo valore sostenibile per gli azionisti&#8221;, ha commentato Alex Gorsky, presidente e CEO di Johnson &amp; Johnson.<\/p>\n<h2>Aspettative sul mercato<\/h2>\n<p>&#8220;Riteniamo che la New Consumer Health Company (quella focalizzata sui prodotti di consumo, ndr) sar\u00e0 un leader globale in categorie attraenti e in crescita per la salute dei consumatori e una struttura aziendale snella e mirata le presentare l&#8217;agilit\u00e0 e la flessibilit\u00e0 necessarie per far crescere il suo iconico portafoglio di marchi e introdurre nuovi prodotti&#8221;, ha aggiunto.<\/p>\n<\/div>\n<p>Related news:\u00a0<a href=\"https:\/\/www.jnj.com\/johnson-johnson-announces-plans-to-accelerate-innovation-serve-patients-and-consumers-and-unlock-value-through-intent-to-separate-consumer-health-business\" target=\"_blank\" rel=\"noopener\">Johnson &amp; Johnson Announces Plans to Accelerate Innovation, Serve Patients and Consumers, and Unlock Value through Intent to Separate Consumer Health Business<\/a><\/p>\n<p><a href=\"https:\/\/www.jnj.com\/alex-gorsky-to-serve-as-executive-chairman-and-transition-role-of-chief-executive-officer-of-johnson-johnson-to-joaquin-duato-effective-january-3-2022\" target=\"_blank\" rel=\"noopener\">Alex Gorsky to Serve as Executive Chairman and Transition Role of Chief Executive Officer of Johnson &amp; Johnson to Joaquin Duato, Effective January 3, 2022<\/a><\/p>\n<p><a href=\"https:\/\/www.pharmastar.it\/news\/\/altre-news\/apple-si-prende-alex-gorsky-ceo-uscente-di-johnson-johnson-36816\" target=\"_blank\" rel=\"noopener\">Apple si prende Alex Gorsky, CEO uscente di Johnson &amp; Johnson<\/a><\/p>\n<p class=\"title\"><a href=\"https:\/\/www.teleborsa.it\/News\/2021\/08\/20\/johnson-johnson-duato-sara-il-prossimo-ceo-gorsky-resta-presidente-47.html#.YY-nCy9aaAM\" target=\"_blank\" rel=\"noopener\">Johnson &amp; Johnson: Duato sar\u00e0 il prossimo CEO, Gorsky resta presidente<\/a><\/p>\n<p>Note:<\/p>\n<p><em><strong>Johnson and Johnson<\/strong>\u00a0l\u2019anno scorso ha confermato e anzi rafforzato, almeno dal punto di vista del <strong><a href=\"https:\/\/www.truenumbers.it\/johnson-johnson-ceo\/\" target=\"_blank\" rel=\"noopener\">sales<\/a>,<\/strong> i risultati del 2019. Questo \u00e8 arrivato come gi\u00e0 detto a 82 miliardi e 584 milioni, in leggero aumento rispetto agli 82 miliardi e 59 milioni.<\/em><\/p>\n<p><em>Questo miglioramento non si \u00e8 riflettuto nel reddito operativo a causa di un incremento pi\u00f9 significativo dei <strong>costi di produzione<\/strong>, che sono passati da 27 miliardi e 556 milioni di dollari del 2019 ai 28 miliardi e 427 milioni del 2020. In leggera riduzione la voce dei costi di marketing e le spese amministrative, che l\u2019anno scorso sono state 94 milioni in meno ma hanno comunque superato i 22 miliardi.<\/em><\/p>\n<p><em>Tra questi costi c\u2019\u00e8 naturalmente anche quello del <strong>personale<\/strong> e soprattutto gli <span style=\"color: #000000;\"><strong>emolumenti dell\u2019amministratore delegato, l\u2019americano Alex Gorsky<\/strong>. Che nel 2020 ha ricevuto <strong>23 milioni e 140 mila dollari<\/strong>, che corrispondono a 19 milioni e 330 mila euro<\/span>. Come sempre in questi casi il salario effettivo \u00e8 una frazione relativamente piccola del totale, parliamo di \u201csolo\u201d un milione e 650mila dollari cui si aggiunge un bonus di 3 milioni e 148mila dollari. E questo \u00e8 quanto entra sotto forma di <strong>cash<\/strong> nelle tasche di Grosky. Il resto, che rappresenta la gran parte dei suoi emolumenti complessivi, consiste in <strong>stock option<\/strong>, ovvero 13 milioni e 758mila dollari, e in <strong>opzioni<\/strong>, per 4 milioni e 383 mila. Cui si aggiungono 201 mila dollari di altri bonus.<\/em><\/p>\n<p><em>La divisione consumer ha anche prodotto il borotalco, che \u00e8 stato oggetto di cause legali che sostengono che contenga una sostanza cancerogena, cosa che l&#8217;azienda nega con veemenza. J&amp;J ha recentemente speso 1,4 miliardi di dollari in una controversa manovra legale che ha creato una filiale per gestire le richieste di risarcimento multimiliardarie. Ha smesso di vendere talco negli Stati Uniti e in Canada l&#8217;anno scorso.<\/em><\/p>\n<p>&nbsp;<\/p>\n<p><img loading=\"lazy\" decoding=\"async\" class=\"size-full wp-image-60998 aligncenter\" src=\"https:\/\/www.fedaiisf.it\/wp-content\/uploads\/2021\/11\/bilancio-Johnson-Johnson.png\" alt=\"\" width=\"778\" height=\"564\" srcset=\"https:\/\/www.fedaiisf.it\/wp-content\/uploads\/2021\/11\/bilancio-Johnson-Johnson.png 778w, https:\/\/www.fedaiisf.it\/wp-content\/uploads\/2021\/11\/bilancio-Johnson-Johnson-300x217.png 300w, https:\/\/www.fedaiisf.it\/wp-content\/uploads\/2021\/11\/bilancio-Johnson-Johnson-768x557.png 768w\" sizes=\"auto, (max-width: 778px) 100vw, 778px\" \/><\/p>\n<hr \/>\n<p>&nbsp;<\/p>\n<p style=\"padding-left: 40px; text-align: justify;\"><span style=\"font-size: 10pt;\"><em>The documents reported represent opinions, interpretations and reconstructions, even subjective ones and not necessarily shared by the editorial staff. Therefore, the responsibility of the statements lies with the author and\/or whoever has provided us with the content. Our intention is to provide useful information for scientific representatives and to disseminate news of public interest. Naturally we invite readers to always deepen the subject matter, to consult more sources and we leave each of them the freedom of interpretation. The material found on the net, where the copyright wording and the rights of use have not already been declared on the site, has been deemed to be in the public domain in good faith. Some texts quoted or images included in this site are taken from the internet and, therefore, considered to be in the public domain; if their publication violates any copyright, please notify us via e-mail to provide for the consequent removal or modification.<\/em><\/span><\/p>\n<p>&nbsp;<\/p>","protected":false},"excerpt":{"rendered":"<p>L&#8217;azienda farmaceutica ha annunciato l&#8217;intenzione di dividersi in due distinte realt\u00e0 sul mercato delle quotazioni: una focalizzata sui prodotti al consumo, l&#8217;altra sui farmaci e dispositivi medici. La notizia ha prodotto un considerevole rialzo delle azioni nel trading pre-mercato. SKY Tg24 &#8211; 12 novembre 2021 Il colosso americano Johnson&amp;Johnson ha annunciato oggi l&#8217;intenzione di separare &hellip;<\/p>","protected":false},"author":4,"featured_media":61001,"comment_status":"closed","ping_status":"closed","sticky":false,"template":"","format":"standard","meta":{"footnotes":""},"categories":[1],"tags":[],"class_list":["post-60992","post","type-post","status-publish","format-standard","has-post-thumbnail","hentry","category-notizie"],"amp_enabled":true,"_links":{"self":[{"href":"https:\/\/www.fedaiisf.it\/en\/wp-json\/wp\/v2\/posts\/60992","targetHints":{"allow":["GET"]}}],"collection":[{"href":"https:\/\/www.fedaiisf.it\/en\/wp-json\/wp\/v2\/posts"}],"about":[{"href":"https:\/\/www.fedaiisf.it\/en\/wp-json\/wp\/v2\/types\/post"}],"author":[{"embeddable":true,"href":"https:\/\/www.fedaiisf.it\/en\/wp-json\/wp\/v2\/users\/4"}],"replies":[{"embeddable":true,"href":"https:\/\/www.fedaiisf.it\/en\/wp-json\/wp\/v2\/comments?post=60992"}],"version-history":[{"count":0,"href":"https:\/\/www.fedaiisf.it\/en\/wp-json\/wp\/v2\/posts\/60992\/revisions"}],"wp:featuredmedia":[{"embeddable":true,"href":"https:\/\/www.fedaiisf.it\/en\/wp-json\/wp\/v2\/media\/61001"}],"wp:attachment":[{"href":"https:\/\/www.fedaiisf.it\/en\/wp-json\/wp\/v2\/media?parent=60992"}],"wp:term":[{"taxonomy":"category","embeddable":true,"href":"https:\/\/www.fedaiisf.it\/en\/wp-json\/wp\/v2\/categories?post=60992"},{"taxonomy":"post_tag","embeddable":true,"href":"https:\/\/www.fedaiisf.it\/en\/wp-json\/wp\/v2\/tags?post=60992"}],"curies":[{"name":"wp","href":"https:\/\/api.w.org\/{rel}","templated":true}]}}