{"id":61092,"date":"2021-11-18T12:18:18","date_gmt":"2021-11-18T11:18:18","guid":{"rendered":"https:\/\/www.fedaiisf.it\/?p=61092"},"modified":"2022-05-27T07:56:14","modified_gmt":"2022-05-27T05:56:14","slug":"giornata-europea-sulluso-consapevole-degli-antibiotici","status":"publish","type":"post","link":"https:\/\/www.fedaiisf.it\/en\/giornata-europea-sulluso-consapevole-degli-antibiotici\/","title":{"rendered":"European day on the conscious use of antibiotics"},"content":{"rendered":"<p>Oggi 18 novembre ricorre la &#8220;Giornata europea degli antibiotici&#8221; (<a href=\"https:\/\/antibiotic.ecdc.europa.eu\/it\" target=\"_blank\" rel=\"noopener\"><em>European Antibiotic Awareness Day\u00a0&#8211; EAAD<\/em><\/a>) <img loading=\"lazy\" decoding=\"async\" class=\"wp-image-61096 alignright\" src=\"https:\/\/www.fedaiisf.it\/wp-content\/uploads\/2021\/11\/antibioticoresistenza-1024x904.jpeg\" alt=\"\" width=\"548\" height=\"484\" srcset=\"https:\/\/www.fedaiisf.it\/wp-content\/uploads\/2021\/11\/antibioticoresistenza-1024x904.jpeg 1024w, https:\/\/www.fedaiisf.it\/wp-content\/uploads\/2021\/11\/antibioticoresistenza-300x265.jpeg 300w, https:\/\/www.fedaiisf.it\/wp-content\/uploads\/2021\/11\/antibioticoresistenza-768x678.jpeg 768w, https:\/\/www.fedaiisf.it\/wp-content\/uploads\/2021\/11\/antibioticoresistenza-1536x1355.jpeg 1536w, https:\/\/www.fedaiisf.it\/wp-content\/uploads\/2021\/11\/antibioticoresistenza-2048x1807.jpeg 2048w\" sizes=\"auto, (max-width: 548px) 100vw, 548px\" \/>nell&#8217;ambito della contestuale\u00a0Settimana mondiale della consapevolezza antimicrobica (<em><a href=\"http:\/\/www.who.int\/campaigns\/world-antimicrobial-awareness-week\/2020\" target=\"_blank\" rel=\"noopener\">World Antimicrobial Awareness\u00a0Week &#8211; WAAW<\/a>)<\/em>\u00a0promossa dall\u2019Organizzazione Mondiale della Sanit\u00e0 (OMS) dal 18 al 24 novembre 2020.<\/p>\n<p>L&#8217;iniziativa ha come obiettivo la sensibilizzazione sulla minaccia rappresentata dalla resistenza agli antibiotici e sull&#8217;importanza di un loro uso prudente.\u00a0Gli ultimi dati confermano che nell&#8217;Unione europea il numero di pazienti infettati da batteri resistenti \u00e8 in aumento. L\u2019uso prudente degli antibiotici pu\u00f2 contribuire a fermare l\u2019insorgenza dei batteri resistenti e ad aiutare a mantenere l\u2019efficacia degli antibiotici perch\u00e9 possano essere utilizzati dalle generazioni future.<\/p>\n<p>Questi gli slogan della campagna di sensibilizzazione 2020:\u00a0&#8220;<strong>Antimicrobici: maneggiare con cura<\/strong>&#8221; applicabile a tutti i settori e \u201c<strong>Uniti per preservare gli antimicrobici<\/strong>\u201d destinato al settore umano.<\/p>\n<h4>Alcuni punti importanti<\/h4>\n<ul>\n<li>L\u2019OMS ha dichiarato la resistenza antimicrobica (AMR) uno dei 10 principali problemi sanitari mondiali.<\/li>\n<li>L\u2019AMR \u00e8 un problema di salute globale e di sviluppo che richiede un approccio multisettoriale.<\/li>\n<li>L\u2019uso inappropriato o eccessivo degli antimicrobici rappresenta la causa principale dello sviluppo di organismi patogeni resistenti.<\/li>\n<li>Misure inadeguate di prevenzione e controllo delle infezioni, mancanza di acqua potabile e di servizi igienici rappresentano fattori che favoriscono la diffusione di microrganismi, fra cui quelli resistenti.<\/li>\n<li>Il costo dell\u2019AMR \u00e8 molto elevato: oltre ai decessi e disabilit\u00e0, causa ospedalizzazioni prolungate, uso di farmaci pi\u00f9 costosi e possibili problemi finanziari nelle persone affette.<\/li>\n<li>Senza antimicrobici efficaci, il successo della medicina moderna potrebbe essere a rischio, ad esempio per interventi chirurgici gravi o per il trattamento chemioterapico di tumori.<\/li>\n<\/ul>\n<p><b>Infografiche\u00a0<\/b><\/p>\n<ul>\n<li><a href=\"https:\/\/www.salute.gov.it\/imgs\/C_17_notizie_5155_0_file.pdf\" target=\"_blank\" rel=\"noopener\">Antibiotico-resistenza: dieci cose da sapere<\/a><\/li>\n<li><a title=\"apre elenco infografiche\" href=\"https:\/\/www.salute.gov.it\/portale\/documentazione\/p6_2_5_1.jsp?lingua=italiano&amp;id=486\" target=\"_blank\" rel=\"noopener\">Abbiamo bisogno di te. Utilizza gli antibiotici con cura<\/a><\/li>\n<li><a href=\"https:\/\/www.salute.gov.it\/portale\/documentazione\/p6_2_5_1.jsp?lingua=italiano&amp;id=489\" target=\"_blank\" rel=\"noopener\">Per un uso consapevole &#8211; Antibiotici efficaci<\/a><\/li>\n<\/ul>\n<p><strong>To know more<\/strong><\/p>\n<ul>\n<li><a href=\"https:\/\/www.salute.gov.it\/portale\/antibioticoresistenza\/homeAntibioticoResistenza.jsp\" target=\"_blank\" rel=\"noopener\">sito tematico Antibiotico-resistenza<\/a>.<\/li>\n<\/ul>\n<p><a href=\"https:\/\/www.salute.gov.it\/portale\/news\/p3_2_1_1_1.jsp?lingua=italiano&amp;menu=notizie&amp;p=dalministero&amp;id=5155\" target=\"_blank\" rel=\"noopener\">Ministero della Salute &#8211; 18 novembre 2021<\/a><\/p>\n<p style=\"text-align: center;\">_________________________________________________________________<\/p>\n<p><span style=\"color: #000000;\"><strong><img loading=\"lazy\" decoding=\"async\" class=\"wp-image-61095 alignleft\" src=\"https:\/\/www.fedaiisf.it\/wp-content\/uploads\/2021\/11\/antibioticoresistenza-meccanismo.png\" alt=\"\" width=\"589\" height=\"282\" srcset=\"https:\/\/www.fedaiisf.it\/wp-content\/uploads\/2021\/11\/antibioticoresistenza-meccanismo.png 650w, https:\/\/www.fedaiisf.it\/wp-content\/uploads\/2021\/11\/antibioticoresistenza-meccanismo-300x144.png 300w\" sizes=\"auto, (max-width: 589px) 100vw, 589px\" \/>Note:<\/strong><\/span>\u00a0<em>L\u2019Istituto Superiore di Sanit\u00e0 definisce l&#8217;antibiotico resistenza come \u201cla capacit\u00e0 di un batterio di resistere (e quindi di non soccombere) all\u2019azione di un farmaco antibiotico. Un batterio pu\u00f2 dimostrarsi naturalmente resistente verso un antibiotico (<strong>resistenza naturale<\/strong>) o diventare resistente mediante l\u2019attuazione di meccanismi di adattamento (<strong>resistenza acquisita<\/strong>). In questo secondo caso, ceppi batterici che erano sensibili a determinati antibiotici, possono sviluppare resistenza mediante modificazioni del loro patrimonio genetico, tramite mutazione, e poi trasferire questa nuova propriet\u00e0 alla progenie (trasferimento verticale) oppure mediante acquisizione &#8220;in blocco&#8221; da parte di altri batteri (anche di specie diversa) di geni che conferiscono resistenza ad uno o pi\u00f9 antibiotici (trasferimento orizzontale).\u201d<\/em><\/p>\n<p>&nbsp;<\/p>\n<p>Related news:\u00a0<a href=\"https:\/\/notiziescientifiche.it\/antibiotici-per-bestiame-effetto-sconcertante-sul-terreno-scoperto-da-scienziato\/\" target=\"_blank\" rel=\"noopener\">Antibiotici per bestiame, effetto sconcertante sul terreno scoperto da scienziato<\/a><\/p>\n<p><a href=\"https:\/\/www.fedaiisf.it\/en\/ogni-assunzione-di-antibiotici-concorre-a-sviluppare-lantimicrobico-resistenza\/\" target=\"_blank\" rel=\"noopener\">Each intake of antibiotics contributes to the development of antimicrobial resistance<\/a><\/p>\n<p class=\"pmc-article-title\"><a href=\"https:\/\/www.pharmercure.com\/blog\/index.php\/antibiotico-resistenza-cose-e-in-che-modo-ci-riguarda\/\" target=\"_blank\" rel=\"noopener\">Antibiotico resistenza: cos&#8217;\u00e8 e in che modo ci riguarda<\/a><\/p>\n<hr \/>\n<p>&nbsp;<\/p>\n<p>&nbsp;<\/p>\n<p style=\"padding-left: 40px; text-align: justify;\"><span style=\"font-size: 10pt;\"><em>The documents reported represent opinions, interpretations and reconstructions, even subjective ones and not necessarily shared by the editorial staff. Therefore, the responsibility of the statements lies with the author and\/or whoever has provided us with the content. Our intention is to provide useful information for scientific representatives and to disseminate news of public interest. Naturally we invite readers to always deepen the subject matter, to consult more sources and we leave each of them the freedom of interpretation. The material found on the net, where the copyright wording and the rights of use have not already been declared on the site, has been deemed to be in the public domain in good faith. Some texts quoted or images included in this site are taken from the internet and, therefore, considered to be in the public domain; if their publication violates any copyright, please notify us via e-mail to provide for the consequent removal or modification.<\/em><\/span><\/p>\n<p>&nbsp;<\/p>","protected":false},"excerpt":{"rendered":"<p>Oggi 18 novembre ricorre la &#8220;Giornata europea degli antibiotici&#8221; (European Antibiotic Awareness Day\u00a0&#8211; EAAD) nell&#8217;ambito della contestuale\u00a0Settimana mondiale della consapevolezza antimicrobica (World Antimicrobial Awareness\u00a0Week &#8211; WAAW)\u00a0promossa dall\u2019Organizzazione Mondiale della Sanit\u00e0 (OMS) dal 18 al 24 novembre 2020. L&#8217;iniziativa ha come obiettivo la sensibilizzazione sulla minaccia rappresentata dalla resistenza agli antibiotici e sull&#8217;importanza di un loro &hellip;<\/p>","protected":false},"author":4,"featured_media":61098,"comment_status":"closed","ping_status":"closed","sticky":false,"template":"","format":"standard","meta":{"footnotes":""},"categories":[1],"tags":[73],"class_list":["post-61092","post","type-post","status-publish","format-standard","has-post-thumbnail","hentry","category-notizie","tag-batteri-farmacoresistenza"],"amp_enabled":true,"_links":{"self":[{"href":"https:\/\/www.fedaiisf.it\/en\/wp-json\/wp\/v2\/posts\/61092","targetHints":{"allow":["GET"]}}],"collection":[{"href":"https:\/\/www.fedaiisf.it\/en\/wp-json\/wp\/v2\/posts"}],"about":[{"href":"https:\/\/www.fedaiisf.it\/en\/wp-json\/wp\/v2\/types\/post"}],"author":[{"embeddable":true,"href":"https:\/\/www.fedaiisf.it\/en\/wp-json\/wp\/v2\/users\/4"}],"replies":[{"embeddable":true,"href":"https:\/\/www.fedaiisf.it\/en\/wp-json\/wp\/v2\/comments?post=61092"}],"version-history":[{"count":0,"href":"https:\/\/www.fedaiisf.it\/en\/wp-json\/wp\/v2\/posts\/61092\/revisions"}],"wp:featuredmedia":[{"embeddable":true,"href":"https:\/\/www.fedaiisf.it\/en\/wp-json\/wp\/v2\/media\/61098"}],"wp:attachment":[{"href":"https:\/\/www.fedaiisf.it\/en\/wp-json\/wp\/v2\/media?parent=61092"}],"wp:term":[{"taxonomy":"category","embeddable":true,"href":"https:\/\/www.fedaiisf.it\/en\/wp-json\/wp\/v2\/categories?post=61092"},{"taxonomy":"post_tag","embeddable":true,"href":"https:\/\/www.fedaiisf.it\/en\/wp-json\/wp\/v2\/tags?post=61092"}],"curies":[{"name":"wp","href":"https:\/\/api.w.org\/{rel}","templated":true}]}}