{"id":61193,"date":"2021-11-25T11:29:35","date_gmt":"2021-11-25T10:29:35","guid":{"rendered":"https:\/\/www.fedaiisf.it\/?p=61193"},"modified":"2021-11-25T11:49:12","modified_gmt":"2021-11-25T10:49:12","slug":"myservier-unapplicazione-per-lattivita-di-informazione-scientifica","status":"publish","type":"post","link":"https:\/\/www.fedaiisf.it\/en\/myservier-unapplicazione-per-lattivita-di-informazione-scientifica\/","title":{"rendered":"MyServier an application for scientific information activity"},"content":{"rendered":"<p><strong>L\u2019IMPATTO DELLA PANDEMIA\u00a0Covid,<\/strong> le nuove esigenze e, soprattutto, un nuovo approccio: non pi\u00f9 \u2018dare a\u2019<br \/>\n<img loading=\"lazy\" decoding=\"async\" class=\"wp-image-61205 alignright\" src=\"https:\/\/www.fedaiisf.it\/wp-content\/uploads\/2021\/11\/Servier-Napolitasno-HR-2.png\" alt=\"\" width=\"432\" height=\"213\" srcset=\"https:\/\/www.fedaiisf.it\/wp-content\/uploads\/2021\/11\/Servier-Napolitasno-HR-2.png 515w, https:\/\/www.fedaiisf.it\/wp-content\/uploads\/2021\/11\/Servier-Napolitasno-HR-2-300x148.png 300w\" sizes=\"auto, (max-width: 432px) 100vw, 432px\" \/>ma \u2018fare con\u2019 e \u2018fare per\u2019. <strong>Elisa Napolitano<\/strong>, Hr&amp;training director, descrive l\u2019impegno del Gruppo Servier in Italia, accostando il welfare aziendale alla responsabilit\u00e0 sociale.<\/p>\n<p><strong>Come sono cambiate le priorit\u00e0 nella gestione HR nell\u2019ultimo anno e mezzo?<\/strong><\/p>\n<p>In seguito alla pandemia, sono sicuramente cambiati i punti di attenzione nella gestione delle risorse umane: \u00e8 fondamentale, infatti, la quotidiana messa in campo di azioni finalizzate a salvaguardare la salute delle persone e nello stesso tempo la riorganizzazione del lavoro, che deve essere svolto in totale sicurezza. Dall\u2019inizio dell\u2019emergenza queste sono state e continuano a essere le nostre priorit\u00e0 assolute alle quali si aggiunge il tema importantissimo dell\u2019engagement e della motivazione dei dipendenti. La riflessione che stiamo portando avanti ora si concentra su come gestire questa new normality e come prepararci al futuro.<\/p>\n<p><strong>Qual \u00e8 l\u2019approccio delle Hr in Servier?<\/strong><\/p>\n<p>Lo sintetizzo con l\u2019espressione \u2018People-In\u2019: l\u2019attenzione nei confronti delle persone \u00e8 un aspetto cruciale in Servier. In azienda siamo in pi\u00f9 di 400 e per me \u00e8 un piacere conoscere tutti e condividere con loro le decisioni: \u00e8 la normalit\u00e0, ed \u00e8 parte del Dna dell\u2019azienda. Ci ispiriamo a valori molto forti, che mettono le persone davvero al centro. Il tutto si concretizza in investimenti importanti per l\u2019implementazione di progetti di sviluppo dei talenti sia nazionali che internazionali, di percorsi formativi a 360 gradi che prevedono anche grande mobilit\u00e0, sia in Italia che nelle nostre filiali all\u2019estero, e di progetti innovativi che vengono proposti <img loading=\"lazy\" decoding=\"async\" class=\"wp-image-61200 alignleft\" src=\"https:\/\/www.fedaiisf.it\/wp-content\/uploads\/2021\/11\/Servier-Engagement.png\" alt=\"\" width=\"366\" height=\"385\" srcset=\"https:\/\/www.fedaiisf.it\/wp-content\/uploads\/2021\/11\/Servier-Engagement.png 634w, https:\/\/www.fedaiisf.it\/wp-content\/uploads\/2021\/11\/Servier-Engagement-285x300.png 285w\" sizes=\"auto, (max-width: 366px) 100vw, 366px\" \/>direttamente dalle nostre persone. Uno dei nostri obiettivi \u00e8 passare dal \u2018dare a\u2019 \u2013 tipicamente atteso dalla funzione Hr \u2013 al \u2018fare con, fare per\u2019 \u2013 sicuramente pi\u00f9 sfidante ma senz\u2019altro pi\u00f9 gratificante.<\/p>\n<p><strong>Quali sono le iniziative pi\u00f9 significative che avete messo in campo durante la pandemia?\u00a0<\/strong><\/p>\n<p>Sono davvero molte e sono state rese possibili grazie al supporto tecnico, che ci ha consentito di portare avanti percorsi formativi a tutti i livelli usando piattaforme digitali. <strong><span style=\"color: #000000;\">Per la nostra rete di informatori scientifici sul territorio \u00e8 stata lanciata una piattaforma che ha consentito di mantenere i contatti con i medici anche durante le fasi pi\u00f9 delicate della pandemia: si tratta di MyServier, un\u2019applicazione di propriet\u00e0 che ha dato il via a un\u2019evoluzione importante in questa attivit\u00e0 di informazione scientifica e che sono sicura aprir\u00e0 nel futuro nuove opportunit\u00e0.<\/span><\/strong> Abbiamo lavorato, inoltre, sugli aspetti pi\u00f9 personali, proponendo un servizio di \u2018palestra online\u2019 ma anche un\u2019iniziativa culturale, \u2018Il mondo alla finestra\u2019, per scoprire l\u2019arte delle nostre bellissime citt\u00e0 e ancora attivit\u00e0 di coinvolgimento per i bambini delle nostre famiglie. Insomma abbiamo dato la precedenza a tutto ci\u00f2 che potesse mantenerci sani, uniti e ingaggiati.<\/p>\n<p>(Stralcio da <a href=\"https:\/\/www.fortuneita.com\/2021\/11\/23\/welfare-servier-il-vero-tema-e-lengagement\/\" target=\"_blank\" rel=\"noopener\">Fortune Italia &#8211; 23 novembre 2021<\/a>)<\/p>\n<p><em><span data-ccp-props=\"{}\"><strong>L<\/strong><strong>a versione originale di questo articolo fa parte del Dossier Welfare 2021, allegato del <\/strong><strong><a href=\"https:\/\/www.fortuneita.com\/magazine\/\" target=\"_blank\" rel=\"noopener\">numero di Fortune Italia di novembre 2021. <\/a><\/strong><\/span>Il dossier pu\u00f2 essere consultato online <a href=\"https:\/\/abbonamentoriviste.it\/riviste_digitali\/speciale-welfare-fortune-italia-2021\/\" target=\"_blank\" rel=\"noopener\">a questo indirizzo.<\/a><\/em><\/p>\n<p>Related news: <a href=\"https:\/\/servier.it\/la-nostra-compania\/csr-per-uno-sviluppo-sostenibile\/\" target=\"_blank\" rel=\"noopener\">SERVIER CORPORATE SOCIAL RESPONSABILITY<\/a><\/p>\n<p><a href=\"https:\/\/my.servier.ch\/fr\/\" target=\"_blank\" rel=\"noopener\">Bienvenue sur MyServier!<\/a><\/p>\n<p><a href=\"https:\/\/www.fedaiisf.it\/en\/francia-servier-condannata-per-il-farmaco-anti-fame-mediator\/\" target=\"_blank\" rel=\"noopener\">France. Servier sentenced for anti-hunger drug Mediator<\/a><\/p>\n<p>Note: <a href=\"https:\/\/www.glossariomarketing.it\/significato\/engagement\/\" target=\"_blank\" rel=\"noopener\">Engagement. Definizione su Glossario Marketing<\/a><\/p>\n<p>&nbsp;<\/p>\n<p>&nbsp;<\/p>\n<p>&nbsp;<\/p>\n<p>&nbsp;<\/p>\n<p style=\"padding-left: 40px; text-align: justify;\"><em>The documents reported represent opinions, interpretations and reconstructions, even subjective ones and not necessarily shared by the editorial staff. Therefore, the responsibility of the statements lies with the author and\/or whoever has provided us with the content. Our intention is to provide useful information for scientific representatives and to disseminate news of public interest. Naturally we invite readers to always deepen the subject matter, to consult more sources and we leave each of them the freedom of interpretation. The material found on the net, where the copyright wording and the rights of use have not already been declared on the site, has been deemed to be in the public domain in good faith. Some texts quoted or images included in this site are taken from the internet and, therefore, considered to be in the public domain; if their publication violates any copyright, please notify us via e-mail to provide for the consequent removal or modification.<\/em><\/p>\n<p>&nbsp;<\/p>","protected":false},"excerpt":{"rendered":"<p>L\u2019IMPATTO DELLA PANDEMIA\u00a0Covid, le nuove esigenze e, soprattutto, un nuovo approccio: non pi\u00f9 \u2018dare a\u2019 ma \u2018fare con\u2019 e \u2018fare per\u2019. Elisa Napolitano, Hr&amp;training director, descrive l\u2019impegno del Gruppo Servier in Italia, accostando il welfare aziendale alla responsabilit\u00e0 sociale. Come sono cambiate le priorit\u00e0 nella gestione HR nell\u2019ultimo anno e mezzo? In seguito alla pandemia, &hellip;<\/p>","protected":false},"author":4,"featured_media":61199,"comment_status":"closed","ping_status":"closed","sticky":false,"template":"","format":"standard","meta":{"footnotes":""},"categories":[1],"tags":[21],"class_list":["post-61193","post","type-post","status-publish","format-standard","has-post-thumbnail","hentry","category-notizie","tag-informatori-scientifici"],"amp_enabled":true,"_links":{"self":[{"href":"https:\/\/www.fedaiisf.it\/en\/wp-json\/wp\/v2\/posts\/61193","targetHints":{"allow":["GET"]}}],"collection":[{"href":"https:\/\/www.fedaiisf.it\/en\/wp-json\/wp\/v2\/posts"}],"about":[{"href":"https:\/\/www.fedaiisf.it\/en\/wp-json\/wp\/v2\/types\/post"}],"author":[{"embeddable":true,"href":"https:\/\/www.fedaiisf.it\/en\/wp-json\/wp\/v2\/users\/4"}],"replies":[{"embeddable":true,"href":"https:\/\/www.fedaiisf.it\/en\/wp-json\/wp\/v2\/comments?post=61193"}],"version-history":[{"count":0,"href":"https:\/\/www.fedaiisf.it\/en\/wp-json\/wp\/v2\/posts\/61193\/revisions"}],"wp:featuredmedia":[{"embeddable":true,"href":"https:\/\/www.fedaiisf.it\/en\/wp-json\/wp\/v2\/media\/61199"}],"wp:attachment":[{"href":"https:\/\/www.fedaiisf.it\/en\/wp-json\/wp\/v2\/media?parent=61193"}],"wp:term":[{"taxonomy":"category","embeddable":true,"href":"https:\/\/www.fedaiisf.it\/en\/wp-json\/wp\/v2\/categories?post=61193"},{"taxonomy":"post_tag","embeddable":true,"href":"https:\/\/www.fedaiisf.it\/en\/wp-json\/wp\/v2\/tags?post=61193"}],"curies":[{"name":"wp","href":"https:\/\/api.w.org\/{rel}","templated":true}]}}