{"id":61462,"date":"2021-12-09T12:23:24","date_gmt":"2021-12-09T11:23:24","guid":{"rendered":"https:\/\/www.fedaiisf.it\/?p=61462"},"modified":"2022-01-06T11:50:15","modified_gmt":"2022-01-06T10:50:15","slug":"dompe-causa-pandemia-11-isf-agenti-a-p-iva-a-casa","status":"publish","type":"post","link":"https:\/\/www.fedaiisf.it\/en\/dompe-causa-pandemia-11-isf-agenti-a-p-iva-a-casa\/","title":{"rendered":"Domp\u00e8. Due to pandemic 11 ISF agents with VAT number at home"},"content":{"rendered":"<p>Ci viene segnalato che a 11 ISF agenti monomandatari a Partita IVA della Domp\u00e8 \u00e8 stato chiuso il mandato d&#8217;agenzia, tradotto: sono stati licenziati<\/p>\n<p><img loading=\"lazy\" decoding=\"async\" class=\"wp-image-31100 alignright\" src=\"https:\/\/www.fedaiisf.it\/wp-content\/uploads\/2017\/05\/isf.licenziato1.jpg\" alt=\"\" width=\"269\" height=\"182\" srcset=\"https:\/\/www.fedaiisf.it\/wp-content\/uploads\/2017\/05\/isf.licenziato1.jpg 552w, https:\/\/www.fedaiisf.it\/wp-content\/uploads\/2017\/05\/isf.licenziato1-300x203.jpg 300w, https:\/\/www.fedaiisf.it\/wp-content\/uploads\/2017\/05\/isf.licenziato1-220x150.jpg 220w, https:\/\/www.fedaiisf.it\/wp-content\/uploads\/2017\/05\/isf.licenziato1-364x245.jpg 364w, https:\/\/www.fedaiisf.it\/wp-content\/uploads\/2017\/05\/isf.licenziato1-80x54.jpg 80w, https:\/\/www.fedaiisf.it\/wp-content\/uploads\/2017\/05\/isf.licenziato1-130x87.jpg 130w, https:\/\/www.fedaiisf.it\/wp-content\/uploads\/2017\/05\/isf.licenziato1-85x57.jpg 85w, https:\/\/www.fedaiisf.it\/wp-content\/uploads\/2017\/05\/isf.licenziato1-266x179.jpg 266w, https:\/\/www.fedaiisf.it\/wp-content\/uploads\/2017\/05\/isf.licenziato1-347x233.jpg 347w, https:\/\/www.fedaiisf.it\/wp-content\/uploads\/2017\/05\/isf.licenziato1-112x75.jpg 112w, https:\/\/www.fedaiisf.it\/wp-content\/uploads\/2017\/05\/isf.licenziato1-179x120.jpg 179w, https:\/\/www.fedaiisf.it\/wp-content\/uploads\/2017\/05\/isf.licenziato1-576x392.jpg 576w, https:\/\/www.fedaiisf.it\/wp-content\/uploads\/2017\/05\/isf.licenziato1-333x227.jpg 333w, https:\/\/www.fedaiisf.it\/wp-content\/uploads\/2017\/05\/isf.licenziato1-81x55.jpg 81w\" sizes=\"auto, (max-width: 269px) 100vw, 269px\" \/>La Domp\u00e8 sostiene che sono sorti rilevanti problemi operativi a seguito dell\u2019emergenza pandemica che ha pesantemente inciso sulle vendite dei prodotti della linea Primary Care, problemi che hanno imposto all\u2019Azienda di riorganizzare e ristrutturare la rete. Nell\u2019ambito di tale processo si e\u0300 deciso di chiudere il contratto ad alcuni ISF che lega l\u2019Agente all\u2019Azienda.<\/p>\n<p>L&#8217;azienda nell&#8217;intento di dirimere sul nascere le liti che potrebbero insorgere, propone di ricercare un accordo generale per definire interamente, in uno &#8220;spirito di reciproca stima ed apprezzamento&#8221;, qualsivoglia controversia pendente o anche potenziale, con riferimento alla natura, all\u2019esecuzione ed alla cessazione del rapporto di agenzia.\u00a0Pare che 7\/8 abbiano accettato la proposta, gli altri no.<\/p>\n<p>Al di l\u00e0 della vicenda Domp\u00e8 \u00e8 bene precisare cosa caratterizza il lavoro autonomo dell&#8217;agente a Partita IVA dal lavoro subordinato.<\/p>\n<p>The <strong>lavoratore autonomo<\/strong> si impegna, nei confronti del committente, ad eseguire un\u2019opera o prestare un servizio entro una data di consegna stabilita nel contratto, previo pagamento di un corrispettivo.<\/p>\n<p>Fatti salvi alcuni momenti di <strong>coordinamento tra committente e lavoratore autonomo<\/strong>, quest\u2019ultimo \u00e8 tendenzialmente libero di organizzare il proprio lavoro, salvo il rispetto delle caratteristiche del servizio o dell\u2019opera che si \u00e8 impegnato a realizzare e della data di consegna.<\/p>\n<p>Il lavoratore autonomo decide, dunque, in autonomia:<\/p>\n<ul>\n<li>dove lavorare;<\/li>\n<li>per quante ore al giorno lavorare;<\/li>\n<li>con quali strumenti lavorare.<\/li>\n<\/ul>\n<p>A causa\u00a0del costo da sostenere per assumere un lavoratore subordinato, il datore di lavoro \u00e8 fortemente vincolato nella gestione dei lavoratori dipendenti i quali godono di ampi diritti e tutele. Per evitare questi vincoli vengono assunti lavoratori a Partita IVA, falsamente autonomi ma che svolgono le mansioni dei lavoratori subordinati.<\/p>\n<p><img loading=\"lazy\" decoding=\"async\" class=\"wp-image-47253 alignleft\" src=\"https:\/\/www.fedaiisf.it\/wp-content\/uploads\/2020\/01\/partita-IVA.jpg\" alt=\"\" width=\"277\" height=\"166\" srcset=\"https:\/\/www.fedaiisf.it\/wp-content\/uploads\/2020\/01\/partita-IVA.jpg 750w, https:\/\/www.fedaiisf.it\/wp-content\/uploads\/2020\/01\/partita-IVA-300x180.jpg 300w\" sizes=\"auto, (max-width: 277px) 100vw, 277px\" \/>Le false partita Iva, cos\u00ec si chiamano, sono quindi quei lavoratori che pur essendo formalmente impiegati come lavoratori autonomi sono, in realt\u00e0, dei veri e propri <strong>subordinate workers<\/strong> as, in the actual performance of the relationship, they carry out their work in the manner typical of employee work.<\/p>\n<p>There are a number of elements that characterize the<strong> method of conducting the employment relationship<\/strong> from which it can be inferred that it is a false VAT number.<\/p>\n<p>Among these elements we can indicate, among others, the fact that the self-employed worker hired with a VAT number:<\/p>\n<ul>\n<li>is subject to the employer&#039;s directives in carrying out the work;<\/li>\n<li>must respect a fixed working schedule;<\/li>\n<li>must go, to carry out the work, to the place indicated by the employer;<\/li>\n<li>uses the tools made available by the employer to render the service;<\/li>\n<li>must communicate in advance any absences;<\/li>\n<li>performs a completely similar activity to other colleagues hired as employees;<\/li>\n<li>is permanently included in the employer&#039;s corporate organization.<\/li>\n<li>\u00e8 costretto ad affiancamenti di verifica da parte di un Capo Area<\/li>\n<li>\u00e8 obbligato a rapportare la propria attivit\u00e0 lavorativa<\/li>\n<\/ul>\n<p>Pu\u00f2 capitare, e capita, che\u00a0con un semplice escamotage si dia al rapporto di lavoro un nome diverso per farlo rientrare formalmente nell&#8217;ambito del lavoro autonomo negando quindi al lavoratore tutte le tutele che la legge riconosce ai lavoratori subordinati.<\/p>\n<p><img loading=\"lazy\" decoding=\"async\" class=\"wp-image-61928 alignright\" src=\"https:\/\/www.fedaiisf.it\/wp-content\/uploads\/2021\/12\/enasarco-3-no-isf-agenti.png\" alt=\"\" width=\"459\" height=\"611\" srcset=\"https:\/\/www.fedaiisf.it\/wp-content\/uploads\/2021\/12\/enasarco-3-no-isf-agenti.png 420w, https:\/\/www.fedaiisf.it\/wp-content\/uploads\/2021\/12\/enasarco-3-no-isf-agenti-225x300.png 225w\" sizes=\"auto, (max-width: 459px) 100vw, 459px\" \/>Su iniziativa del lavoratore oppure tramite un accertamento condotto dagli organi ispettivi di Inps, Inail o Ispettorato del lavoro, il lavoratore autonomo pu\u00f2 essere riqualificato in un rapporto di lavoro subordinato sin dalla data del suo inizio. In caso di interruzione del rapporto la falsa partita IVA potr\u00e0 rivolgersi ad un legale per ottenere la riqualificazione.<\/p>\n<p>Inoltre l\u2019articolo n.69-bis del D.Lgs n.276\/2003 permette di identificare le\u00a0false Partite IVA quando, \u00a0salvo prova contraria da parte del committente, le prestazioni effettuate da lavoratori in possesso di\u00a0Partita IVA\u00a0sono riqualificate come rapporti di lavoro dipendente qualora ricorrano almeno due condizioni tra le seguenti:<\/p>\n<ul>\n<li>the collaboration lasts for more than 8 months for two consecutive years (precisely, 241 days even if not consecutive);<\/li>\n<li>il corrispettivo derivante da questa attivit\u00e0 costituisca pi\u00f9 dell\u201980% dei corrispettivi annui percepiti dal professionista (anche se fatturato a pi\u00f9 soggetti riconducibili al medesimo centro d&#8217;imputazione di interessi);<\/li>\n<li>il collaboratore disponga di una postazione fissa di lavoro presso una delle sedi del committente.<\/li>\n<\/ul>\n<p>From the requalification of the relationship derives the worker&#039;s right to receive the so-called <strong>pay differences<\/strong> (where existing), i.e. the difference between the remuneration that would have been due to the worker if he had been hired from the outset as an employee and the remuneration received as a VAT number.<\/p>\n<p>Furthermore, INPS and Inail can ask the employer to pay all the social security and welfare contributions that he would have had to pay if the worker had been hired from the outset as an employee.<\/p>\n<p>Infine, il rapporto di lavoro diventa un rapporto di lavoro subordinato a tempo indeterminato, con tutte le conseguenze del caso in termini di modifica delle mansioni, trasferimento, licenziamento, tutele del lavoratore in caso di malattia, infortunio, gravidanza, handicap, etc., e in caso di licenziamento a percepire il trattamento di fine rapporto (TFR).<\/p>\n<p>Ritornando al caso Domp\u00e8 se gli ISF &#8220;licenziati&#8221; possono dimostrare che erano false partite IVA hanno buone prospettive di successo.<\/p>\n<p><img loading=\"lazy\" decoding=\"async\" class=\"wp-image-46752 alignright\" src=\"https:\/\/www.fedaiisf.it\/wp-content\/uploads\/2019\/11\/giudice-tribunale-sentenza.jpg\" alt=\"\" width=\"288\" height=\"212\" srcset=\"https:\/\/www.fedaiisf.it\/wp-content\/uploads\/2019\/11\/giudice-tribunale-sentenza.jpg 1000w, https:\/\/www.fedaiisf.it\/wp-content\/uploads\/2019\/11\/giudice-tribunale-sentenza-300x221.jpg 300w, https:\/\/www.fedaiisf.it\/wp-content\/uploads\/2019\/11\/giudice-tribunale-sentenza-768x565.jpg 768w\" sizes=\"auto, (max-width: 288px) 100vw, 288px\" \/>Riportiamo alcune sentenze, fra le tante che ci sono, sulla qualificazione del rapporto di lavoro dell\u2019ISF<\/p>\n<ul>\n<li style=\"text-align: justify;\"><em><span style=\"color: #000000;\"><strong>Il nomen juris che le parti attribuiscono al rapporto di lavoro non \u00e8 determinante per la sua qualificazione giuridica<\/strong><\/span>. La volont\u00e0 dei contraenti costituisce un punto di riferimento nella valutazione del giudice, dal quale egli si pu\u00f2 discostare a fronte di plurimi e univoci indici che facciano emergere una realt\u00e0 diversa da quella descritta nel contratto. (Corte appello Milano sez. lav., 15\/03\/2017, n.1281)<\/em><\/li>\n<li style=\"text-align: justify;\"><em>L\u2019attivit\u00e0 di informazione scientifica del farmaco ben pu\u00f2 essere svolta tanto da agenti quanto da lavoratori dipendenti della societ\u00e0 farmaceutica, in quanto <span style=\"color: #000000;\"><strong>ci\u00f2 che rileva, al fine di qualificare un rapporto come di lavoro dipendente, \u00e8 la prova dell\u2019effettivo assoggettamento dell\u2019informatore scientifico al potere direttivo e di controllo da parte della societ\u00e0<\/strong><\/span>, mentre il solo fatto che l\u2019agente debba conformare la propria attivit\u00e0, tra l\u2019altro, alle prescrizioni del codice del farmaco, di per s\u00e9 non \u00e8 dirimente per far ritenere che il contratto di agenzia non sia legittimo. (Tribunale Milano sez. lav., 30\/12\/2015).<\/em><\/li>\n<li style=\"text-align: justify;\"><em>L\u2019attivit\u00e0 di informatore medico-scientifico, che pu\u00f2 svolgersi sia nell\u2019ambito del rapporto di lavoro autonomo che in quello del rapporto di lavoro subordinato, consiste nel persuadere la potenziale clientela dell\u2019opportunit\u00e0 dell\u2019acquisto, informandola del prodotto e delle sue caratteristiche, ma <span style=\"color: #000000;\"><strong>senza promuovere (se non in via del tutto marginale) la conclusione di contratti.<\/strong><\/span> Dall\u2019anzidetta attivit\u00e0 differisce quella dell\u2019agente, il quale, nell\u2019ambito di un\u2019obbligazione non di mezzi ma di risultato, deve altres\u00ec pervenire alla promozione della conclusione dei contratti, essendo a questi direttamente connesso e commisurato il proprio compenso. ( <a href=\"https:\/\/www.fedaiisf.it\/wp-content\/uploads\/2021\/04\/Cassazione-Civ.-Ord.-Sez.-L-N.-101582021.pdf\">Civil cassation section lav., 16\/04\/2021, n.10158<\/a> ).<\/em><\/li>\n<li style=\"text-align: justify;\"><em>La sentenza precedentemente riportata della Corte di Cassazione \u00e8 in linea con la Sentenza della Sez. Lavoro della stessa Corte del\u00a0<a href=\"https:\/\/www.fedaiisf.it\/wp-content\/uploads\/2014\/09\/C.C.-sentenza-19394.2014.pdf\">15 September 2014, no. 19394<\/a> in cui dichiarava che \u201c<span style=\"color: #000000;\"><strong>anche se qualificato nero su bianco come contratto di agenzia, va invece ricondotto ai canoni del lavoro subordinato il rapporto di colui che \u2013 pur con un limitato margine di autonomia \u2013 svolga prevalentemente l&#8217;attivit\u00e0 di informatore medico-scientifico piuttosto che quella di agente di commercio<\/strong><\/span>\u201d.<\/em><\/li>\n<li style=\"text-align: justify;\"><em>Infine, per meglio comprendere la \u201cratio\u201d di queste sentenze occorre riprendere la dichiarazione della Cassazione che dice: \u201c<\/em>Il consumo dei farmaci non \u00e8 regolato dal criterio del piacere, ma da quello dell\u2019utilit\u00e0, mediata dalla classe medica, sicch\u00e9 i medici sono destinatari di una specifica forma di pubblicit\u00e0 che mira non gi\u00e0 a reclamizzare astrattamente il prodotto decantandone le virt\u00f9 o la piacevolezza visiva della confezione, ma ad informarli della natura e delle utilit\u00e0 farmaceutiche del prodotto, in quali ipotesi risulti indicato, in quali no ed in quali sia addirittura nocivo(v. Cass. n. 25053 del 2006; v. anche Cass. n. 8844 del 2014; Cass. n. 2349 del 2013; Cass. n. 5494 del 2013)<em>\u201d<\/em><\/li>\n<\/ul>\n<p>Il fatto che rimane \u00e8 che\u00a011 ISF Domp\u00e8, \u00a0alla vigilia delle feste natalizie, si trovano senza lavoro dalla sera alla mattina. Oltre alla nostra vicinanza e solidariet\u00e0, il nostro augurio \u00e8 che possano risolvere questa vicenda nel migliore dei modi (per loro). Inutile augurare loro il Buon Natale, perch\u00e9 per loro non sar\u00e0 un Buon Natale.<\/p>\n<p>&nbsp;<\/p>\n<p>Note.\u00a0<em><strong>Domp\u00e9 Farmaceutici<\/strong>\u00a0(Df) ha chiuso l\u2019anno 2019 con utile di oltre 124 milioni rispetto alla perdita di 5,8 milioni dell\u2019esercizio precedente. L\u2019esplosione del profitto \u00e8 dovuta in primo luogo al significativo incremento del fatturato passato anno su anno da 278,1 a 443,6 milioni, di cui 226 milioni realizzato in Italia, 191 milioni negli Stati Uniti e 21,7 milioni in altre aree geografiche.\u00a0Nel <a href=\"https:\/\/www.dompe.com\/chi-siamo\/dompe-in-sintesi\" target=\"_blank\" rel=\"noopener\">2020 il fatturato<\/a> \u00e8 cresciuto a 532 milioni<\/em><\/p>\n<p>&nbsp;<\/p>\n<p>Related news:\u00a0<a href=\"https:\/\/www.laleggepertutti.it\/414637_false-partite-iva-quali-le-eccezioni\" target=\"_blank\" rel=\"noopener\">False partite Iva: quali le eccezioni?<\/a><\/p>\n<p>&nbsp;<\/p>\n<p><em>Ultimo aggiornamento 10\/12\/2021<\/em><\/p>","protected":false},"excerpt":{"rendered":"<p>Ci viene segnalato che a 11 ISF agenti monomandatari a Partita IVA della Domp\u00e8 \u00e8 stato chiuso il mandato d&#8217;agenzia, tradotto: sono stati licenziati La Domp\u00e8 sostiene che sono sorti rilevanti problemi operativi a seguito dell\u2019emergenza pandemica che ha pesantemente inciso sulle vendite dei prodotti della linea Primary Care, problemi che hanno imposto all\u2019Azienda di &hellip;<\/p>","protected":false},"author":4,"featured_media":61466,"comment_status":"closed","ping_status":"closed","sticky":false,"template":"","format":"standard","meta":{"footnotes":""},"categories":[16],"tags":[27],"class_list":["post-61462","post","type-post","status-publish","format-standard","has-post-thumbnail","hentry","category-primo-piano","tag-licenziati"],"amp_enabled":true,"_links":{"self":[{"href":"https:\/\/www.fedaiisf.it\/en\/wp-json\/wp\/v2\/posts\/61462","targetHints":{"allow":["GET"]}}],"collection":[{"href":"https:\/\/www.fedaiisf.it\/en\/wp-json\/wp\/v2\/posts"}],"about":[{"href":"https:\/\/www.fedaiisf.it\/en\/wp-json\/wp\/v2\/types\/post"}],"author":[{"embeddable":true,"href":"https:\/\/www.fedaiisf.it\/en\/wp-json\/wp\/v2\/users\/4"}],"replies":[{"embeddable":true,"href":"https:\/\/www.fedaiisf.it\/en\/wp-json\/wp\/v2\/comments?post=61462"}],"version-history":[{"count":0,"href":"https:\/\/www.fedaiisf.it\/en\/wp-json\/wp\/v2\/posts\/61462\/revisions"}],"wp:featuredmedia":[{"embeddable":true,"href":"https:\/\/www.fedaiisf.it\/en\/wp-json\/wp\/v2\/media\/61466"}],"wp:attachment":[{"href":"https:\/\/www.fedaiisf.it\/en\/wp-json\/wp\/v2\/media?parent=61462"}],"wp:term":[{"taxonomy":"category","embeddable":true,"href":"https:\/\/www.fedaiisf.it\/en\/wp-json\/wp\/v2\/categories?post=61462"},{"taxonomy":"post_tag","embeddable":true,"href":"https:\/\/www.fedaiisf.it\/en\/wp-json\/wp\/v2\/tags?post=61462"}],"curies":[{"name":"wp","href":"https:\/\/api.w.org\/{rel}","templated":true}]}}