{"id":61503,"date":"2021-12-11T12:12:33","date_gmt":"2021-12-11T11:12:33","guid":{"rendered":"https:\/\/www.fedaiisf.it\/?p=61503"},"modified":"2021-12-11T12:50:15","modified_gmt":"2021-12-11T11:50:15","slug":"la-richiesta-del-medico-no-vax-un-confronto-pubblico-con-il-presidente-dellordine-dei-medici-di-genova","status":"publish","type":"post","link":"https:\/\/www.fedaiisf.it\/en\/la-richiesta-del-medico-no-vax-un-confronto-pubblico-con-il-presidente-dellordine-dei-medici-di-genova\/","title":{"rendered":"Sestri Levante. &quot;No vax&quot; doctor: &quot;I haven&#039;t met representatives of the pharmaceutical industry for 10 years&quot;"},"content":{"rendered":"<h2>La richiesta del medico &#8220;no vax&#8221;: &#8220;Un confronto pubblico con il presidente dell&#8217;Ordine dei Medici di Genova&#8221;<\/h2>\n<p><i>Santi, nei mesi scorsi, \u00e8 stato sospeso per i certificati di esonero dall&#8217;indossare la mascherina. &#8220;Da 10 anni non incontro rappresentanti dell&#8217;industria farmaceutica&#8221;<\/i><\/p>\n<p><a href=\"https:\/\/telenord.it\/la-richiesta-del-medico-no-vax-un-confronto-pubblico-con-il-presidente-dell-ordine-dei-medici-di-genova-39488\" target=\"_blank\" rel=\"noopener\">Telenord &#8211; 10 dicembre 20212<\/a><\/p>\n<p><strong><img loading=\"lazy\" decoding=\"async\" class=\"wp-image-61506 alignright\" src=\"https:\/\/www.fedaiisf.it\/wp-content\/uploads\/2021\/12\/dottor-santi-aids-giornale.png\" alt=\"\" width=\"390\" height=\"478\" srcset=\"https:\/\/www.fedaiisf.it\/wp-content\/uploads\/2021\/12\/dottor-santi-aids-giornale.png 784w, https:\/\/www.fedaiisf.it\/wp-content\/uploads\/2021\/12\/dottor-santi-aids-giornale-245x300.png 245w, https:\/\/www.fedaiisf.it\/wp-content\/uploads\/2021\/12\/dottor-santi-aids-giornale-768x940.png 768w\" sizes=\"auto, (max-width: 390px) 100vw, 390px\" \/>Roberto Santi<\/strong>, medico di Sestri Levante, \u00e8 stato travolto dalle polemiche per le sue posizioni controverse su <strong>vaccines<\/strong> And <strong>Covid<\/strong>.<\/p>\n<p>Nei mesi scorsi l&#8217;Ordine di Medici di Genova lo ha sospeso perch\u00e9 avrebbe\u00a0<strong>prodotto diversi certificati di esenzione per l\u2019uso della mascherina senza visitare i pazienti.\u00a0<\/strong>Esoneri che, in genere, erano giustificati per la presenza di malattie respiratorie genetiche.<\/p>\n<p>Santi, che \u00e8 stato anche medico del carcere di Chiavari, assessore a Sestri Levante nella seconda met\u00e0 degli anni &#8217;90 ma anche epidemiologo presso la Asl 2 di Sanremo, responsabile dell&#8217;igiene dell&#8217;ambiente ed esperto nelle patologie correlate, poi aiuto del direttore Sanitario e responsabile della formazione, non si arrende e continua a sostenere le sue tesi.<\/p>\n<p>Non vuole rilasciare interviste video al momento e spiega: &#8220;<strong>Sono disponibile solo ad un confronto pubblico con il Presidente dell&#8217;Ordine dei Medici di Genova<\/strong>&#8220;.<\/p>\n<p>Le sue posizioni sui vaccini sono chiare:<\/p>\n<p>&#8220;<strong>Molte, troppe volte vengono segnalati danni da vaccino<\/strong> &#8211; spiega Santi &#8211; \u00a0Il compito dei Media e delle Istituzioni non \u00e8 facile: da una parte evitare che si dilaghi l&#8217;allarme che porterebbe ad una preoccupante riduzione della copertura vaccinale, dall&#8217;altra la necessit\u00e0 di mantenere un livello sufficiente di fiducia ed autorevolezza che possa sostenere una buona copertura vaccinale.<\/p>\n<p>Dico solo che \u00e8 un settore talmente delicato che richiederebbe uno sforzo di trasparenza al massimo livello possibile. Comunque, lascio la parola, in questo caso, agli esperti&#8221;.<\/p>\n<p>Il medico di Sestri Levante \u00e8 un grande sostenitore del <strong>metodo di cura ideato dal dottor Emanuele Ugo \u00a0D\u2019Abramo<\/strong> che si basa sull\u2019infusione per via endovenosa di <strong>farmaci con vitamina C, fruttosio <\/strong>e altri elementi biologici di questo tipo. Un metodo che divide e fa discutere nell&#8217;ambiente scientifico:<\/p>\n<p>&#8220;Quello che mi preme dire che <strong>there\u00a0<span style=\"color: #000000;\"><a style=\"color: #000000;\" title=\"La nostra cura\">cura del dott. D&#8217;Abramo<\/a><\/span><\/strong>\u00a0ha dato buoni risultati su danni neurologici ed immunitari variamente indotti &#8211; contiua Santi &#8211;\u00a0Abbiamo trattato, non molti in verit\u00e0, casi di autismo in adolescenti ottenendo risultati apprezzati dagli insegnanti, oltre che dai genitori.<\/p>\n<p>Questa \u00e8 la cura dell&#8217;autismo? No. Non dico questo. \u00a0Ma, se l&#8217;autismo \u00e8 il risultato di un danno immunologico e neurologico jatrogenicamente indotto, un tentativo si pu\u00f2 fare. Se la cura funziona si vede subito o quasi&#8221;.<\/p>\n<p><img loading=\"lazy\" decoding=\"async\" class=\"wp-image-61508 alignleft\" src=\"https:\/\/www.fedaiisf.it\/wp-content\/uploads\/2021\/12\/dambra-emanuele-ugo-bioterapia-infunsionale.png\" alt=\"\" width=\"344\" height=\"229\" srcset=\"https:\/\/www.fedaiisf.it\/wp-content\/uploads\/2021\/12\/dambra-emanuele-ugo-bioterapia-infunsionale.png 700w, https:\/\/www.fedaiisf.it\/wp-content\/uploads\/2021\/12\/dambra-emanuele-ugo-bioterapia-infunsionale-300x200.png 300w\" sizes=\"auto, (max-width: 344px) 100vw, 344px\" \/>Per giustificare la sua posizione contraria ai vaccini per combattere il Covid, il dottore ci cita uno studio portato avanti sulle proteine Spike:<\/p>\n<p><em>Gli studi clinici hanno indicato che i pazienti con COVID-19 grave mostrano risposte immunitarie adattive ritardate e deboli; tuttavia, il meccanismo con cui SARS-CoV-2 impedisce l&#8217;immunit\u00e0 adattativa rimane poco chiaro. I nostri risultati rivelano un potenziale meccanismo molecolare mediante il quale la proteina spike potrebbe impedire l&#8217;immunit\u00e0 adattativa e sottolineare i potenziali effetti collaterali dei vaccini a lunghezza intera basati su spike.<\/em><\/p>\n<p>&#8220;Basterebbe solo questo ultimo\u00a0recente articolo per <strong>sospendere immediatamente la vaccinazione<\/strong> e capire meglio: se la proteina Spike inibisce i meccanismi\u00a0di autoriparazione del DNA, significa che dopo pochissimi anni potremmoo\u00a0avere neoplasie, leucemie, linfomi ecc.&#8221;, conclude Santi.<\/p>\n<p>Per completezza d&#8217;informazione diciamo che nessuno studio clinico conferma i risultati dello studio citato dal dottor Santi e che la ricerca \u00e8 stata pubblicata da una casa editrice nota per aver approvato altri paper eseguiti con metodi controversi.<\/p>\n<hr \/>\n<div>N.d.R.: Diremmo che le affermazioni del Dr. Santi si commentano da sole. Ci basti dire che dice che da 10 anni \u00a0non riceve &#8220;rappresentanti dell&#8217;industria farmaceutica&#8221;&#8230; e si vede!<\/div>\n<div><\/div>\n<div>Per completezza d&#8217;informazione riportiamo la terapia BIDA (bioterapia infusionale D&#8217;Abramo) o del Dr. D&#8217;Abramo col quale il Dr. Santi ha\u00a0personalmente collaborato. La terapia BIDA citata e le considerazioni espresse subito dopo sono del Dr. Santi.<\/div>\n<div>\n<p>&nbsp;<\/p>\n<p><em>PRINCIPALI FARMACI ED INTEGRATORI OMEOPATICI DEL PROTOCOLLO #BIDA:<\/em><\/p>\n<ul>\n<li><em>&#8211; FOSFOLIPIDI (ipotalamici) LIPOSOM, sono i costituenti delle membrane cellulari e neuronali facendole funzionare al meglio;<\/em><\/li>\n<li><em>&#8211; ADEMETIONINA DONAMET, il piu&#8217; potente epatoprotettore che ci protegge dalle tossine introdotte con acqua, cibo e aria;<\/em><\/li>\n<li><em>&#8211; GLUTATIONE TATIONIL, e&#8217; il piu&#8217; potente disintossicante e antiradicali liberi con azione antitumorale;<\/em><\/li>\n<li><em>&#8211; VITAMINA C, interviene in innumerevoli meccanismi esplicando azioni antiossidanti, antivirali e antitumorali; migliora inoltre i processi di ossigenazione alle cellule cerebrali e interviene nella formazione di collagene;<\/em><\/li>\n<li><em>&#8211; COENZIME, attiva tante attivita&#8217; di enzimi attualmente noti e che scopriremo in futuro;<\/em><\/li>\n<li><em>&#8211; FRUTTOSIO 1,6 che dona energia ai neuroni cerebrali e ai muscoli striati del corpo;<\/em><\/li>\n<li><em>&#8211; CIANOCOBALAMINA DOBETIN, interviene in numerosi processi metabolici e di recupero;<\/em><\/li>\n<li><em>&#8211; CARNITINA L-CARNITENE, e&#8217; un aminoacido in grado di trasportare gli acidi grassi attivati a lunga catena nella matrice mitocondriale (motocondri della cellula), cioe&#8217; nella parte interna di quelle strutture intracellulari adibite alla produzione di ATP, ovvero di energia.\u00a0una deficienza di carnitina influisce dnq negativamente sull&#8217;ossidazione degli acidi grassi e sulla produzione di energia creando gravi squilibri metabolici;<\/em><\/li>\n<li><em>&#8211; CITICOLINA, agisce positivamente sulle funzioni dei neuroni, protegge le arterie ed e&#8217; antipertensiva;<\/em><\/li>\n<li><em>&#8211; VitaminaD DIBASE, svolge un&#8217;infinita&#8217; di azioni terapeutiche, antitumorali in primis. riequilibra il sistema endocrino, stimola la sintesi di ormoni sessuali, favorisce la perdita del grasso in eccesso, agisce come ipoglicemizzante, interviene nel trattamento degli stati d&#8217;ansia e della depressione ecc..<\/em><\/li>\n<li><em>&#8211; SAMYR, ottimo disintossicante per il fegato e utilizzato anche per trattare la fibromialgia;<\/em><\/li>\n<li><em>&#8211; ESAFOSFINA<\/em><\/li>\n<\/ul>\n<p><em>Col protocollo BIDA si curano svariate patologie ed interviene comunque positivamente anche in quelle che si cronicizzano e per le quali non c&#8217;e&#8217; ancora una cura ufficiale o farmaci specifici.<\/em><\/p>\n<p>lI dott Roberto Santi prescrive il metodo BIDA e ne e&#8217; uno dei massimi conoscitori, avendo personalmente collaborato col dott Ugo D&#8217;Abramo.<\/p>\n<p>A suo carico sono arrivati due provvedimenti, lo scorso ottobre, per un totale di 10 mesi di sospensione dalla professione. Ormai da pi\u00f9 di un anno sono arrivati moltissimi esposti da parte di liberi cittadini, enti pubblici e privati, forze dell\u2019ordine, Procura. Ci sono tantissimi enti che stanno indagando su una serie di fatti che configurano in molti casi dei reati e che hanno aspetti di natura deontologica e disciplinare.<\/p>\n<hr \/>\n<\/div>\n<hr \/>\n<p><span style=\"color: #000000;\"><strong>Note<\/strong><\/span>:<em>\u00a0There <b>terapia\u00a0genica<\/b> \u00e8 un trattamento basato sul trasferimento di materiale genetico estraneo (DNA o RNA) inserito nel nucleo delle cellule di un individuo cose che non avviene con i vaccini a mRNA che operano solo nel citoplasma. <\/em><\/p>\n<p><em>Diverse sono le classe di cofattori fra i quali vi sono i <strong>coenzimi<\/strong>, molecole organiche dalla struttura spesso molto complessa.\u00a0I <strong>coenzimi<\/strong> contengono per lo pi\u00f9 nella loro struttura una <strong>vitamina<\/strong> o un suo derivato e servono per attivare gli enzimi. Nella terapia BIDA si parla di coenzima senza specificare quale. <\/em><\/p>\n<p><em>Il vaccino non \u00e8 un siero. Il<strong> siero<\/strong>\u00a0\u00e8\u00a0il liquido tratto dal sangue, formato da plasma senza fibrinogeno, fattore VIII, fattore V e protrombina.<\/em><\/p>\n<p><em>L\u2019immunit\u00e0 specifica o adattativa, nota anche come immunit\u00e0 acquisita, rappresenta <strong>l\u2019insieme delle risposte di tipo specifico attivate dal sistema immunitario verso i microrganismi patogeni<\/strong>.\u00a0<\/em><\/p>\n<p><i>Confessiamo la nostra ignoranza sui <strong>vaccines<\/strong><em><strong>\u00a0a lunghezza intera<\/strong> basati su spike. Sappiamo che ci sono vaccini basati sul<\/em><\/i><em>la forma della proteina Spike che varia notevolmente da un prodotto all\u2019altro. Alcuni usano proteine singole, altri triadi (complessi di tre proteine). Alcuni usano proteine Spike a lunghezza intera, altri solo un frammento. Alcune proteine sono liberamente fluttuanti, altre sono impacchettate insieme in nanoparticelle. Ma questi vaccini non sono ancora presenti nei\u00a0<\/em><i>Paesi occidentali.<\/i><\/p>\n<p><em>Al 12 ottobre <a href=\"https:\/\/www.aifa.gov.it\/documents\/20142\/1315190\/Rapporto_sorveglianza_vaccini_COVID-19_9.pdf\" target=\"_blank\" rel=\"noopener\">sono pervenute ad AIFA\u00a0<\/a><strong>101.110 segnalazioni di reazioni avverse<\/strong>\u00a0out of a total of\u00a0<strong>84,010,605 of doses<\/strong>\u00a0administered (report rate of 120 per 100,000 doses), of which the<strong>85,4% riferite a eventi non gravi. <\/strong>Solo 16 casi (3,7%) di decesso sui 435 valutati sono risultati correlabili (circa 0,2 casi ogni milione di dosi somministrate)<\/em><\/p>\n<p>&nbsp;<\/p>\n<p>&nbsp;<\/p>\n<p>&nbsp;<\/p>\n<p style=\"text-align: justify; padding-left: 40px;\"><span style=\"font-size: 10pt;\"><em>Gli elaborati e le opinioni riportate rappresentano pareri, interpretazioni e ricostruzioni anche soggettive e non necessariamente condivise dalla redazione. Pertanto, le responsabilit\u00e0 delle dichiarazioni sono dell&#8217;autore e\/o di chi ci ha fornito il contenuto. Il nostro intento \u00e8 di fare informazione utili per gli informatori scientifici e di divulgare notizie di interesse pubblico. Naturalmente invitiamo i lettori ad approfondire sempre l&#8217;argomento trattato, a consultare pi\u00f9 fonti e lasciamo a ciascuno di loro la libert\u00e0 d&#8217;interpretazione. Il materiale reperito in rete, ove non dichiarata gi\u00e0 nel sito la dicitura di copyright e i diritti di utilizzo, \u00e8 stato in buona fede ritenuto di pubblico dominio. Alcuni testi citati o immagini inserite in questo sito sono tratte da internet e, pertanto, considerate di pubblico dominio; qualora la loro pubblicazione violasse eventuali diritti d\u2019autore vogliate comunicarlo via e-mail per provvedere alla conseguente rimozione o modificazione.<\/em><\/span><\/p>\n<p>&nbsp;<\/p>","protected":false},"excerpt":{"rendered":"<p>La richiesta del medico &#8220;no vax&#8221;: &#8220;Un confronto pubblico con il presidente dell&#8217;Ordine dei Medici di Genova&#8221; Santi, nei mesi scorsi, \u00e8 stato sospeso per i certificati di esonero dall&#8217;indossare la mascherina. &#8220;Da 10 anni non incontro rappresentanti dell&#8217;industria farmaceutica&#8221; Telenord &#8211; 10 dicembre 20212 Roberto Santi, medico di Sestri Levante, \u00e8 stato travolto dalle &hellip;<\/p>","protected":false},"author":4,"featured_media":61510,"comment_status":"closed","ping_status":"closed","sticky":false,"template":"","format":"standard","meta":{"footnotes":""},"categories":[1],"tags":[],"class_list":["post-61503","post","type-post","status-publish","format-standard","has-post-thumbnail","hentry","category-notizie"],"amp_enabled":true,"_links":{"self":[{"href":"https:\/\/www.fedaiisf.it\/en\/wp-json\/wp\/v2\/posts\/61503","targetHints":{"allow":["GET"]}}],"collection":[{"href":"https:\/\/www.fedaiisf.it\/en\/wp-json\/wp\/v2\/posts"}],"about":[{"href":"https:\/\/www.fedaiisf.it\/en\/wp-json\/wp\/v2\/types\/post"}],"author":[{"embeddable":true,"href":"https:\/\/www.fedaiisf.it\/en\/wp-json\/wp\/v2\/users\/4"}],"replies":[{"embeddable":true,"href":"https:\/\/www.fedaiisf.it\/en\/wp-json\/wp\/v2\/comments?post=61503"}],"version-history":[{"count":0,"href":"https:\/\/www.fedaiisf.it\/en\/wp-json\/wp\/v2\/posts\/61503\/revisions"}],"wp:featuredmedia":[{"embeddable":true,"href":"https:\/\/www.fedaiisf.it\/en\/wp-json\/wp\/v2\/media\/61510"}],"wp:attachment":[{"href":"https:\/\/www.fedaiisf.it\/en\/wp-json\/wp\/v2\/media?parent=61503"}],"wp:term":[{"taxonomy":"category","embeddable":true,"href":"https:\/\/www.fedaiisf.it\/en\/wp-json\/wp\/v2\/categories?post=61503"},{"taxonomy":"post_tag","embeddable":true,"href":"https:\/\/www.fedaiisf.it\/en\/wp-json\/wp\/v2\/tags?post=61503"}],"curies":[{"name":"wp","href":"https:\/\/api.w.org\/{rel}","templated":true}]}}