{"id":61819,"date":"2021-12-31T19:39:38","date_gmt":"2021-12-31T18:39:38","guid":{"rendered":"https:\/\/www.fedaiisf.it\/?p=61819"},"modified":"2021-12-31T19:39:38","modified_gmt":"2021-12-31T18:39:38","slug":"per-le-partite-iva-dal-2022-nuova-disciplina-per-malattia-e-infortunio","status":"publish","type":"post","link":"https:\/\/www.fedaiisf.it\/en\/per-le-partite-iva-dal-2022-nuova-disciplina-per-malattia-e-infortunio\/","title":{"rendered":"For VAT numbers, but not for all, from 2022 new discipline for illness and injury"},"content":{"rendered":"<p>La Commissione bilancio del Senato ha <strong>approvato un emendamento alla legge di bilancio <\/strong>(a firma Andrea <img loading=\"lazy\" decoding=\"async\" class=\"size-full wp-image-61825 alignright\" src=\"https:\/\/www.fedaiisf.it\/wp-content\/uploads\/2021\/12\/Andrea-De-Bertoldi-Sen-.jpeg\" alt=\"\" width=\"180\" height=\"240\" \/>de Bertoldi (FdI, <em>in the photo on the right<\/em>))che introduce una <strong>nuova disciplina a tutela delle partite Iva in caso di infortunio e malattia<\/strong>. La modifica, di fatto, prevede nuove regole per la gestione degli adempimenti in caso di sospensione delle attivit\u00e0 per cause considerate di forza maggiore, in modo tale da assicurare maggiori garanzie sia ai liberi professionisti che agli intermediari (Consulenti del lavoro e Commercialisti) che li seguono.<\/p>\n<p>Come si legge in una nota stampa rilasciata dall\u2019ANC (Associazione Nazionale Commercialisti), l\u2019emendamento approvato stabilisce che \u201cin caso di ricovero del libero professionista in ospedale per grave <strong>illness<\/strong>, or <strong>injury<\/strong>, or <strong>intervento\u00a0<\/strong>chirurgico, ovvero in caso di <strong>cure<\/strong> domiciliari, se sostitutive del ricovero ospedaliero, che comportano una inabilit\u00e0 temporanea all\u2019esercizio dell\u2019attivit\u00e0 professionale, <strong>nessuna responsabilit\u00e0 \u00e8 imputata al libero professionista, o al suo cliente<\/strong>, a causa della scadenza di un termine tributario stabilito in favore della Pubblica amministrazione\u201d.<\/p>\n<p>Con il n<strong>uovo emendamento alla legge di bilancio<\/strong>\u00a0le cose potrebbero quindi completamente cambiare per i liberi professionisti a livello strutturale.<\/p>\n<p><strong>La norma interessa solo i lavoratori autonomi che sono iscritti ad un albo professionale<\/strong>: notai, avvocati, commercialisti, architetti, geometri, ecc. Sono esclusi, quindi, e nonostante le proteste, i 430mila tributaristi iscritti alla Gestione separata dell\u2019Inps.<\/p>\n<div class=\"page\" title=\"Page 2\">\n<div class=\"layoutArea\">\n<div class=\"column\">\n<p>In virtu\u0300 di quanto previsto dalla manovra, i professionisti che rimangono a casa in malattia o che sono ricoverati per una patologia in corso, per accertamenti, per un intervento chirurgico o per un infortunio grave e che hanno uina\u2019bilita\u0300 temporanea di piu\u0300 di tre giornisono momentaneamente esonerati da ogni responsabilita\u0300 fiscale e, quindi, non sono sanzionabili in caso di mancato rispetto delle scadenze.<\/p>\n<p><img loading=\"lazy\" decoding=\"async\" class=\"wp-image-61826 alignleft\" src=\"https:\/\/www.fedaiisf.it\/wp-content\/uploads\/2021\/12\/Schermata-2021-12-31-alle-19.02.51.png\" alt=\"\" width=\"515\" height=\"107\" srcset=\"https:\/\/www.fedaiisf.it\/wp-content\/uploads\/2021\/12\/Schermata-2021-12-31-alle-19.02.51.png 707w, https:\/\/www.fedaiisf.it\/wp-content\/uploads\/2021\/12\/Schermata-2021-12-31-alle-19.02.51-300x62.png 300w\" sizes=\"auto, (max-width: 515px) 100vw, 515px\" \/>Come segnalato, l\u2019esonero riguarda solo l\u2019aspetto fiscale legato agli adempimenti tributari, come ad esempio le scadenze per il rispetto delle imposte. Nessuna deroga, invece, per quanto riguarda le liti con l\u2019amministrazione finanziaria e con gli enti impositori o per le scadenze previdenziali o giudiziarie.<\/p>\n<p>In sintesi: la novita\u0300 riguarda la sospensione degli adempimenti tributari per i quali sono previste delle sanzioni pecuniarie e penali in capo al professionista iscritto ad un albo e al suo cliente. Tale sospensione scatta in caso di inabilita\u0300 temporanea per piu\u0300 di tre giorni a causa di:<\/p>\n<ul>\n<li>malattia a casa;<\/li>\n<li>ricovero per malattia, intervento chirurgico o infortunio sul lavoro.<\/li>\n<\/ul>\n<p>Adempimenti congelati anche in caso di parto prematuro. La sospensione dura:<\/p>\n<ul>\n<li>30 giorni in caso di interruzione della gravidanza oltre il terzo mese;<\/li>\n<li>30 giorni dalla data di fine malattia o di dimissioni dalla struttura sanitaria;<\/li>\n<li>fino a 60 giorni dalla data di ricovero o di malattia.<\/li>\n<\/ul>\n<p>Il versamento di quanto dovuto nel periodo di sospensione va versato entro il primo giorno successivo alla scadenza, presentando:<\/p>\n<\/div>\n<\/div>\n<div class=\"layoutArea\">\n<div class=\"column\">\n<ul>\n<li>certificato di malattia;<\/li>\n<li>copia del mandato professionale dato dal cliente prima della malattia, del ricovero o dell\u2019infortunio.<\/li>\n<\/ul>\n<\/div>\n<\/div>\n<\/div>\n<div class=\"page\" title=\"Page 3\">\n<div class=\"section\">\n<div class=\"layoutArea\">\n<div class=\"column\">\n<p>In caso di decesso del professionista, e sempre che esista un mandato da parte di un cliente, la durata della sospensione sara\u0300 di sei mesi dalla data della morte.<\/p>\n<p>Attenzione alle false dichiarazioni: si rischia una sanzione da 2.500 a 7.750 euro, sia per il professionista sia per chi lo aiuta a fare il furbo (ad esempio, il medico che firma un falso certificato).<\/p>\n<\/div>\n<\/div>\n<\/div>\n<\/div>\n<p>E per quei professionisti che sono rimasti tagliati fuori da questa norma restano ben poche speranze che vengano apportate modifiche alle nuove regole nell&#8217;attuale Legge di Bilancio, e questo per via dei tempi stretti legati al fatto che l&#8217;approvazione definitiva deve arrivare entro l&#8217;ultimo giorno dell&#8217;anno.<\/p>\n<p>Si \u00e8 conclusa il 29 dicembre 2021, la procedura di <strong>approvazione della legge di bilancio 2022<\/strong> da parte del <strong>Parliament<\/strong>. Attraverso l\u2019applicazione del voto di fiducia espresso dalla <strong>Camera dei deputati<\/strong><\/p>\n<div class=\"clearfix\"><\/div>\n<p>Source:\u00a0<a href=\"https:\/\/www.laleggepertutti.it\/539631_malattia-dei-professionisti-come-funziona-dal-2022\" target=\"_blank\" rel=\"noopener\">Malattia dei professionisti: come funziona dal 2022<\/a><\/p>\n<hr \/>\n<p>Note:<\/p>\n<h2><span id=\"Le_agevolazioni_del_Regime_forfettario_2022\">Le agevolazioni del Regime forfettario 2022<\/span><\/h2>\n<p>Il Regime forfettario \u00e8 un Regime agevolato, ovvero nella sua disciplina sono presenti precise caratteristiche che garantiscono una gestione pi\u00f9 semplice della tua attivit\u00e0, di seguito le principali:<\/p>\n<ul>\n<li>Non si applica <strong>l\u2019IVA<\/strong> in fattura<\/li>\n<\/ul>\n<ul>\n<li>Non \u00e8 obbligatorio <a href=\"https:\/\/flextax.it\/fattura-elettronica-cose\/\" target=\"_blank\" rel=\"noopener\">emettere <strong>electronic invoice<\/strong><\/a>, ovvero una fattura che deve essere obbligatoriamente inviata all\u2019<a href=\"https:\/\/www.agenziaentrate.gov.it\/\" target=\"_blank\" rel=\"noopener\">Agenzia delle entrate<\/a> e che quindi una volta emessa non \u00e8 pi\u00f9 modificabile<\/li>\n<\/ul>\n<ul>\n<li>Si \u00e8 esonerati dalla <strong>registrazione delle fatture<\/strong><\/li>\n<\/ul>\n<ul>\n<li>Non sei soggetto ad <strong><span class=\"glossary-tooltip glossary-term-74037\" tabindex=\"0\"><span class=\"glossary-link\"><a href=\"https:\/\/flextax.it\/glossario\/irpef\/\" target=\"_blank\" rel=\"noopener\">Irpef <\/a><\/span><span class=\"hidden glossary-tooltip-content clearfix\"><span class=\"glossary-tooltip-text\">L\u2019imposta sul Reddito delle Persone Fisiche, il presupposto che fa sorgere l\u2019obbligazione tributaria \u00e8 rappresentato dalla percezione di una delle 6 categorie di reddito elencate all\u2019interno del TUIR: redditi fondiari, redditi di capitale, redditi di lavoro dipendente, redditi di lavoro autonomo, redditi di impresa, redditi&#8230; <a href=\"https:\/\/flextax.it\/glossario\/irpef\/\" target=\"_blank\" rel=\"noopener\">Laws<\/a><\/span><\/span><\/span><\/strong> (<span class=\"glossary-tooltip glossary-term-74011\" tabindex=\"0\"><span class=\"glossary-link\"><a href=\"https:\/\/flextax.it\/glossario\/imposta\/\" target=\"_blank\" rel=\"noopener\">Tax<\/a> <\/span><span class=\"hidden glossary-tooltip-content clearfix\"><span class=\"glossary-tooltip-text\">L\u2019imposta \u00e8 un tributo che prevede il prelevamento coattivo di denaro ad un soggetto per il finanziamento della spesa pubblica in generale. Lo Stato impone il pagamento delle imposte in forza della sovranit\u00e0 riconosciutagli dalla legge. L\u2019imposta presenta alcuni elementi essenziali come: Il presupposto, l\u2019evento&#8230; <a href=\"https:\/\/flextax.it\/glossario\/imposta\/\" target=\"_blank\" rel=\"noopener\">Laws<\/a><\/span><\/span><\/span> on the <span class=\"glossary-tooltip glossary-term-92456\" tabindex=\"0\"><span class=\"glossary-link\"><a href=\"https:\/\/flextax.it\/glossario\/reddito\/\" target=\"_blank\" rel=\"noopener\">Income <\/a><\/span><span class=\"hidden glossary-tooltip-content clearfix\"><span class=\"glossary-tooltip-text\">Insieme delle entrate conseguite da un soggetto in un determinato periodo di tempo &#8211; in genere coincidente con l&#8217;anno solare &#8211; a seguito dell&#8217;esercizio di un&#8217;attivit\u00e0, del godimento di un bene o dell&#8217;effettuazione di una operazione. <a href=\"https:\/\/flextax.it\/glossario\/reddito\/\" target=\"_blank\" rel=\"noopener\">Laws<\/a><\/span><\/span><\/span> delle Persone Fisiche) e addizionali comunali e regionali (pagate nel Regime Ordinario) ma sei soggetto <a href=\"https:\/\/flextax.it\/cose-limposta-sostitutiva\/\" target=\"_blank\" rel=\"noopener\">at<strong>Imposta Sostitutiva<\/strong><\/a>.<\/li>\n<\/ul>\n<ul>\n<li>The <strong>reddito imponibile<\/strong> (sul quale verranno calcolati imposta e contributi) \u00e8 <a href=\"https:\/\/flextax.it\/regime-forfettario-coefficiente-di-redditivita\/\" target=\"_blank\" rel=\"noopener\">calcolato con un <strong>profitability coefficient<\/strong><\/a>, ovvero una percentuale specifica in base alla tua attivit\u00e0. Non dovrai quindi sottrarre ai ricavi i costi da te effettivamente sostenuti ma gli stessi saranno conteggiati in base alla percentuale del coefficiente di redditivit\u00e0.<\/li>\n<\/ul>\n<p>L\u2019adesione al Regime forfettario \u00e8 possibile solo nel momento in cui si rispettano precise condizioni, argomento che dettaglieremo nel prossimo paragrafo.<\/p>\n<p>&nbsp;<\/p>","protected":false},"excerpt":{"rendered":"<p>La Commissione bilancio del Senato ha approvato un emendamento alla legge di bilancio (a firma Andrea de Bertoldi (FdI, nella foto a destra))che introduce una nuova disciplina a tutela delle partite Iva in caso di infortunio e malattia. La modifica, di fatto, prevede nuove regole per la gestione degli adempimenti in caso di sospensione delle &hellip;<\/p>","protected":false},"author":4,"featured_media":61827,"comment_status":"closed","ping_status":"closed","sticky":false,"template":"","format":"standard","meta":{"footnotes":""},"categories":[1],"tags":[],"class_list":["post-61819","post","type-post","status-publish","format-standard","has-post-thumbnail","hentry","category-notizie"],"amp_enabled":true,"_links":{"self":[{"href":"https:\/\/www.fedaiisf.it\/en\/wp-json\/wp\/v2\/posts\/61819","targetHints":{"allow":["GET"]}}],"collection":[{"href":"https:\/\/www.fedaiisf.it\/en\/wp-json\/wp\/v2\/posts"}],"about":[{"href":"https:\/\/www.fedaiisf.it\/en\/wp-json\/wp\/v2\/types\/post"}],"author":[{"embeddable":true,"href":"https:\/\/www.fedaiisf.it\/en\/wp-json\/wp\/v2\/users\/4"}],"replies":[{"embeddable":true,"href":"https:\/\/www.fedaiisf.it\/en\/wp-json\/wp\/v2\/comments?post=61819"}],"version-history":[{"count":0,"href":"https:\/\/www.fedaiisf.it\/en\/wp-json\/wp\/v2\/posts\/61819\/revisions"}],"wp:featuredmedia":[{"embeddable":true,"href":"https:\/\/www.fedaiisf.it\/en\/wp-json\/wp\/v2\/media\/61827"}],"wp:attachment":[{"href":"https:\/\/www.fedaiisf.it\/en\/wp-json\/wp\/v2\/media?parent=61819"}],"wp:term":[{"taxonomy":"category","embeddable":true,"href":"https:\/\/www.fedaiisf.it\/en\/wp-json\/wp\/v2\/categories?post=61819"},{"taxonomy":"post_tag","embeddable":true,"href":"https:\/\/www.fedaiisf.it\/en\/wp-json\/wp\/v2\/tags?post=61819"}],"curies":[{"name":"wp","href":"https:\/\/api.w.org\/{rel}","templated":true}]}}