{"id":61829,"date":"2021-12-31T20:27:14","date_gmt":"2021-12-31T19:27:14","guid":{"rendered":"https:\/\/www.fedaiisf.it\/?p=61829"},"modified":"2022-01-01T12:20:09","modified_gmt":"2022-01-01T11:20:09","slug":"buon-anno-3","status":"publish","type":"post","link":"https:\/\/www.fedaiisf.it\/en\/buon-anno-3\/","title":{"rendered":"Happy New Year"},"content":{"rendered":"<p style=\"text-align: justify;\"><span style=\"color: #000000; font-size: 14pt;\">Anche il 2021 \u00e8 ormai finito. Come il 2020 \u00e8 stato un anno duro, difficile, per molti aspetti. Ma sento forte il desiderio di ringraziare le Associazioni federate per il grande impegno con cui hanno affrontato le difficolt\u00e0 trasformandole tutte in opportunit\u00e0 di crescita e di visibilit\u00e0. <\/span><\/p>\n<p style=\"text-align: justify;\"><span style=\"color: #000000; font-size: 14pt;\">Ringrazio per il gran supporto, offerto all&#8217;Esecutivo Nazionale, rappresentato da idee, suggerimenti, operativit\u00e0. Questo \u00e8 il giusto spirito dell&#8217;associativismo.<\/span><\/p>\n<p style=\"text-align: justify;\"><span style=\"color: #000000; font-size: 14pt;\">Il 2022 si presenta impegnativo per Fedaiisf. Dovremo fare in modo di raccogliere quanto seminato in precedenza. Abbiamo gettato le basi per una ripresa in velocit\u00e0 e creato opportunit\u00e0 da mettere a frutto.<\/span><\/p>\n<p style=\"text-align: justify;\"><span style=\"color: #000000; font-size: 14pt;\">Parafrasando una frase di Bertrand Russell, suggeritami da una persona a me cara, abbiamo rappresentato quel peso che ha inclinato il piano dando vita ad un seme che non sarebbe mai cresciuto. <\/span><span style=\"color: #000000; font-size: 14pt;\">Continuiamo cos\u00ec, le soddisfazioni non mancheranno. <\/span><\/p>\n<p style=\"text-align: justify;\"><span style=\"color: #000000; font-size: 14pt;\">Auguro a tutti, dal profondo del mio cuore, un 2022 pieno di tutto ci\u00f2 che di meglio la vita abbia in serbo per voi. <\/span><span style=\"color: #000000; font-size: 14pt;\">Ve lo meritate. C<\/span><span style=\"color: #000000; font-size: 14pt;\">e lo meritiamo. <\/span><\/p>\n<p style=\"text-align: center;\"><span style=\"color: #000000; font-size: 14pt;\">Un abbraccio. <\/span><span style=\"color: #000000; font-size: 14pt;\">Antonio Mazzarella. <\/span><span style=\"color: #000000; font-size: 14pt;\">Presidente federale Fedaiisf<\/span><\/p>\n<p>&nbsp;<\/p>\n<p>&nbsp;<\/p>\n<p>&nbsp;<\/p>\n<p>&nbsp;<\/p>\n<p>&nbsp;<\/p>","protected":false},"excerpt":{"rendered":"<p>Anche il 2021 \u00e8 ormai finito. Come il 2020 \u00e8 stato un anno duro, difficile, per molti aspetti. Ma sento forte il desiderio di ringraziare le Associazioni federate per il grande impegno con cui hanno affrontato le difficolt\u00e0 trasformandole tutte in opportunit\u00e0 di crescita e di visibilit\u00e0. Ringrazio per il gran supporto, offerto all&#8217;Esecutivo Nazionale, &hellip;<\/p>","protected":false},"author":4,"featured_media":61830,"comment_status":"closed","ping_status":"closed","sticky":false,"template":"","format":"standard","meta":{"footnotes":""},"categories":[1],"tags":[],"class_list":["post-61829","post","type-post","status-publish","format-standard","has-post-thumbnail","hentry","category-notizie"],"amp_enabled":true,"_links":{"self":[{"href":"https:\/\/www.fedaiisf.it\/en\/wp-json\/wp\/v2\/posts\/61829","targetHints":{"allow":["GET"]}}],"collection":[{"href":"https:\/\/www.fedaiisf.it\/en\/wp-json\/wp\/v2\/posts"}],"about":[{"href":"https:\/\/www.fedaiisf.it\/en\/wp-json\/wp\/v2\/types\/post"}],"author":[{"embeddable":true,"href":"https:\/\/www.fedaiisf.it\/en\/wp-json\/wp\/v2\/users\/4"}],"replies":[{"embeddable":true,"href":"https:\/\/www.fedaiisf.it\/en\/wp-json\/wp\/v2\/comments?post=61829"}],"version-history":[{"count":0,"href":"https:\/\/www.fedaiisf.it\/en\/wp-json\/wp\/v2\/posts\/61829\/revisions"}],"wp:featuredmedia":[{"embeddable":true,"href":"https:\/\/www.fedaiisf.it\/en\/wp-json\/wp\/v2\/media\/61830"}],"wp:attachment":[{"href":"https:\/\/www.fedaiisf.it\/en\/wp-json\/wp\/v2\/media?parent=61829"}],"wp:term":[{"taxonomy":"category","embeddable":true,"href":"https:\/\/www.fedaiisf.it\/en\/wp-json\/wp\/v2\/categories?post=61829"},{"taxonomy":"post_tag","embeddable":true,"href":"https:\/\/www.fedaiisf.it\/en\/wp-json\/wp\/v2\/tags?post=61829"}],"curies":[{"name":"wp","href":"https:\/\/api.w.org\/{rel}","templated":true}]}}