{"id":61864,"date":"2022-01-06T01:20:21","date_gmt":"2022-01-06T00:20:21","guid":{"rendered":"https:\/\/www.fedaiisf.it\/?p=61864"},"modified":"2022-01-08T11:21:52","modified_gmt":"2022-01-08T10:21:52","slug":"nuove-regole-sulla-quarantena","status":"publish","type":"post","link":"https:\/\/www.fedaiisf.it\/en\/nuove-regole-sulla-quarantena\/","title":{"rendered":"Update. Vaccination obligation for the over 50s and in the workplace. One-time fine of 100 euros for defaulters"},"content":{"rendered":"<p>Finalmente in Gazzetta ufficiale il <a title=\"apre gazzetta ufficiale\" href=\"https:\/\/www.gazzettaufficiale.it\/atto\/serie_generale\/caricaDettaglioAtto\/originario?atto.dataPubblicazioneGazzetta=2022-01-07&amp;atto.codiceRedazionale=22G00002&amp;elenco30giorni=false\" target=\"_blank\" rel=\"noopener\">decreto legge 7 gennaio 2022 n. 1<\/a>\u00a0&#8220;Misure urgenti per fronteggiare l&#8217;emergenza COVID-19, in particolare nei luoghi di lavoro, nelle scuole e negli istituti della formazione superiore&#8221;. Il provvedimento mira a \u201crallentare\u201d la curva di crescita dei contagi relativi alla pandemia e a fornire maggiore protezione a quelle categorie che sono maggiormente esposte e che sono a maggior rischio di ospedalizzazione.<\/p>\n<p>Il Consiglio dei Ministri si era riunito mercoled\u00ec 5 gennaio 2022, alle ore 18.25 a Palazzo Chigi, sotto la presidenza del Presidente Mario Draghi. Segretario, il Sottosegretario alla Presidenza Roberto Garofoli.<\/p>\n<h2>COVID-19, MISURE DI CONTENIMENTO DELL\u2019EPIDEMIA<br \/>\nMisure urgenti per fronteggiare l\u2019emergenza COVID-19, in particolare nei luoghi di lavoro e nelle scuole (decreto-legge)<\/h2>\n<p><a href=\"https:\/\/drive.google.com\/file\/d\/1OPmKvYq46uBOKu4B4Airb1DEbQVGgP1n\/view\" target=\"_blank\" rel=\"noopener\"><img loading=\"lazy\" decoding=\"async\" class=\"wp-image-61923 alignright\" src=\"https:\/\/www.fedaiisf.it\/wp-content\/uploads\/2022\/01\/obbligo-vaccinale-over-50.png\" alt=\"\" width=\"454\" height=\"413\" srcset=\"https:\/\/www.fedaiisf.it\/wp-content\/uploads\/2022\/01\/obbligo-vaccinale-over-50.png 821w, https:\/\/www.fedaiisf.it\/wp-content\/uploads\/2022\/01\/obbligo-vaccinale-over-50-300x273.png 300w, https:\/\/www.fedaiisf.it\/wp-content\/uploads\/2022\/01\/obbligo-vaccinale-over-50-768x698.png 768w\" sizes=\"auto, (max-width: 454px) 100vw, 454px\" \/><\/a>Il Consiglio dei Ministri, su proposta del Presidente Mario Draghi e del Ministro della salute Roberto Speranza, ha approvato un decreto-legge che introduce Misure urgenti per fronteggiare l\u2019emergenza COVID-19, in particolare nei luoghi di lavoro e nelle scuole.<\/p>\n<p>Il testo mira a \u201crallentare\u201d la curva di crescita dei contagi relativi alla pandemia e a fornire maggiore protezione a quelle categorie che sono maggiormente esposte e che sono a maggior rischio di ospedalizzazione.<\/p>\n<h4><strong>Obbligo vaccinale<\/strong><\/h4>\n<p><span style=\"color: #000000;\"><strong>Il testo introduce l\u2019obbligo vaccinale per tutti coloro che hanno compiuto i 50 anni. Per i lavoratori pubblici e privati con 50 anni di et\u00e0 sar\u00e0 necessario il Green Pass Rafforzato per l\u2019accesso ai luoghi di lavoro a far data dal 15 febbraio prossimo.\u00a0<\/strong><\/span><\/p>\n<p>Senza limiti di et\u00e0, l\u2019obbligo vaccinale \u00e8 esteso al personale universitario cos\u00ec equiparato a quello scolastico.<\/p>\n<h4><strong>Green Pass Base<\/strong><\/h4>\n<p>\u00c8 esteso l\u2019obbligo di Green Pass cosiddetto ordinario a coloro che accedono ai servizi alla persona e inoltre a pubblici uffici, servizi postali, bancari e finanziari, attivit\u00e0 commerciali fatte salve eccezioni che saranno<br \/>\n<img loading=\"lazy\" decoding=\"async\" class=\"wp-image-61968 alignleft\" src=\"https:\/\/www.fedaiisf.it\/wp-content\/uploads\/2022\/01\/Sanzioni-2-obbligo-vaccinale.png\" alt=\"\" width=\"396\" height=\"269\" srcset=\"https:\/\/www.fedaiisf.it\/wp-content\/uploads\/2022\/01\/Sanzioni-2-obbligo-vaccinale.png 546w, https:\/\/www.fedaiisf.it\/wp-content\/uploads\/2022\/01\/Sanzioni-2-obbligo-vaccinale-300x204.png 300w, https:\/\/www.fedaiisf.it\/wp-content\/uploads\/2022\/01\/Sanzioni-2-obbligo-vaccinale-220x150.png 220w\" sizes=\"auto, (max-width: 396px) 100vw, 396px\" \/>individuate con atto secondario per assicurare il soddisfacimento di esigenze essenziali e primarie della persona.<\/p>\n<h4><strong><em>Smart working<\/em><\/strong><\/h4>\n<p>Il Consiglio dei Ministri \u00e8 stato informato dal Ministro per la pubblica amministrazione, Renato Brunetta che \u00e8 stata adottata d\u2019intesa con il Ministro del lavoro e delle politiche sociali Andrea Orlando una circolare rivolta alle pubbliche amministrazioni e alle imprese private per raccomandare il massimo utilizzo, nelle prossime settimane, della flessibilit\u00e0 prevista dagli accordi contrattuali in tema di lavoro agile.<\/p>\n<h4><strong>Scuola<\/strong><\/h4>\n<p>Cambiano le regole per la gestione dei casi di positivit\u00e0.<\/p>\n<h5>Scuola dell\u2019infanzia<\/h5>\n<p>Gi\u00e0 in presenza di un caso di positivit\u00e0, \u00e8 prevista la sospensione delle attivit\u00e0 per una durata di dieci giorni.<\/p>\n<h5>Scuola primaria (Scuola elementare)<\/h5>\n<p>Con un caso di positivit\u00e0, si attiva la sorveglianza con testing. L\u2019attivit\u00e0 in classe prosegue effettuando un test antigenico rapido o molecolare appena si viene a conoscenza del caso di positivit\u00e0 (T0), test che sar\u00e0 ripetuto dopo cinque giorni (T5).<\/p>\n<p>In presenza di due o pi\u00f9 positivi \u00e8 prevista, per la classe in cui si verificano i casi di positivit\u00e0, la didattica a distanza (DAD) per la durata di dieci giorni.<\/p>\n<h5>Scuola secondaria di I e II grado (Scuola media, liceo, istituti tecnici etc etc)<\/h5>\n<p>Fino a un caso di positivit\u00e0 nella stessa classe \u00e8 prevista l\u2019auto-sorveglianza e con l\u2019uso, in aula, delle mascherine FFP2.<\/p>\n<p>Con due casi nella stessa classe \u00e8 prevista la didattica digitale integrata per coloro che hanno concluso il ciclo vaccinale primario da pi\u00f9 di 120 giorni, che sono guariti da pi\u00f9 di 120 giorni, che non hanno avuto la dose di richiamo. Per tutti gli altri, \u00e8 prevista la prosecuzione delle attivit\u00e0 in presenza con l\u2019auto-sorveglianza e l\u2019utilizzo di mascherine FFP2 in classe.<\/p>\n<p>Con tre casi nella stessa classe \u00e8 prevista la DAD per dieci giorni.<\/p>\n<p>Il Consiglio dei Ministri \u00e8 terminato alle ore 20.40.<\/p>\n<p><a href=\"https:\/\/www.governo.it\/it\/articolo\/comunicato-stampa-del-consiglio-dei-ministri-n-55\/18944\" target=\"_blank\" rel=\"noopener\">Comunicato del Governo<\/a><\/p>\n<p>Note: <a href=\"https:\/\/www.gazzettaufficiale.it\/eli\/gu\/2022\/01\/07\/4\/sg\/pdf\" target=\"_blank\" rel=\"noopener\"><em>P<\/em><\/a><span style=\"color: #000000;\"><em><a href=\"https:\/\/www.gazzettaufficiale.it\/eli\/gu\/2022\/01\/07\/4\/sg\/pdf\" target=\"_blank\" rel=\"noopener\">ubblicato in Gazzetta Ufficiale<\/a> il 7 gennaio 2022. In vigore dall&#8217;8\u00a0<\/em><\/span><span style=\"color: #000000;\"><span style=\"caret-color: #000000;\"><i>January\u00a0<\/i><\/span><\/span><\/p>\n<hr \/>\n<p>Related news:\u00a0<a href=\"https:\/\/www.aifa.gov.it\/documents\/20142\/1618244\/Comunicato_AIFA_N.681.pdf\" target=\"_blank\" rel=\"noopener\">AIFA approva la dose booster con il vaccino Comirnaty per la fascia di et\u00e0 12-15 anni<\/a><\/p>\n<hr \/>\n<p>Pubblicato in Gazzetta ufficiale il <a title=\"opens health regulations\" href=\"https:\/\/www.trovanorme.salute.gov.it\/norme\/dettaglioAtto?id=84795\" target=\"_blank\" rel=\"noopener\">decreto legge 229 <\/a>del 30 dicembre 2021. Approvato dal Consiglio dei Ministri, su proposta del Presidente Mario Draghi e del Ministro della salute Roberto Speranza, il decreto introduce misure urgenti per il contenimento della diffusione dell\u2019epidemia da COVID-19 e disposizioni in materia di sorveglianza sanitaria. Di seguito le principali misure.<\/p>\n<h4><strong>Green Pass rafforzato<\/strong><\/h4>\n<p>Dal 10 gennaio 2022 fino alla cessazione dello stato di emergenza, si amplia l\u2019uso del\u00a0<a title=\"open external site\" href=\"http:\/\/www.dgc.gov.it\/\" target=\"_blank\" rel=\"noopener\">Green Pass\u00a0rafforzato<\/a> a una serie di attivit\u00e0 anche all&#8217; aperto. Sar\u00e0\u00a0 inoltre necessario per l\u2019accesso e l\u2019utilizzo dei mezzi di trasporto compreso il trasporto pubblico locale o regionale.<\/p>\n<h4><strong>Quarantene<\/strong><\/h4>\n<p>Dal 31 dicembre 2021, il decreto prevede che la quarantena preventiva non si applica a coloro che hanno avuto contatti stretti con soggetti confermati positivi al COVID-19 nei 120 giorni dal completamento del ciclo vaccinale primario o dalla guarigione nonch\u00e9 dopo la somministrazione della dose di richiamo. Fino al decimo giorno successivo all&#8217;ultima esposizione al caso, a queste persone \u00e8 fatto obbligo di indossare i dispositivi di protezione delle vie respiratorie di tipo FFP2 e di effettuare &#8211; solo qualora sintomatici &#8211; un test antigenico rapido o molecolare.<\/p>\n<p>Vedi la <a title=\"opens health regulations\" href=\"https:\/\/www.trovanorme.salute.gov.it\/norme\/renderNormsanPdf?anno=2021&amp;codLeg=84773&amp;parte=1%20&amp;serie=null\" target=\"_blank\" rel=\"noopener\">Circolare del 30 dicembre 2021<\/a><\/p>\n<p>Consult <a title=\"open external site\" href=\"https:\/\/www.governo.it\/it\/articolo\/domande-frequenti-sulle-misure-adottate-dal-governo\/15638#zone\" target=\"_blank\" rel=\"noopener\">FAQ sul sito www.governo.it<\/a><\/p>\n<h4><strong>Capienze per eventi e competizioni sportive<\/strong><\/h4>\n<p>Il decreto prevede che le capienze saranno consentite al massimo al 50% per gli impianti all\u2019aperto e al 35% per gli impianti al chiuso.<\/p>\n<p><a href=\"https:\/\/www.salute.gov.it\/portale\/nuovocoronavirus\/dettaglioNotizieNuovoCoronavirus.jsp?lingua=italiano&amp;menu=notizie&amp;p=dalministero&amp;id=5752\" target=\"_blank\" rel=\"noopener\">Comunicato Ministero della Salute<\/a><\/p>\n<p>Consulta la <a href=\"https:\/\/www.governo.it\/sites\/governo.it\/files\/documenti\/documenti\/Notizie-allegati\/tabella_attivita_consentite.pdf\" target=\"_blank\" rel=\"noopener\"><strong>table<\/strong> delle attivit\u00e0<\/a> consentite senza green pass, con green pass &#8220;base&#8221; e con green pass &#8220;rafforzato\u201d. <a class=\"link-external link-external-blu\" href=\"https:\/\/www.governo.it\/it\/articolo\/domande-frequenti-sulle-misure-adottate-dal-governo\/15638\" target=\"_blank\" rel=\"noopener\"><strong>Vai a governo.it<\/strong><span class=\"sr-only\">: apre una nuova finestra su governo.it<\/span><\/a><\/p>\n<p>&nbsp;<\/p>\n<p><img loading=\"lazy\" decoding=\"async\" class=\"size-large wp-image-61867 aligncenter\" src=\"https:\/\/www.fedaiisf.it\/wp-content\/uploads\/2022\/01\/Schermata-2022-01-03-alle-18.56.10-1024x703.png\" alt=\"\" width=\"1024\" height=\"703\" srcset=\"https:\/\/www.fedaiisf.it\/wp-content\/uploads\/2022\/01\/Schermata-2022-01-03-alle-18.56.10-1024x703.png 1024w, https:\/\/www.fedaiisf.it\/wp-content\/uploads\/2022\/01\/Schermata-2022-01-03-alle-18.56.10-300x206.png 300w, https:\/\/www.fedaiisf.it\/wp-content\/uploads\/2022\/01\/Schermata-2022-01-03-alle-18.56.10-768x527.png 768w, https:\/\/www.fedaiisf.it\/wp-content\/uploads\/2022\/01\/Schermata-2022-01-03-alle-18.56.10-220x150.png 220w, https:\/\/www.fedaiisf.it\/wp-content\/uploads\/2022\/01\/Schermata-2022-01-03-alle-18.56.10.png 1026w\" sizes=\"auto, (max-width: 1024px) 100vw, 1024px\" \/><\/p>","protected":false},"excerpt":{"rendered":"<p>Finalmente in Gazzetta ufficiale il decreto legge 7 gennaio 2022 n. 1\u00a0&#8220;Misure urgenti per fronteggiare l&#8217;emergenza COVID-19, in particolare nei luoghi di lavoro, nelle scuole e negli istituti della formazione superiore&#8221;. Il provvedimento mira a \u201crallentare\u201d la curva di crescita dei contagi relativi alla pandemia e a fornire maggiore protezione a quelle categorie che sono &hellip;<\/p>","protected":false},"author":4,"featured_media":61868,"comment_status":"closed","ping_status":"closed","sticky":false,"template":"","format":"standard","meta":{"footnotes":""},"categories":[1],"tags":[],"class_list":["post-61864","post","type-post","status-publish","format-standard","has-post-thumbnail","hentry","category-notizie"],"amp_enabled":true,"_links":{"self":[{"href":"https:\/\/www.fedaiisf.it\/en\/wp-json\/wp\/v2\/posts\/61864","targetHints":{"allow":["GET"]}}],"collection":[{"href":"https:\/\/www.fedaiisf.it\/en\/wp-json\/wp\/v2\/posts"}],"about":[{"href":"https:\/\/www.fedaiisf.it\/en\/wp-json\/wp\/v2\/types\/post"}],"author":[{"embeddable":true,"href":"https:\/\/www.fedaiisf.it\/en\/wp-json\/wp\/v2\/users\/4"}],"replies":[{"embeddable":true,"href":"https:\/\/www.fedaiisf.it\/en\/wp-json\/wp\/v2\/comments?post=61864"}],"version-history":[{"count":0,"href":"https:\/\/www.fedaiisf.it\/en\/wp-json\/wp\/v2\/posts\/61864\/revisions"}],"wp:featuredmedia":[{"embeddable":true,"href":"https:\/\/www.fedaiisf.it\/en\/wp-json\/wp\/v2\/media\/61868"}],"wp:attachment":[{"href":"https:\/\/www.fedaiisf.it\/en\/wp-json\/wp\/v2\/media?parent=61864"}],"wp:term":[{"taxonomy":"category","embeddable":true,"href":"https:\/\/www.fedaiisf.it\/en\/wp-json\/wp\/v2\/categories?post=61864"},{"taxonomy":"post_tag","embeddable":true,"href":"https:\/\/www.fedaiisf.it\/en\/wp-json\/wp\/v2\/tags?post=61864"}],"curies":[{"name":"wp","href":"https:\/\/api.w.org\/{rel}","templated":true}]}}