{"id":62259,"date":"2022-01-27T01:36:43","date_gmt":"2022-01-27T00:36:43","guid":{"rendered":"https:\/\/www.fedaiisf.it\/?p=62259"},"modified":"2022-01-29T10:59:03","modified_gmt":"2022-01-29T09:59:03","slug":"federsalus-forum-a-dubai-in-cui-verra-presentata-la-filiera-italiana-degli-integratori","status":"publish","type":"post","link":"https:\/\/www.fedaiisf.it\/en\/federsalus-forum-a-dubai-in-cui-verra-presentata-la-filiera-italiana-degli-integratori\/","title":{"rendered":"Federsalus. Forum a Dubai in cui verr\u00e0 presentata la filiera italiana degli integratori. Si terr\u00e0 il 31 gennaio alle 11.00 (ore 8 italiana)"},"content":{"rendered":"<p>Il prossimo 31 gennaio FederSalus sar\u00e0 a\u00a0<strong>Expo 2020 Dubai\u00a0in occasione della Health &amp; Wellness Week<\/strong> durante la quale si terr\u00e0\u00a0 il convegno \u201c<em>The Italian model for food supplements in health promotion and disease prevention<\/em>\u201d, nell\u2019Anfiteatro dell\u2019Italian Pavilion. In qualit\u00e0 di co-organizzatore, insieme a Cluster Alisei, e in rappresentanza delle aziende che operano sul mercato italiano, FederSalus presenta a Dubai la filiera italiana degli integratori alimentari, un\u2019eccellenza riconosciuta a livello internazionale, che produce valore per il paese e per i consumatori.<span style=\"font-size: 14pt;\">\u00a0<span style=\"text-decoration: underline;\"><strong>L\u2019evento verr\u00e0 avviato il 31 gennaio alle 11.00 (8.00 ora italiana)<\/strong><\/span><\/span> anzich\u00e9 alle 11.30.<\/p>\n<p>Per aderire inviare mail a\u00a0<a href=\"mailto:rsvp@teb4expo.com\" target=\"_blank\" rel=\"noopener\"><strong>rsvp@teb4expo.com<\/strong><\/a> entro il 29 gennaio<\/p>\n<p><a href=\"https:\/\/www.federsalus.it\/wp-content\/uploads\/2022\/01\/Programma_Alisei.pdf\" target=\"_blank\" rel=\"noopener\"><strong><span style=\"font-size: 14pt;\"> Plan<\/span><\/strong><\/a><\/p>\n<div>\n<p><img loading=\"lazy\" decoding=\"async\" class=\"wp-image-62321 aligncenter\" src=\"https:\/\/www.fedaiisf.it\/wp-content\/uploads\/2022\/01\/Schermata-2022-01-29-alle-10.52.15.png\" alt=\"\" width=\"785\" height=\"1081\" srcset=\"https:\/\/www.fedaiisf.it\/wp-content\/uploads\/2022\/01\/Schermata-2022-01-29-alle-10.52.15.png 641w, https:\/\/www.fedaiisf.it\/wp-content\/uploads\/2022\/01\/Schermata-2022-01-29-alle-10.52.15-218x300.png 218w\" sizes=\"auto, (max-width: 785px) 100vw, 785px\" \/><img loading=\"lazy\" decoding=\"async\" class=\"size-full wp-image-62323 aligncenter\" src=\"https:\/\/www.fedaiisf.it\/wp-content\/uploads\/2022\/01\/Schermata-2022-01-29-alle-10.57.46.png\" alt=\"\" width=\"942\" height=\"393\" srcset=\"https:\/\/www.fedaiisf.it\/wp-content\/uploads\/2022\/01\/Schermata-2022-01-29-alle-10.57.46.png 942w, https:\/\/www.fedaiisf.it\/wp-content\/uploads\/2022\/01\/Schermata-2022-01-29-alle-10.57.46-300x125.png 300w, https:\/\/www.fedaiisf.it\/wp-content\/uploads\/2022\/01\/Schermata-2022-01-29-alle-10.57.46-768x320.png 768w\" sizes=\"auto, (max-width: 942px) 100vw, 942px\" \/><\/p>\n<\/div>\n<div>\n<p style=\"text-align: justify;\"><span style=\"font-size: 14pt;\"><span lang=\"EN-US\" style=\"color: #000000; text-align: justify;\">The Italian food supplements industry is internationally recognised for its excellence, its\u00a0<\/span><span style=\"color: #000000; text-align: justify;\">dynamism and focus on innovation and has developed following a constant growth in recent years, being a European leader. Italian companies of food supplements are strongly export oriented and appreciated abroad for their high-quality products. The everyday consumption of evidence-based nutraceuticals could have a relevant impact on global health, without increasing costs for the national health system.<\/span><\/span><\/p>\n<\/div>\n<div>\n<p style=\"text-align: center;\"><span style=\"color: #008080;\"><mark><strong><span style=\"font-size: 18pt;\"><i>Agenda<\/i><\/span><\/strong><\/mark><\/span><\/p>\n<\/div>\n<p style=\"text-align: center;\"><span style=\"font-size: 14pt;\"><b><span style=\"color: #008080;\">Chair<\/span>: <\/b><b>Enzo Grossi <\/b><i>(Milan, Italy)<\/i><\/span><\/p>\n<p style=\"text-align: center;\"><span style=\"font-size: 14pt;\"><b><span style=\"color: #008080;\">INTRODUCTORY REMARKS<\/span>: <\/b><\/span><\/p>\n<div style=\"text-align: center;\">\n<p><span style=\"font-size: 14pt;\"><b>Germano Scarpa <\/b><i>FederSalus, Italy<\/i><\/span><\/p>\n<p>&nbsp;<\/p>\n<p><span style=\"font-size: 14pt;\"><i><\/i><b>Alessandro Lamura <\/b><i>Deputy Trade Commissioner to the UAE<\/i><\/span><\/p>\n<p>&nbsp;<\/p>\n<\/div>\n<p style=\"text-align: center;\"><span style=\"font-size: 14pt;\"><b>Discovering and development of effective nutraceuticals for successful aging: the role of Mediterranean diet.<br \/>\nGiovanni Scapagnini, <\/b><i>Campobasso, Italy<\/i><\/span><\/p>\n<p>&nbsp;<\/p>\n<p style=\"text-align: center;\"><span style=\"font-size: 14pt;\"><b>Nutraceuticals and cardiometabolic prevention: the Italian experience Giuseppe Derosa, <\/b><i>Pavia, Italy<\/i><\/span><\/p>\n<p>&nbsp;<\/p>\n<p style=\"text-align: center;\"><span style=\"font-size: 14pt;\"><b>Nutraceuticals for the management of NAFLD Alper Sonmez, <\/b><i>Ankara, Turkey<\/i><\/span><\/p>\n<p>&nbsp;<\/p>\n<p style=\"text-align: center;\"><span style=\"font-size: 14pt;\"><b>Nutraceuticals: clinical evidence and potential impact on economically important health outcomes<br \/>\nArrigo F.G. Cicero, <\/b><i>Bologna, Italy <\/i><\/span><\/p>\n<p>&nbsp;<\/p>\n<p><img loading=\"lazy\" decoding=\"async\" class=\"size-full wp-image-62315 aligncenter\" src=\"https:\/\/www.fedaiisf.it\/wp-content\/uploads\/2022\/01\/Schermata-2022-01-28-alle-19.52.43.png\" alt=\"\" width=\"838\" height=\"487\" srcset=\"https:\/\/www.fedaiisf.it\/wp-content\/uploads\/2022\/01\/Schermata-2022-01-28-alle-19.52.43.png 838w, https:\/\/www.fedaiisf.it\/wp-content\/uploads\/2022\/01\/Schermata-2022-01-28-alle-19.52.43-300x174.png 300w, https:\/\/www.fedaiisf.it\/wp-content\/uploads\/2022\/01\/Schermata-2022-01-28-alle-19.52.43-768x446.png 768w\" sizes=\"auto, (max-width: 838px) 100vw, 838px\" \/><a href=\"mailto:rsvp@teb4expo.com\" target=\"_blank\" rel=\"noopener\"><span style=\"font-size: 14pt;\"><strong>rsvp@teb4expo.com<\/strong><\/span><\/a><\/p>\n<p>&nbsp;<\/p>","protected":false},"excerpt":{"rendered":"<p>Il prossimo 31 gennaio FederSalus sar\u00e0 a\u00a0Expo 2020 Dubai\u00a0in occasione della Health &amp; Wellness Week durante la quale si terr\u00e0\u00a0 il convegno \u201cThe Italian model for food supplements in health promotion and disease prevention\u201d, nell\u2019Anfiteatro dell\u2019Italian Pavilion. In qualit\u00e0 di co-organizzatore, insieme a Cluster Alisei, e in rappresentanza delle aziende che operano sul mercato italiano, &hellip;<\/p>","protected":false},"author":4,"featured_media":62264,"comment_status":"closed","ping_status":"closed","sticky":false,"template":"","format":"standard","meta":{"footnotes":""},"categories":[1],"tags":[],"class_list":["post-62259","post","type-post","status-publish","format-standard","has-post-thumbnail","hentry","category-notizie"],"amp_enabled":true,"_links":{"self":[{"href":"https:\/\/www.fedaiisf.it\/en\/wp-json\/wp\/v2\/posts\/62259","targetHints":{"allow":["GET"]}}],"collection":[{"href":"https:\/\/www.fedaiisf.it\/en\/wp-json\/wp\/v2\/posts"}],"about":[{"href":"https:\/\/www.fedaiisf.it\/en\/wp-json\/wp\/v2\/types\/post"}],"author":[{"embeddable":true,"href":"https:\/\/www.fedaiisf.it\/en\/wp-json\/wp\/v2\/users\/4"}],"replies":[{"embeddable":true,"href":"https:\/\/www.fedaiisf.it\/en\/wp-json\/wp\/v2\/comments?post=62259"}],"version-history":[{"count":0,"href":"https:\/\/www.fedaiisf.it\/en\/wp-json\/wp\/v2\/posts\/62259\/revisions"}],"wp:featuredmedia":[{"embeddable":true,"href":"https:\/\/www.fedaiisf.it\/en\/wp-json\/wp\/v2\/media\/62264"}],"wp:attachment":[{"href":"https:\/\/www.fedaiisf.it\/en\/wp-json\/wp\/v2\/media?parent=62259"}],"wp:term":[{"taxonomy":"category","embeddable":true,"href":"https:\/\/www.fedaiisf.it\/en\/wp-json\/wp\/v2\/categories?post=62259"},{"taxonomy":"post_tag","embeddable":true,"href":"https:\/\/www.fedaiisf.it\/en\/wp-json\/wp\/v2\/tags?post=62259"}],"curies":[{"name":"wp","href":"https:\/\/api.w.org\/{rel}","templated":true}]}}