{"id":62380,"date":"2022-02-04T10:44:54","date_gmt":"2022-02-04T09:44:54","guid":{"rendered":"https:\/\/www.fedaiisf.it\/?p=62380"},"modified":"2022-02-04T10:44:54","modified_gmt":"2022-02-04T09:44:54","slug":"il-variegato-mondo-degli-integratori-alimentari","status":"publish","type":"post","link":"https:\/\/www.fedaiisf.it\/en\/il-variegato-mondo-degli-integratori-alimentari\/","title":{"rendered":"The diverse world of food supplements"},"content":{"rendered":"<h1>Gli integratori<\/h1>\n<p><span data-contrast=\"auto\">Si tratta di un campo vastissimo, originariamente costituito da prodotti alimentari concepiti appunto per <img loading=\"lazy\" decoding=\"async\" class=\"wp-image-62387 alignright\" src=\"https:\/\/www.fedaiisf.it\/wp-content\/uploads\/2022\/02\/Prescrivinilita-farmaci.png\" alt=\"\" width=\"468\" height=\"530\" srcset=\"https:\/\/www.fedaiisf.it\/wp-content\/uploads\/2022\/02\/Prescrivinilita-farmaci.png 733w, https:\/\/www.fedaiisf.it\/wp-content\/uploads\/2022\/02\/Prescrivinilita-farmaci-265x300.png 265w\" sizes=\"auto, (max-width: 468px) 100vw, 468px\" \/><em>\u201cintegrare\u201d<\/em> la normale dieta attraverso nutrienti, quali vitamine, coenzimi, sali minerali, sostanze come amminoacidi, acidi grassi essenziali, probiotici e prebiotici, svariati estratti di origine vegetale. <\/span><\/p>\n<p><span data-contrast=\"auto\">L\u2019impiego di integratori alimentari non \u00e8 connesso a patologie presenti (e pertanto \u00e8 vietato per legge parlare di <strong>\u201cindicazioni\u201d<\/strong> <em>nella comunicazione ai consumatori<\/em>), essendo <strong>finalizzato non a trattare malati ma ad uno scopo preventivo in soggetti che siano a rischio di carenze nutrizionali<\/strong>, al fine di evitare l\u2019insorgenza di patologie carenziali, in senso generale, per conservare la salute in persone poco sensibili all\u2019importanza della variet\u00e0 dei cibi. Per legge le confezioni di questo prodotti devono infatti riportare la dicitura \u201c<em><strong>gli integratori alimentari non vanno intesi come sostituti di una\u00a0 equilibrata e di un corretto stile di vita<\/strong><\/em>\u201d. <\/span><\/p>\n<p><span data-contrast=\"auto\">Gli integratori alimentari hanno un diverso processo di commercializzazione, meno complesso e pi\u00f9 rapido rispetto ai farmaci, dovendo comunque garantire al consumatore finale sicurezza e qualit\u00e0. A differenza dei farmaci, come gi\u00e0 detto (ad eccezione di OTC e SOP), che devono essere venduti sotto prescrizione medica, gli integratori alimentari sono di libera vendita in farmacia, parafarmacia, erboristeria e, per alcuni, anche presso supermercati. <\/span><\/p>\n<p><span data-contrast=\"auto\"><span style=\"color: #000000;\"><strong>Ci\u00f2 non toglie in alcun modo importanza al ruolo del Medico<\/strong>, <\/span><em><span style=\"color: #000000;\">che andrebbe sempre informato<\/span> di quanto il paziente sta assumendo, anche per evitare possibili interazioni farmacologiche<\/em>. Inoltre, un numero crescente di Medici ben consapevoli dell\u2019importanza della alimentazione (e quindi anche della sua integrazione razionale) sta maturando significative esperienze nel settore, soprattutto in relazione ad integratori particolarmente <img loading=\"lazy\" decoding=\"async\" class=\"wp-image-51678 alignleft\" src=\"https:\/\/www.fedaiisf.it\/wp-content\/uploads\/2020\/06\/Federsalus-regolamentazione-integratori-1024x736.jpeg\" alt=\"\" width=\"515\" height=\"370\" srcset=\"https:\/\/www.fedaiisf.it\/wp-content\/uploads\/2020\/06\/Federsalus-regolamentazione-integratori-1024x736.jpeg 1024w, https:\/\/www.fedaiisf.it\/wp-content\/uploads\/2020\/06\/Federsalus-regolamentazione-integratori-300x216.jpeg 300w, https:\/\/www.fedaiisf.it\/wp-content\/uploads\/2020\/06\/Federsalus-regolamentazione-integratori-768x552.jpeg 768w, https:\/\/www.fedaiisf.it\/wp-content\/uploads\/2020\/06\/Federsalus-regolamentazione-integratori.jpeg 1261w\" sizes=\"auto, (max-width: 515px) 100vw, 515px\" \/>evoluti, quali i cosiddetti \u201c<em>biodinamici<\/em>\u201d, che rappresentano la reale e innovativa avanguardia nelle strategie naturali mirate al mantenimento della salute e ad un approccio complementare alle pi\u00f9 svariate patologie. <\/span><\/p>\n<p><span data-contrast=\"auto\">Tutte accomunate da squilibri enzimatici correggibili, appunto, grazie a preparati studiati ed elaborati in termini di <strong>Enzimologia biodinamica<\/strong><strong>che restano comunque \u201calimenti<\/strong>\u201d anche se realizzati quali \u201cintegratori\u201d. La Direttiva di riferimento \u00e8 la 2002\/46\/CE, attuata con D.l. n. 169 del 21 maggio 2004, che definisce gli integratori \u201c<em>prodotti alimentari destinati ad integrare la comune dieta e che costituiscono una fonte concentrata di sostanze nutritive, quali le vitamine e i minerali, o di altre sostanze aventi un effetto nutritivo o fisiologico, in particolare, ma non in via esclusiva, aminoacidi, acidi grassi essenziali, fibre ed estratti di origine vegetale, sia monocomposti che pluricomposti, in forme predosate<\/em>\u201d. <\/span><\/p>\n<p><span data-contrast=\"auto\">L\u2019etichettatura di tutti gli integratori alimentari deve seguire precise disposizioni contenute nella sopra citata Direttiva e, in Italia, nel relativo Decreto attuativo; in particolare devono essere riportate: <em>denominazione, classificazione merceologica, lista degli ingredienti e avvertenze obbligatorie, oltre ad avvertenze supplementari, facoltative o complementari, stabilite in base alla composizione e al tipo di prodotto<\/em>. <\/span><span data-ccp-props=\"{&quot;201341983&quot;:0,&quot;335559739&quot;:160,&quot;335559740&quot;:259}\">\u00a0<\/span><\/p>\n<p><em><strong>INTEGRATORI; \u201cCENNI STORICI\u201d<\/strong> <\/em><span data-ccp-props=\"{&quot;201341983&quot;:0,&quot;335559739&quot;:160,&quot;335559740&quot;:259}\">\u00a0<\/span><\/p>\n<p><span data-contrast=\"auto\">Fin dagli albori del suo sviluppo, in questo variegato mondo, troviamo preparati a base di vitamine, minerali, acidi grassi insaturi, antiossidanti, fibre, probiotici, estratti vegetali, minerali, utilizzati nei soggetti a rischio di carenze nutrizionali: sono gli integratori alimentari \u201cstorici\u201d, mirati fondamentalmente a coadiuvare le fisiologiche funzioni dell\u2019organismo, fra cui esistono indubbiamente preparati di importanza essenziale per il mantenimento della salute, quali i multivitaminici. Ricordiamo che la Vitamina A \u00e8 importante per la vista, la <img loading=\"lazy\" decoding=\"async\" class=\"wp-image-51628 alignright\" src=\"https:\/\/www.fedaiisf.it\/wp-content\/uploads\/2020\/06\/integratori-alimentari-vitamine.jpg\" alt=\"\" width=\"328\" height=\"199\" srcset=\"https:\/\/www.fedaiisf.it\/wp-content\/uploads\/2020\/06\/integratori-alimentari-vitamine.jpg 1000w, https:\/\/www.fedaiisf.it\/wp-content\/uploads\/2020\/06\/integratori-alimentari-vitamine-300x182.jpg 300w, https:\/\/www.fedaiisf.it\/wp-content\/uploads\/2020\/06\/integratori-alimentari-vitamine-768x466.jpg 768w, https:\/\/www.fedaiisf.it\/wp-content\/uploads\/2020\/06\/integratori-alimentari-vitamine-780x470.jpg 780w\" sizes=\"auto, (max-width: 328px) 100vw, 328px\" \/>Vitamina C per l\u2019immunit\u00e0, la Vitamina D per la salute delle ossa e per le difese immunitarie, l\u2019acido folico (Vitamina B9) per il metabolismo degli aminoacidi e per il corretto sviluppo del nascituro durante la gravidanza, le vitamine del gruppo B per il fisiologico metabolismo energetico, ovvero in quelle reazioni che rilasciano energia. Altri integratori \u201cstorici\u201d essenziali sono i preparati a base di omega 3, acidi grassi essenziali ottenuti dall\u2019olio di pesce (fegato di merluzzo o krill) o da vegetali (semi di canapa, spirulina), importanti, fra le tante funzioni, quale supporto all\u2019integrit\u00e0 delle membrane cellulari e per il controllo del colesterolo. Anche i sali minerali occupano un posto rilevante nella integrazione alimentare (Calcio, Magnesio, Potassio, Sodio, Cloro, Fosforo, Zolfo, Ferro, Rame, Zinco, Selenio ecc.), in quanto un loro deficit, per difetto di assunzione o eccesso di eliminazione, \u00e8 correlato all\u2019insorgenza di disturbi e patologie di vario genere. Esistono inoltre integratori per il benessere gastrointestinale, tonici ed energetici, integratori per il controllo del peso (coadiuvanti di una dieta ipocalorica, fondata su regimi alimentari controllati) e integratori per il benessere cardiovascolare, assunti per mantenere la funzionalit\u00e0 della circolazione venosa, del microcircolo, e della normalit\u00e0 pressoria arteriosa, a supporto della fisiologia cardiaca. In questo gruppo \u201cstorico\u201d abbiamo anche integratori per capelli, prevalentemente a base vitaminica e minerale, integratori finalizzati a migliorare il sonno (ad esempio a base di melatonina) e il tono dell\u2019umore (ad esempio a base di iperico), integratori per il benessere della gola e delle vie respiratorie e per le difese immunitarie (ad esempio estratti di Echinacea, Eucalipto, Menta), integratori per la salute della donna nelle sue varie fasi, con particolare riferimento a gravidanza, allattamento, menopausa. Un capitolo a s\u00e9 meritano, in questo gruppo \u201cstorico\u201d, gli antiossidanti, sostanze in grado di neutralizzare i radicali liberi proteggendo l\u2019organismo dalla loro azione negativa. Fra questi ricordiamo Vitamina C, Vitamina B2, Selenio, Vitamina E, Zinco, Coenzima Q10, polifenoli. Esistono anche integratori per il benessere della vista (a base antiossidanti, Vitamina A, Mirtillo nero). Per finire ricordiamo gli integratori per il benessere di ossa e cartilagini, a base di Calcio, Fosforo, Magnesio, Vitamina C, Vitamina D, Vitamina K, Zinco, oltre a estratti vegetali vari e ad integratori per la protezione della pelle e per il benessere del fegato e delle vie urinarie.<\/span><span data-ccp-props=\"{&quot;201341983&quot;:0,&quot;335559739&quot;:160,&quot;335559740&quot;:259}\">\u00a0<\/span><\/p>\n<p>L&#8217;articolo integrale (di natura promozionale) prosegue su<span data-ccp-props=\"{&quot;201341983&quot;:0,&quot;335559739&quot;:160,&quot;335559740&quot;:259}\">\u00a0<a href=\"https:\/\/ilcomizio.it\/il-variegato-mondo-degli-integratori-alimentari\/\" target=\"_blank\" rel=\"noopener\">IC Network &#8211; 1 febbraio 2022<\/a><\/span><\/p>\n<p>FONTE: <a href=\"http:\/\/sito.anamit.it\/wp-content\/uploads\/2022\/01\/ND-01-2022-gennaio.pdf\" target=\"_blank\" rel=\"noopener\">ND (natura docet) Gennaio 2022<\/a><\/p>\n<h2>Promozione degli integratori alimentari e nuovi modelli di informazione medico-scientifica: cosa \u00e8 cambiato con il COVID-19<\/h2>\n<p>Nell\u2019ambito del webinar formativo di FederSalus <strong><em>Mercato. Ripensare il modello di informazione e promozione degli integratori alimentari per affrontare il \u201cnew normal\u201d<\/em><\/strong>, che ha visto la partecipazione di <img loading=\"lazy\" decoding=\"async\" class=\"wp-image-62406 alignleft\" src=\"https:\/\/www.fedaiisf.it\/wp-content\/uploads\/2022\/02\/mercato-integratori.png\" alt=\"\" width=\"537\" height=\"379\" srcset=\"https:\/\/www.fedaiisf.it\/wp-content\/uploads\/2022\/02\/mercato-integratori.png 661w, https:\/\/www.fedaiisf.it\/wp-content\/uploads\/2022\/02\/mercato-integratori-300x211.png 300w\" sizes=\"auto, (max-width: 537px) 100vw, 537px\" \/>IQVIA, Tradelab e Pharmanutra, sono stati analizzati l\u2019impatto dell\u2019emergenza Covid-19 sul comparto degli integratori alimentari.<\/p>\n<p>Sul tema dell\u2019informazione medico-scientifica si \u00e8 parlato negli ultimi interventi di <strong>Silvia Pinciroli, Channel Dynamics Sales &amp; Offering di IQVIA<\/strong> And <strong>Maria Antonietta Costantino Senior Consultant -Consumer Health Consulting &amp; Services di IQVIA<\/strong> he was born in <strong>Dott. La Corte, Presidente di Pharmanutra.<\/strong><\/p>\n<p>L\u2019intervento di Silvia Pinciroli \u201cL\u2019informazione medico-scientifica nell\u2019ambito degli integratori alimentari\u201d ha illustrato come l\u2019emergenza Covid-19 sta cambiando la promozione degli integratori alimentari, la percezione di medici e farmacisti delle nuove modalit\u00e0 di comunicazione da remoto, quali sono le esigenze degli HCP e qual \u00e8 l\u2019approccio pi\u00f9 efficace per coinvolgere e supportare gli operatori sanitari nel medio-lungo termine.<\/p>\n<p>Durante l\u2019emergenza Covid-19 i principali canali promozionali utilizzati sono stati: le interazioni telefoniche, l\u2019e-mail e l\u2019e-detailing. Da maggio in poi c\u2019\u00e8 stata una ripresa delle interazioni individuali face to face (F2F), in linea con l\u2019allentamento delle restrizioni.per quanto riguarda gli integratori alimentari le interazioni individuali face to face hanno riportato.<\/p>\n<p><img loading=\"lazy\" decoding=\"async\" class=\"wp-image-62410 alignright\" src=\"https:\/\/www.fedaiisf.it\/wp-content\/uploads\/2022\/02\/mercato-farmaci-otc-sop.png\" alt=\"\" width=\"565\" height=\"259\" srcset=\"https:\/\/www.fedaiisf.it\/wp-content\/uploads\/2022\/02\/mercato-farmaci-otc-sop.png 912w, https:\/\/www.fedaiisf.it\/wp-content\/uploads\/2022\/02\/mercato-farmaci-otc-sop-300x138.png 300w, https:\/\/www.fedaiisf.it\/wp-content\/uploads\/2022\/02\/mercato-farmaci-otc-sop-768x352.png 768w\" sizes=\"auto, (max-width: 565px) 100vw, 565px\" \/>Con riferimento agli integratori alimentari, da gennaio ad agosto i contatti con la classe medica sono diminuiti del 40% rispetto allo stesso periodo dell\u2019anno precedente, una maggiore diminuzione dei contatti si \u00e8 osservata in relazione agli specialisti.<\/p>\n<p>Nello stesso periodo si assiste a una crescita esponenziale (+192%) dei contatti con la classe medica attraverso i canali digitali.<\/p>\n<p>La promozione da remoto \u00e8 stata molto apprezzata da parte degli HCP (Health Care Professional) \u00a0soprattutto durante il lock-down (42% ad aprile) e si \u00e8 rivelata anche particolarmente efficace: infatti circa la met\u00e0 dei medici ha dichiarato di aumentare il consiglio di un integratore dopo un contatto promozionale da remoto; pur evidenziando aree di miglioramento per quanto riguarda la qualit\u00e0 dei contenuti veicolati mediante visite\/meeting virtuali o email.<\/p>\n<p>Continuer\u00e0 questo trend che vede un maggior ricorso all\u2019utilizzo di canali digitali e da remoto in ambito di informazione medico-scientifica?<\/p>\n<p>Dalle ricerche condotta da IQVIA, emerge una percentuale significativa di medici che ha indicato che le interazioni virtuali saranno ampiamente sufficienti in futuro. In Italia pi\u00f9 della met\u00e0 degli HCP si \u00e8 espressa in completo accordo con questo trend.<\/p>\n<p>Nell\u2019intervento di <strong><em>Maria Antonietta Costantino Senior Consultant -Consumer Health Consulting &amp; Services di IQVIA<\/em><\/strong> si \u00e8 infine sviluppato il tema della multicanalit\u00e0 nell\u2019informazione medico \u2013scientifica, evidenziano i vantaggi di un modello multicanale e i <em>pillars<\/em> su cui si basa questo approccio. Dal punto di vista aziendale, implementare un modello multicanale prevede il coinvolgimento di diverse funzioni aziendali, richiede cambiamenti organizzativi e tecnologici, un\u2019attivit\u00e0 di profilazione per adeguare la comunicazione e i canali alle preferenze dei professionisti sanitari e un ripensamento del ruolo dell\u2019informatore.<\/p>\n<p>Il webinar si \u00e8 concluso con l\u2019intervento del <strong><em>Dott. La Corte, Presidente di Pharmanutra<\/em><\/strong>, che ha riportato l\u2019esperienza della sua azienda in termini di multicanalit\u00e0. Il Dott. La Corte ha illustrato come l\u2019azienda, a seguito dell\u2019emergenza sanitaria, ha dovuto modificare e accelerare il cambiamento delle modalit\u00e0 di informazione medico-scientifica. Il primo passo \u00e8 stato quello di definire le principali aree di intervento per garantire la continuit\u00e0 dell\u2019interazione e della comunicazione con medici e farmacisti, tra cui fondamentale la formazione degli informatori sull\u2019utilizzo di tecnologie digitali e lo sviluppo di progetti digitali in realt\u00e0 aumentata. In prospettiva il modello di informazione medico-scientifica sar\u00e0 sempre pi\u00f9 ibrido coniugando contatti F2F e da remoto.<\/p>\n<p>Da Federsalus \u00a0estratto da &#8220;<a href=\"https:\/\/www.federsalus.it\/promozione-degli-integratori-alimentari-e-nuovi-modelli-di-informazione-medico-scientifica-cosa-e-cambiato-con-il-covid-19\/\" target=\"_blank\" rel=\"noopener\">Promozione degli integratori alimentari e nuovi modelli di informazione medico-scientifica: cosa \u00e8 cambiato con il COVID-19<\/a>&#8221;<\/p>\n<p>Related news: <a href=\"https:\/\/www.cosmeticaitalia.it\/documenti\/Gruppi\/gcf\/2021\/1-SCENARIO-Igiene-e-Bellezza-IQVIA-gen2021.pdf\" target=\"_blank\" rel=\"noopener\">IQVIA. Le rilevazioni del mercato \u00abIgiene e Bellezza\u00bb<\/a><\/p>\n<p><a href=\"https:\/\/pharmacyscanner.it\/integratori-indagine-federsalus-mercato-2020-da-38-mld-i-consumi-per-segmenti\/\" target=\"_blank\" rel=\"noopener\">Integratori, indagine Federsalus: mercato 2020 da 3,8 mld, i consumi per segmenti<\/a><\/p>\n<p><a href=\"https:\/\/assosalute.federchimica.it\/docs\/default-source\/newsletter\/newsletter_assosalute_novembre_2021_.pdf?sfvrsn=282a187e_2\" target=\"_blank\" rel=\"noopener\">Assosalute Federchimiva News Letter Mercato farmaci da Non Prescrizione\u00a0<\/a><\/p>","protected":false},"excerpt":{"rendered":"<p>Gli integratori Si tratta di un campo vastissimo, originariamente costituito da prodotti alimentari concepiti appunto per \u201cintegrare\u201d la normale dieta attraverso nutrienti, quali vitamine, coenzimi, sali minerali, sostanze come amminoacidi, acidi grassi essenziali, probiotici e prebiotici, svariati estratti di origine vegetale. L\u2019impiego di integratori alimentari non \u00e8 connesso a patologie presenti (e pertanto \u00e8 vietato &hellip;<\/p>","protected":false},"author":4,"featured_media":8027,"comment_status":"closed","ping_status":"closed","sticky":false,"template":"","format":"standard","meta":{"footnotes":""},"categories":[1],"tags":[196],"class_list":["post-62380","post","type-post","status-publish","format-standard","has-post-thumbnail","hentry","category-notizie","tag-integratori"],"amp_enabled":true,"_links":{"self":[{"href":"https:\/\/www.fedaiisf.it\/en\/wp-json\/wp\/v2\/posts\/62380","targetHints":{"allow":["GET"]}}],"collection":[{"href":"https:\/\/www.fedaiisf.it\/en\/wp-json\/wp\/v2\/posts"}],"about":[{"href":"https:\/\/www.fedaiisf.it\/en\/wp-json\/wp\/v2\/types\/post"}],"author":[{"embeddable":true,"href":"https:\/\/www.fedaiisf.it\/en\/wp-json\/wp\/v2\/users\/4"}],"replies":[{"embeddable":true,"href":"https:\/\/www.fedaiisf.it\/en\/wp-json\/wp\/v2\/comments?post=62380"}],"version-history":[{"count":0,"href":"https:\/\/www.fedaiisf.it\/en\/wp-json\/wp\/v2\/posts\/62380\/revisions"}],"wp:featuredmedia":[{"embeddable":true,"href":"https:\/\/www.fedaiisf.it\/en\/wp-json\/wp\/v2\/media\/8027"}],"wp:attachment":[{"href":"https:\/\/www.fedaiisf.it\/en\/wp-json\/wp\/v2\/media?parent=62380"}],"wp:term":[{"taxonomy":"category","embeddable":true,"href":"https:\/\/www.fedaiisf.it\/en\/wp-json\/wp\/v2\/categories?post=62380"},{"taxonomy":"post_tag","embeddable":true,"href":"https:\/\/www.fedaiisf.it\/en\/wp-json\/wp\/v2\/tags?post=62380"}],"curies":[{"name":"wp","href":"https:\/\/api.w.org\/{rel}","templated":true}]}}