{"id":62732,"date":"2022-02-19T11:20:35","date_gmt":"2022-02-19T10:20:35","guid":{"rendered":"https:\/\/www.fedaiisf.it\/?p=62732"},"modified":"2022-02-19T11:23:00","modified_gmt":"2022-02-19T10:23:00","slug":"dal-15-febbraio-obbligo-green-pass-rafforzato-per-tutti-i-lavoratori-over-50-nuova-funzione-dedicata-su-app-verificac19","status":"publish","type":"post","link":"https:\/\/www.fedaiisf.it\/en\/dal-15-febbraio-obbligo-green-pass-rafforzato-per-tutti-i-lavoratori-over-50-nuova-funzione-dedicata-su-app-verificac19\/","title":{"rendered":"From 15 February, the Green pass obligation has been strengthened for all workers over 50. New dedicated function on the VerificaC19 App"},"content":{"rendered":"<p>Dal 15 febbraio 2022 il\u00a0green pass rafforzato, cio\u00e8 esclusivamente per vaccinazione o guarigione, \u00e8 richiesto a <img loading=\"lazy\" decoding=\"async\" class=\"wp-image-60556 alignright\" src=\"https:\/\/www.fedaiisf.it\/wp-content\/uploads\/2021\/10\/Green-Pass-controllo.jpeg\" alt=\"\" width=\"402\" height=\"211\" srcset=\"https:\/\/www.fedaiisf.it\/wp-content\/uploads\/2021\/10\/Green-Pass-controllo.jpeg 690w, https:\/\/www.fedaiisf.it\/wp-content\/uploads\/2021\/10\/Green-Pass-controllo-300x157.jpeg 300w\" sizes=\"auto, (max-width: 402px) 100vw, 402px\" \/>tutti i lavoratori pubblici e privati a partire dai 50 anni di et\u00e0, per accedere ai luoghi di lavoro. L\u2019obbligo resta in vigore fino al 15 giugno 2022.<\/p>\n<p>Si ricorda che dall\u20198 gennaio 2022 \u00e8 in vigore l\u2019obbligo vaccinale per tutti\u00a0coloro che hanno compiuto 50 anni e pi\u00f9.<\/p>\n<p>Per semplificare la verifica di tutti i green pass durante l\u2019ingresso ai luoghi di lavoro sar\u00e0 disponibile una nuova tipologia di verifica sull\u2019app <strong>VerificaC19<\/strong>. \u00c8 sufficiente che i verificatori aggiornino l\u2019applicazione sul proprio dispositivo mobile e selezionino la tipologia <strong>\u201cLAVORO\u201d<\/strong> prima di effettuare la scansione dei QR code. L\u2019App considera validi, in modo automatico, i green pass generati\u00a0da vaccinazione, da guarigione o da tampone fino ai 49 anni di et\u00e0. Dai 50 anni compiuti in su, ammette solo i green pass generati da vaccinazione o da guarigione. L\u2019App, inoltre, considera valide anche le certificazioni di esenzione dalla vaccinazione che possono essere presentate da chi \u00e8 esente dalla vaccinazione per la presenza di specifiche condizioni cliniche documentate.<\/p>\n<p>Dallo scorso 7 febbraio, infatti, le\u00a0certificazioni di esenzione dalla vaccinazione\u00a0anti COVID-19\u00a0vengono emesse esclusivamente in formato digitale. Chi \u00e8 gi\u00e0 in possesso di un precedente certificato di esenzione cartaceo ha tempo\u00a0fino al\u00a027 febbraio 2022\u00a0per richiedere la nuova certificazione digitale con il QR code. Dopo tale data le certificazioni prive di QR code non potranno pi\u00f9 essere utilizzate, neanche per accedere ai luoghi di lavoro.<\/p>\n<p>Per saperne di pi\u00f9 e scaricare la certificazione di esenzione dalla vaccinazione anti COVID-19 digitale vai su <a title=\"open external site\" href=\"http:\/\/www.dgc.gov.it\/\" target=\"_blank\" rel=\"noopener\">www.dgc.gov.it<\/a><\/p>\n<p>Source <a href=\"https:\/\/www.salute.gov.it\/portale\/news\/p3_2_1_1_1.jsp?lingua=italiano&amp;menu=notizie&amp;p=dalministero&amp;id=5802\" target=\"_blank\" rel=\"noopener\">Ministero della Salute &#8211; 14 febbraio 2022<\/a><\/p>\n<p><img loading=\"lazy\" decoding=\"async\" class=\"wp-image-60499 alignleft\" src=\"https:\/\/www.fedaiisf.it\/wp-content\/uploads\/2021\/10\/Autonomi-Green-Pass-Il-Sole.png\" alt=\"\" width=\"357\" height=\"422\" srcset=\"https:\/\/www.fedaiisf.it\/wp-content\/uploads\/2021\/10\/Autonomi-Green-Pass-Il-Sole.png 459w, https:\/\/www.fedaiisf.it\/wp-content\/uploads\/2021\/10\/Autonomi-Green-Pass-Il-Sole-254x300.png 254w\" sizes=\"auto, (max-width: 357px) 100vw, 357px\" \/>Note:<\/p>\n<p><em>Dal giorno dell\u2019entrata in vigore delle nuove regole, <strong>gli over 50 che sono in smart working<\/strong> devono avere comunque il<strong> green pass rafforzato<\/strong> per lavorare, visto che per loro sussiste l\u2019<strong>obbligo vaccinale<\/strong>. C\u2019\u00e8 da considerare per\u00f2 che <strong>i controlli non risultano facili<\/strong>: il datore di lavoro non pu\u00f2 controllare il certificato verde a chi prosegue la sua occupazione da casa. Nel caso che un lavoratore svolga la sua attivit\u00e0 all&#8217;esterno dell&#8217;azienda per esempio in strutture sanitarie, come gli ISF, saranno queste ultime a predisporre il controllo del green pass.<\/em><\/p>","protected":false},"excerpt":{"rendered":"<p>Dal 15 febbraio 2022 il\u00a0green pass rafforzato, cio\u00e8 esclusivamente per vaccinazione o guarigione, \u00e8 richiesto a tutti i lavoratori pubblici e privati a partire dai 50 anni di et\u00e0, per accedere ai luoghi di lavoro. L\u2019obbligo resta in vigore fino al 15 giugno 2022. Si ricorda che dall\u20198 gennaio 2022 \u00e8 in vigore l\u2019obbligo vaccinale &hellip;<\/p>","protected":false},"author":4,"featured_media":62738,"comment_status":"closed","ping_status":"closed","sticky":false,"template":"","format":"standard","meta":{"footnotes":""},"categories":[1],"tags":[41,154],"class_list":["post-62732","post","type-post","status-publish","format-standard","has-post-thumbnail","hentry","category-notizie","tag-leggisentenze","tag-regolamentazione-isf"],"amp_enabled":true,"_links":{"self":[{"href":"https:\/\/www.fedaiisf.it\/en\/wp-json\/wp\/v2\/posts\/62732","targetHints":{"allow":["GET"]}}],"collection":[{"href":"https:\/\/www.fedaiisf.it\/en\/wp-json\/wp\/v2\/posts"}],"about":[{"href":"https:\/\/www.fedaiisf.it\/en\/wp-json\/wp\/v2\/types\/post"}],"author":[{"embeddable":true,"href":"https:\/\/www.fedaiisf.it\/en\/wp-json\/wp\/v2\/users\/4"}],"replies":[{"embeddable":true,"href":"https:\/\/www.fedaiisf.it\/en\/wp-json\/wp\/v2\/comments?post=62732"}],"version-history":[{"count":0,"href":"https:\/\/www.fedaiisf.it\/en\/wp-json\/wp\/v2\/posts\/62732\/revisions"}],"wp:featuredmedia":[{"embeddable":true,"href":"https:\/\/www.fedaiisf.it\/en\/wp-json\/wp\/v2\/media\/62738"}],"wp:attachment":[{"href":"https:\/\/www.fedaiisf.it\/en\/wp-json\/wp\/v2\/media?parent=62732"}],"wp:term":[{"taxonomy":"category","embeddable":true,"href":"https:\/\/www.fedaiisf.it\/en\/wp-json\/wp\/v2\/categories?post=62732"},{"taxonomy":"post_tag","embeddable":true,"href":"https:\/\/www.fedaiisf.it\/en\/wp-json\/wp\/v2\/tags?post=62732"}],"curies":[{"name":"wp","href":"https:\/\/api.w.org\/{rel}","templated":true}]}}