{"id":62899,"date":"2022-03-02T01:35:12","date_gmt":"2022-03-02T00:35:12","guid":{"rendered":"https:\/\/www.fedaiisf.it\/?p=62899"},"modified":"2022-03-03T13:32:42","modified_gmt":"2022-03-03T12:32:42","slug":"crisi-ucraina-oms-europa-diritto-alla-salute-e-allaccesso-ai-servizi-deve-essere-sempre-tutelato","status":"publish","type":"post","link":"https:\/\/www.fedaiisf.it\/en\/crisi-ucraina-oms-europa-diritto-alla-salute-e-allaccesso-ai-servizi-deve-essere-sempre-tutelato\/","title":{"rendered":"Ukraine crisis, WHO Europe: &quot;The right to health and access to services must always be protected&quot;"},"content":{"rendered":"<p>Ha riscosso gi\u00e0 un grande successo l\u2019appello alla raccolta di farmaci e dispositivi medici in favore delle <img loading=\"lazy\" decoding=\"async\" class=\"wp-image-47395 alignright\" src=\"https:\/\/www.fedaiisf.it\/wp-content\/uploads\/2020\/01\/Mandelli-Fofi.jpg\" alt=\"\" width=\"269\" height=\"202\" srcset=\"https:\/\/www.fedaiisf.it\/wp-content\/uploads\/2020\/01\/Mandelli-Fofi.jpg 480w, https:\/\/www.fedaiisf.it\/wp-content\/uploads\/2020\/01\/Mandelli-Fofi-300x225.jpg 300w\" sizes=\"auto, (max-width: 269px) 100vw, 269px\" \/>popolazioni ucraine colpite dalla guerra, lanciato ai protagonisti della farmaceutica e del medical device dalla <span style=\"color: #000000;\"><strong>Federazione degli Ordini dei Farmacisti Italiani (Fofi). ADF, Assofarm, Assoram, Banco Farmaceutico, Confindustria Dispositivi Medici, Egualia, Farmacie Unite, Farmindustria, Federchimica<\/strong><\/span><br \/>\n<span style=\"color: #000000;\"><strong>Assosalute, Federfarma, Federfarma Servizi, FNPI e UNAFTISP<\/strong><\/span>: queste le associazioni, si legge in una nota della Fofi, che hanno gi\u00e0 aderito all\u2019iniziativa. \u201cUn gesto di pace, come tutti i segni di solidariet\u00e0\u201d. Cos\u00ec Andrea Mandelli, presidente della Fofi, definisce l\u2019iniziativa.<\/p>\n<p>\u201cUn\u2019idea \u2013 spiega Mandelli \u2013 alla quale hanno immediatamente aderito tutti i protagonisti del mondo della farmaceutica e dei dispositivi medici, che ringrazio personalmente e a nome dei farmacisti italiani\u201d. Si tratta, prosegue Mandelli, di \u201cun piccolo aiuto a fronte del dramma immane della guerra, e tuttavia un gesto concreto e necessario. Se non altro per mostrare che il contrario del conflitto non \u00e8 la quiete di una pace, a volte solo apparente, ma piuttosto la sollecitudine dell\u2019aiuto, la prontezza della mobilitazione umanitaria. Non mi stupisce che siano valori condivisi da tutto il nostro settore, intrinsecamente solidale e inclusivo. Valori \u2013 conclude Mandelli \u2013 che tutti i cittadini potranno fattivamente abbracciare\u201d.<\/p>\n<p>Source <a href=\"https:\/\/abruzzolive.it\/ucraina-farmacisti-gara-solidarieta-per-donare-medicinali\/\" target=\"_blank\" rel=\"noopener\">Abruzzo live &#8211; 1 marzo 2022<\/a><\/p>\n<p>Note: <em>nella foto in alto un reparto di neonatologia rifugiatosi in uno scantinato dell&#8217;ospedale<\/em><\/p>\n<p style=\"text-align: center;\"><strong>________________________________<\/strong><\/p>\n<p>Continuano senza tregua i bombardamenti delle forze russe sul territorio ucraino e l&#8217;offensiva ha gi\u00e0 colpito in modo tragico la popolazione, facendo registrare numerose vittime civili.<\/p>\n<p>\u00ab<strong>Qualsiasi ulteriore escalation\u00bb del conflitto in Ucraina \u00abpotrebbe portare a una catastrofe umanitaria <img loading=\"lazy\" decoding=\"async\" class=\"wp-image-62938 alignleft\" src=\"https:\/\/www.fedaiisf.it\/wp-content\/uploads\/2022\/03\/profughi-ucraina.jpeg\" alt=\"\" width=\"471\" height=\"265\" srcset=\"https:\/\/www.fedaiisf.it\/wp-content\/uploads\/2022\/03\/profughi-ucraina.jpeg 1024w, https:\/\/www.fedaiisf.it\/wp-content\/uploads\/2022\/03\/profughi-ucraina-300x169.jpeg 300w, https:\/\/www.fedaiisf.it\/wp-content\/uploads\/2022\/03\/profughi-ucraina-768x432.jpeg 768w, https:\/\/www.fedaiisf.it\/wp-content\/uploads\/2022\/03\/profughi-ucraina-390x220.jpeg 390w\" sizes=\"auto, (max-width: 471px) 100vw, 471px\" \/>in Europa<\/strong>, con un bilancio significativo in termini di vittime e ulteriori danni ai gi\u00e0 fragili sistemi sanitari\u00bb, dichiara l\u2019Oms Europa che ha ribadito la sua \u00abpi\u00f9 profonda preoccupazione per la sicurezza, la salute e il benessere di tutti i civili colpiti dalla crisi nel Paese\u00bb.<\/p>\n<p>Gli ospedali sono in difficolt\u00e0 a Kiev, sono stati bloccati gli interventi, anche quelli urgenti; sono state interrotte anche le cure urgenti come radioterapia e chemioterapia. \u00ab<strong>Il diritto alla salute e l&#8217;accesso ai servizi sanitari devono essere sempre tutelati<\/strong>, anche nei periodi di crisi \u2013 sottolinea l\u2019Oms Europa &#8211;\u00a0 Gli operatori sanitari, gli ospedali e le altre strutture non devono mai essere un bersaglio e devono poter continuare a soddisfare i bisogni sanitari delle comunit\u00e0. La protezione dei civili \u00e8 un obbligo del diritto internazionale umanitario\u00bb, rimarca l&#8217;Oms Europa, impegnata, attraverso il suo ufficio in Ucraina, per \u00abfornire il necessario supporto su questioni sanitarie urgenti, in particolare un&#8217;epidemia di poliomielite in corso e Covid-19\u00bb.<\/p>\n<p>Gli appelli per un immediato cessate il fuoco si susseguono dall\u2019Onu, all\u2019Ocse, all\u2019Unicef. Gli enti chiedono che vengano almeno rispettati gli obblighi internazionali di proteggere i bambini e assicurare che gli aiuti umanitari possano raggiungere in sicurezza e velocemente i bambini che hanno bisogno. L&#8217;Unicef chiede a tutte le parti di non attaccare infrastrutture essenziali da cui i bambini dipendono &#8211; compresi sistemi idrici, igienico &#8211; sanitari, strutture sanitarie e scolastiche.<\/p>\n<p><a href=\"https:\/\/www.federfarma.it\/Edicola\/Filodiretto\/VediNotizia.aspx?id=23499\" target=\"_blank\" rel=\"noopener\">Federfarma &#8211; 26 febbraio 2022<\/a><\/p>\n<p><span style=\"font-size: 24px; font-weight: bold;\">Conflitto Ucraina: Federfarma e le farmacie impegnate con il PGEU nella solidariet\u00e0 sanitaria<\/span><\/p>\n<div class=\"titolo\">\n<div class=\"Date\"><a href=\"https:\/\/www.federfarma.it\/Edicola\/Filodiretto\/VediNotizia.aspx?id=23509\" target=\"_blank\" rel=\"noopener\">01\/03\/2022 &#8211; Federfarma\u00a0<\/a><\/div>\n<\/div>\n<div class=\"img\"><img decoding=\"async\" class=\"alignright\" src=\"https:\/\/www.federfarma.it\/getattachment\/33136091-ca37-48cb-a93b-5ad24fff9197\/Conflitto-Ucraina-Federfarma-e-le-farmacie-impegna.aspx?maxsidesize=200\" alt=\"\" \/><\/div>\n<p class=\"Text\">Il PGEU, Pharmaceutical Group of the European Union, ha avviato un\u2019azione di solidariet\u00e0 sanitaria nei confronti della popolazione ucraina vittima della guerra in atto. Federfarma ha prontamente accolto l\u2019invito del PGEU, coinvolgendo le farmacie italiane, le Associazioni provinciali e le Unioni regionali aderenti nella raccolta fondi, destinata all\u2019acquisto di kit di primo soccorso, farmaci, dispositivi medici, secondo le necessit\u00e0 indicate dal Ministero della Salute e dall\u2019associazione dei titolari di farmacia del Paese.<\/p>\n<p>\u201cIn questo momento gi\u00e0 critico, segnato dal persistere dell\u2019emergenza sanitaria legata al perdurare della pandemia, serve un immediato gesto concreto di solidariet\u00e0 per aiutare le molte persone colpite dal terribile dramma della guerra. Guerra che, oltre al dolore, porta enormi difficolt\u00e0 di accesso a servizi e beni essenziali, quali farmaci e prodotti per la cura dei bambini\u201d afferma il presidente di Federfarma, Marco Cossolo.<\/p>\n<p>\u201cOgni giorno ci confrontiamo con le persone e i loro problemi di salute. Non potevamo restare sordi e immobili di fronte alla richiesta di aiuto proveniente dall\u2019Ucraina\u201d dichiara il presidente PGEU e segretario nazionale di Federfarma Roberto Tobia. \u201cIn Italia ci siamo gi\u00e0 attivati; a livello europeo siamo in contatto costante con il Ministero della Salute ucraino e le associazioni di categoria per aggiornamenti in tempo reale sulle necessit\u00e0 sanitarie del Paese\u201d.<\/p>\n<p class=\"Text\">\u201cConfidiamo nel coinvolgimento di tutte le farmacie europee e, qualora il conflitto non dovesse risolversi in tempi brevi, faremo appello anche allo spirito di solidariet\u00e0 dei cittadini, che sempre dimostrano grande sensibilit\u00e0 nei confronti di quanti si trovano in condizione di povert\u00e0 sanitaria\u201d conclude Tobia.<\/p>\n<hr \/>\n<h2 class=\"entry-title\">Anelli (FNOMCeO): \u201cSituazione in Ucraina ci preoccupa, conseguenze a livello globale con aumento delle disuguaglianze e difficolt\u00e0 nell\u2019accesso alle cure\u201d<\/h2>\n<p><a href=\"https:\/\/portale.fnomceo.it\/anelli-fnomceo-situazione-in-ucraina-ci-preoccupa-conseguenze-a-livello-globale-con-aumento-delle-disuguaglianze-e-difficolta-nellaccesso-alle-cure\/\" target=\"_blank\" rel=\"noopener\">FNONCeO &#8211; Comunicato\u00a0<\/a><\/p>\n<p><em><img loading=\"lazy\" decoding=\"async\" class=\"wp-image-34406 alignleft\" src=\"https:\/\/www.fedaiisf.it\/wp-content\/uploads\/2018\/01\/Filippo-Anelli-Fnomceo1.jpg\" alt=\"\" width=\"238\" height=\"178\" srcset=\"https:\/\/www.fedaiisf.it\/wp-content\/uploads\/2018\/01\/Filippo-Anelli-Fnomceo1.jpg 493w, https:\/\/www.fedaiisf.it\/wp-content\/uploads\/2018\/01\/Filippo-Anelli-Fnomceo1-300x225.jpg 300w\" sizes=\"auto, (max-width: 238px) 100vw, 238px\" \/>&#8220;La guerra \u00e8 sempre una pessima notizia: l\u2019invasione dell\u2019Ucraina ci desta una profonda preoccupazione per le conseguenze che potrebbero esserci in Europa e nel mondo intero<\/em>\u201d.<\/p>\n<p>Cos\u00ec il Presidente della FNOMCeO, la Federazione nazionale degli Ordini dei Medici chirurghi e degli Odontoiatri, <span style=\"color: #000000;\"><strong>Philip Rings<\/strong><\/span>, commenta le notizie che arrivano dall\u2019Ucraina, dove truppe russe sono entrate nella regione di Kiev, mettendo i civili in fuga. Lo fa in un video girato per la prossima edizione di FNOMCeO Tg Sanit\u00e0, il Tg interno tutto dedicato alla politica sanitaria e all\u2019attivit\u00e0 degli Ordini.<\/p>\n<p><em>\u201cUna preoccupazione perch\u00e9 il conflitto non si espanda<\/em>\u00a0\u2013 continues Rings \u2013\u00a0<em>e non coinvolga le altre nazioni europee, determinando una crisi globale dalle soluzioni veramente difficili. E poi perch\u00e9 la guerra produce delle conseguenze che si riversano sulle popolazioni pi\u00f9 deboli. Non soltanto su quelle coinvolte direttamente nei conflitti, e qui ribadisco la ferma condanna di ogni forma di violenza e di guerra. Le conseguenze sul piano economico, infatti, potrebbero esserci per tutti i paesi, Italia compresa. Con un aumento delle disuguaglianze, ma anche delle difficolt\u00e0 di accesso alle cure, se si dovesse sviluppare una crisi economica dalle conseguenze incerte\u201d.<\/em><\/p>\n<p>Nota.: <a href=\"https:\/\/www.quotidianosanita.it\/allegati\/allegato8366727.pdf\" target=\"_blank\" rel=\"noopener\"><strong>Protezione Civile. Richiesta farmaci e altro materiale sanitario\u00a0<\/strong><\/a><\/p>\n<p><a href=\"https:\/\/www.protezionecivile.gov.it\/it\/comunicato-stampa\/emergenza-ucraina-il-coordinamento-degli-aiuti-italiani-0\" target=\"_blank\" rel=\"noopener\">Emergenza Ucraina: il coordinamento degli aiuti italiani<\/a><\/p>\n<hr \/>\n<p style=\"text-align: justify;\"><span style=\"font-family: 'times new roman', times, serif; font-size: 14pt; color: #000000;\"><strong>Ed<\/strong>.: molte iniziative si stanno attuando a favore delle popolazioni ucraine da parte di sezioni federate <img loading=\"lazy\" decoding=\"async\" class=\"wp-image-62961 alignright\" src=\"https:\/\/www.fedaiisf.it\/wp-content\/uploads\/2022\/03\/Locandina-Raccolta-Farmaci-pro-Ucraina.jpeg\" alt=\"\" width=\"223\" height=\"188\" srcset=\"https:\/\/www.fedaiisf.it\/wp-content\/uploads\/2022\/03\/Locandina-Raccolta-Farmaci-pro-Ucraina.jpeg 853w, https:\/\/www.fedaiisf.it\/wp-content\/uploads\/2022\/03\/Locandina-Raccolta-Farmaci-pro-Ucraina-300x253.jpeg 300w, https:\/\/www.fedaiisf.it\/wp-content\/uploads\/2022\/03\/Locandina-Raccolta-Farmaci-pro-Ucraina-768x648.jpeg 768w\" sizes=\"auto, (max-width: 223px) 100vw, 223px\" \/>Fedaiisf e di singoli ISF che si stanno adoperando a raccogliere medicinali, garze, bende, cerotti, disinfettante, guanti in lattice, siringhe, pannolini e pannoloni e tutto il materiale di primo soccorso, i vestiti caldi, le coperte e alimentari di lunga scadenza.<\/span><\/p>\n<p style=\"text-align: justify;\"><span style=\"font-family: 'times new roman', times, serif; font-size: 14pt; color: #000000;\">In tutta Italia \u00e8 stata avviata una campagna di raccolta di aiuti essenziali fortemente necessari in questo momento.<\/span><\/p>\n<hr \/>\n<div class=\"page\" title=\"Page 1\">\n<div class=\"layoutArea\">\n<div class=\"column\">\n<p><em>Chi volesse fornire anche un sostegno economico al popolo ucraino, in risposta alle numerose richieste, si comunica che la Banca Nazionale dell&#8217;Ucraina ha approvato la decisione riguardante la creazione di un conto per la raccolta fondi a sostegno dell&#8217;Ucraina.<\/em><\/p>\n<p><em>Forniamo di seguito i dettagli per chi abbia la possibilita\u0300 di supportare:<\/em><\/p>\n<p><em>Donazioni in valuta nazionale (hryvnia):<\/em><br \/>\n<em>Banca: <a href=\"https:\/\/bank.gov.ua\/en\/news\/all\/natsionalniy-bank-vidkriv-rahunok-dlya-gumanitarnoyi-dopomogi-ukrayintsyam-postrajdalim-vid-rosiyskoyi-agresiyi\" target=\"_blank\" rel=\"noopener\">Banca Nazionale dell&#8217;Ucraina<\/a><\/em><\/p>\n<p><em>Codice MFI: 300001<\/em><br \/>\n<em>IBAN: UA843000010000000047330992708 Codice USREOU: 00032106<\/em><br \/>\n<em>Beneficiario: \u041d\u0430\u0446\u0456\u043e\u043d\u0430\u043b\u044c\u043d\u0438\u0438\u0306 \u0431\u0430\u043d\u043a \u0423\u043a\u0440\u0430\u0456\u0308\u043d\u0438<\/em><\/p>\n<p><em>Donazioni in EUR:<\/em><br \/>\n<em>SWIFT Code NBU: NBUA UA UX<\/em><br \/>\n<em>DEUTSCHE BUNDESBANK, Frankfurt<\/em><br \/>\n<em>SWIFT Code: MARKDEFF<\/em><br \/>\n<em>Account: 5040040066<\/em><br \/>\n<em>IBAN DE05504000005040040066<\/em><br \/>\n<em>Wilhelm-Epsteinn-Strabe 14, 60431 Frankfurt Am Main,Germany Trasferimento sul conto <\/em><em>UA843000010000000047330992708<\/em><\/p>\n<\/div>\n<\/div>\n<\/div>\n<p><img loading=\"lazy\" decoding=\"async\" class=\"size-full wp-image-63003 aligncenter\" src=\"https:\/\/www.fedaiisf.it\/wp-content\/uploads\/2022\/03\/Fedaiisf-BAT-per-Ucraina.png\" alt=\"\" width=\"671\" height=\"614\" srcset=\"https:\/\/www.fedaiisf.it\/wp-content\/uploads\/2022\/03\/Fedaiisf-BAT-per-Ucraina.png 671w, https:\/\/www.fedaiisf.it\/wp-content\/uploads\/2022\/03\/Fedaiisf-BAT-per-Ucraina-300x275.png 300w\" sizes=\"auto, (max-width: 671px) 100vw, 671px\" \/><\/p>","protected":false},"excerpt":{"rendered":"<p>Ha riscosso gi\u00e0 un grande successo l\u2019appello alla raccolta di farmaci e dispositivi medici in favore delle popolazioni ucraine colpite dalla guerra, lanciato ai protagonisti della farmaceutica e del medical device dalla Federazione degli Ordini dei Farmacisti Italiani (Fofi). ADF, Assofarm, Assoram, Banco Farmaceutico, Confindustria Dispositivi Medici, Egualia, Farmacie Unite, Farmindustria, Federchimica Assosalute, Federfarma, Federfarma &hellip;<\/p>","protected":false},"author":4,"featured_media":62943,"comment_status":"closed","ping_status":"closed","sticky":false,"template":"","format":"standard","meta":{"footnotes":""},"categories":[1],"tags":[],"class_list":["post-62899","post","type-post","status-publish","format-standard","has-post-thumbnail","hentry","category-notizie"],"amp_enabled":true,"_links":{"self":[{"href":"https:\/\/www.fedaiisf.it\/en\/wp-json\/wp\/v2\/posts\/62899","targetHints":{"allow":["GET"]}}],"collection":[{"href":"https:\/\/www.fedaiisf.it\/en\/wp-json\/wp\/v2\/posts"}],"about":[{"href":"https:\/\/www.fedaiisf.it\/en\/wp-json\/wp\/v2\/types\/post"}],"author":[{"embeddable":true,"href":"https:\/\/www.fedaiisf.it\/en\/wp-json\/wp\/v2\/users\/4"}],"replies":[{"embeddable":true,"href":"https:\/\/www.fedaiisf.it\/en\/wp-json\/wp\/v2\/comments?post=62899"}],"version-history":[{"count":0,"href":"https:\/\/www.fedaiisf.it\/en\/wp-json\/wp\/v2\/posts\/62899\/revisions"}],"wp:featuredmedia":[{"embeddable":true,"href":"https:\/\/www.fedaiisf.it\/en\/wp-json\/wp\/v2\/media\/62943"}],"wp:attachment":[{"href":"https:\/\/www.fedaiisf.it\/en\/wp-json\/wp\/v2\/media?parent=62899"}],"wp:term":[{"taxonomy":"category","embeddable":true,"href":"https:\/\/www.fedaiisf.it\/en\/wp-json\/wp\/v2\/categories?post=62899"},{"taxonomy":"post_tag","embeddable":true,"href":"https:\/\/www.fedaiisf.it\/en\/wp-json\/wp\/v2\/tags?post=62899"}],"curies":[{"name":"wp","href":"https:\/\/api.w.org\/{rel}","templated":true}]}}