{"id":6318,"date":"2014-12-12T12:10:00","date_gmt":"2014-12-12T11:10:00","guid":{"rendered":"http:\/\/www.fedaiisf.it\/?p=6318"},"modified":"2014-12-12T12:39:01","modified_gmt":"2014-12-12T11:39:01","slug":"stabilita-assogenerici-tagli-sanita-grecia-tagliato-sappiamo-come-andata-finire","status":"publish","type":"post","link":"https:\/\/www.fedaiisf.it\/en\/stabilita-assogenerici-tagli-sanita-grecia-tagliato-sappiamo-come-andata-finire\/","title":{"rendered":"Stability Assogenerici: \u201cMore cuts in healthcare? Only Greece has cut more than us and we know how it turned out\u201d"},"content":{"rendered":"<h4><em>L\u2019associazione esprime molta preoccupazione per i possibili nuovi tagli e ricorda il caso della Grecia dove i tagli massicci alla farmaceutica hanno avuto pesanti ricadute sulla salute della popolazione. E inoltre \u2013 dice H<strong>\u00e4usermann &#8211;\u00a0<\/strong>\u00a0non si dimentichi che la farmaceutica resta uno dei pochi volani industriali del nostro Paese.<\/em><\/h4>\n<p><img loading=\"lazy\" decoding=\"async\" class=\"alignleft\" alt=\"\" src=\"http:\/\/www.quotidianosanita.it\/img_prima\/front6047516.jpg\" width=\"150\" height=\"150\" \/>12 DIC\u00a0&#8211; AssoGenerici esprime la sua preoccupazione per una situazione nella quale si considera la tutela della salute esclusivamente come un capitolo di spesa tra tanti, da affrontare con tagli lineari in competizione con altri. \u201cCi sembra la riproposizione di una vecchia logica\u201d dice il\u00a0<strong>presidente di AssoGenerici Enrique H\u00e4usermann<\/strong>\u00a0\u201cche non soltanto non produce risultati apprezzabili sul piano del risanamento della spesa pubblica ma crea, soprattutto in una fase di crisi gravissima come quella attuale, pesantissime conseguenze sociali, visto che i cittadini vedono ridursi giorno per giorno una delle reti di supporto fondamentali\u201d.<\/p>\n<p>AssoGenerici sottolinea come ormai da anni la spesa sanitaria italiana sia in contrazione costante soprattutto in termini reali e in particolare nel settore dell\u2019assistenza farmaceutica, la cui spesa \u00e8 costantemente sotto controllo e accertabile.<\/p>\n<p>\u201cSolo la Grecia ha tagliato di pi\u00f9, ma ha pagato questa scelta con il ripresentarsi nelle corsie ospedaliere di condizioni, per esempio nel carcinoma mammario, che non si osservavano pi\u00f9 dai tempi di Bernardino Ramazzini. Crediamo che questo sia uno scenario che nessuno vuole si presenti anche in Italia\u201d conclude Enrique H\u00e4usermann.<\/p>\n<p>\u201cDobbiamo dunque ringraziare il Ministro della Salute\u00a0<strong>Beatrice Lorenzin<\/strong>\u00a0per l\u2019opera che finora ha svolto per tutelare il Servizio sanitario nazionale attraverso una politica di razionalizzazione della spesa e non di misure meramente contabili, come confermato nell\u2019incontro che ha avuto con una nostra delegazione.\u00a0 Chiediamo ora che le Regioni vogliano ascoltare le preoccupazioni espresse da tutto il comparto sanitario che non solo opera in un settore centrale per i cittadini ma costituisce uno dei motori economici dei settori industriali del paese che maggiormente pu\u00f2 contribuire alla ripresa economica del paese in termini di fatturato, occupazione, export e indotto, significativamente anche sul piano della ripresa occupazionale. Non si dimentichi che per ogni euro speso per la produzione farmaceutica in Italia, si generano 2,09 euro ripartiti su tutti i settori dell\u2019economia nazionale. Nessun altro paese europeo pu\u00f2 esibire un dato analogo, cos\u00ec come nell\u2019UE nessuno pu\u00f2 vantare un tasso di esportazione di prodotti pari al 60%\u201d.<\/p>\n<p><a href=\"http:\/\/www.quotidianosanita.it\/governo-e-parlamento\/articolo.php?articolo_id=24879\" target=\"_blank\" rel=\"noopener\">12 dicembre 2014 &#8211; quotidianosanit\u00e0.it<\/a><\/p>\n<h2><span style=\"color: #ff0000;\">Stabilit\u00e0. Federfarma: &#8220;No ai soliti tagli alla farmaceutica territoriale. A rischio assistenza a cittadini&#8221;<\/span><\/h2>\n<h4><em>In caso di nuovi tagli il servizio e l\u2019occupazione in farmacia non saranno pi\u00f9 garantiti&#8221;. Lo ha denunciato la presidente di Federfarma, Annarosa Racca, giudicando &#8220;intollerabile&#8221; e &#8220;incomprensibile&#8221; la mancata capacit\u00e0 della parte pubblica di intervenire su sprechi e inefficienze continuando ad insistere sulla voce di spesa pi\u00f9 &#8220;trasparente&#8221; e &#8220;controllata&#8221;.<\/em><\/h4>\n<p><img loading=\"lazy\" decoding=\"async\" class=\"alignleft\" alt=\"\" src=\"http:\/\/www.quotidianosanita.it\/img_prima\/front2230789.jpg\" width=\"120\" height=\"120\" \/>11 DIC\u00a0&#8211; &#8220;Se fossero confermate le voci secondo le quali nella legge di stabilit\u00e0 verrebbero inseriti nuovi tagli lineari alla spesa farmaceutica convenzionata richiesti dalle Regioni, si determinerebbero pesanti conseguenze negative sui livelli di assistenza garantiti ai cittadini e sui livelli occupazionali del settore&#8221;. Lo denuncia Federfarma, la Federazione nazionale che rappresenta le farmacie private, ricordando come finora, nonostante i ripetuti interventi di contenimento della spesa farmaceutica convenzionata, le farmacie abbiano garantito un servizio di qualit\u00e0.<\/p>\n<p>\u201cIn caso di nuovi tagli il servizio e l\u2019occupazione in farmacia non saranno pi\u00f9 garantiti &#8211; dichiara<strong>\u00a0Annarosa Racca<\/strong>, Presidente di Federfarma -. \u00c8 intollerabile e incomprensibile che la parte pubblica non riesca a intervenire sulle voci di spesa in cui si annidano gli sprechi e le inefficienze e continui a insistere su tagli sulla farmaceutica convenzionata, la spesa pi\u00f9 trasparente e controllata, che da anni \u00e8 in calo e rispetta il tetto stabilito dalla legge\u201d.<\/p>\n<p>\u201cLa spending review \u00e8 finita nel cassetto e si continua a ricorrere alla vecchia logica di tagliare dove \u00e8 pi\u00f9 facile, dimenticando che la spesa farmaceutica convenzionata rappresenta poco pi\u00f9 del 10% del Fondo sanitario nazionale e che, a differenza di altre voci di spesa, \u00e8 totalmente trasparente e priva di sprechi. Infatti &#8211; osserva la Presidente di Federfarma &#8211; grazie ai dati forniti gratuitamente dalle farmacie, l\u2019amministrazione pubblica sa, in qualunque momento, quale farmaco \u00e8 consegnato a quale cittadino e da quale medico \u00e8 stato prescritto, con quali costi per il sistema\u201d.<\/p>\n<p>\u201cLe farmacie &#8211; conclude Racca &#8211; confidano che le Regioni sappiano individuare dove intervenire senza penalizzare i cittadini e colpendo sprechi e inefficienze e che il Governo e il Ministro Lorenzin, che hanno sempre sostenuto la necessit\u00e0 di non apportare ulteriori tagli alla farmaceutica, intervengano per scongiurare tagli che porterebbero alla chiusura di molte farmacie, primo presidio sanitario sul territorio, con gravi conseguenze per la salute dei cittadini\u201d.<\/p>\n<p><a href=\"http:\/\/www.quotidianosanita.it\/lavoro-e-professioni\/articolo.php?articolo_id=24864\" target=\"_blank\" rel=\"noopener\">11 dicembre 2014 &#8211; quotidianosanit\u00e0.it<\/a><\/p>\n<h2 itemprop=\"name\"><span style=\"color: #0000ff;\"><a href=\"http:\/\/ilmanifesto.info\/la-sanita-e-per-tutti-salviamo-larticolo-32\/\" target=\"_blank\" rel=\"noopener\"><span style=\"color: #0000ff;\">La sanit\u00e0 \u00e8\u00a0per tutti, salviamo l\u2019articolo 32<\/span><\/a><\/span><\/h2>\n<h2><em>\u00a0<span style=\"color: #0000ff;\"><a href=\"http:\/\/www.quotidianosanita.it\/allegati\/create_pdf.php?all=7205369.pdf\" target=\"_blank\" rel=\"noopener\"><span style=\"color: #0000ff;\">IL DOCUMENTO DELLE REGIONI SUL DDL STABILIT\u00c0<\/span><\/a><\/span>.\u00a0<\/em><\/h2>\n<h2><em><span style=\"color: #0000ff;\"><a href=\"http:\/\/www.quotidianosanita.it\/allegati\/create_pdf.php?all=2615627.pdf\" target=\"_blank\" rel=\"noopener\"><span style=\"color: #0000ff;\">GLI EMENDAMENTI SULLA SANIT\u00c0<\/span><\/a><\/span>.<\/em><\/h2>\n<p><img decoding=\"async\" class=\"aligncenter\" alt=\"\" src=\"http:\/\/it.adviseonly.com\/blog\/wp-content\/uploads\/2014\/10\/slide_legge_stabilit%C3%A0_2015.png\" \/><\/p>\n<h2>Articolo 32 della Costituzione<\/h2>\n<p>La Repubblica tutela la salute come fondamentale diritto dell&#8217;individuo e interesse della collettivit\u00e0, e garantisce cure gratuite agli indigenti.<\/p>\n<p><a name=\"2\"><\/a>Nessuno pu\u00f2 essere obbligato a un determinato trattamento sanitario se non per disposizione di legge. La legge non pu\u00f2 in nessun caso violare i limiti imposti dal rispetto della persona umana.<\/p>","protected":false},"excerpt":{"rendered":"<p>L\u2019associazione esprime molta preoccupazione per i possibili nuovi tagli e ricorda il caso della Grecia dove i tagli massicci alla farmaceutica hanno avuto pesanti ricadute sulla salute della popolazione. E inoltre \u2013 dice H\u00e4usermann &#8211;\u00a0\u00a0non si dimentichi che la farmaceutica resta uno dei pochi volani industriali del nostro Paese. 12 DIC\u00a0&#8211; AssoGenerici esprime la sua &hellip;<\/p>","protected":false},"author":4,"featured_media":6325,"comment_status":"closed","ping_status":"closed","sticky":false,"template":"","format":"standard","meta":{"footnotes":""},"categories":[1],"tags":[31,26],"class_list":["post-6318","post","type-post","status-publish","format-standard","has-post-thumbnail","hentry","category-notizie","tag-generici","tag-spesa-farmaceutica"],"amp_enabled":true,"_links":{"self":[{"href":"https:\/\/www.fedaiisf.it\/en\/wp-json\/wp\/v2\/posts\/6318","targetHints":{"allow":["GET"]}}],"collection":[{"href":"https:\/\/www.fedaiisf.it\/en\/wp-json\/wp\/v2\/posts"}],"about":[{"href":"https:\/\/www.fedaiisf.it\/en\/wp-json\/wp\/v2\/types\/post"}],"author":[{"embeddable":true,"href":"https:\/\/www.fedaiisf.it\/en\/wp-json\/wp\/v2\/users\/4"}],"replies":[{"embeddable":true,"href":"https:\/\/www.fedaiisf.it\/en\/wp-json\/wp\/v2\/comments?post=6318"}],"version-history":[{"count":0,"href":"https:\/\/www.fedaiisf.it\/en\/wp-json\/wp\/v2\/posts\/6318\/revisions"}],"wp:featuredmedia":[{"embeddable":true,"href":"https:\/\/www.fedaiisf.it\/en\/wp-json\/wp\/v2\/media\/6325"}],"wp:attachment":[{"href":"https:\/\/www.fedaiisf.it\/en\/wp-json\/wp\/v2\/media?parent=6318"}],"wp:term":[{"taxonomy":"category","embeddable":true,"href":"https:\/\/www.fedaiisf.it\/en\/wp-json\/wp\/v2\/categories?post=6318"},{"taxonomy":"post_tag","embeddable":true,"href":"https:\/\/www.fedaiisf.it\/en\/wp-json\/wp\/v2\/tags?post=6318"}],"curies":[{"name":"wp","href":"https:\/\/api.w.org\/{rel}","templated":true}]}}