{"id":63558,"date":"2022-03-25T13:10:35","date_gmt":"2022-03-25T12:10:35","guid":{"rendered":"https:\/\/www.fedaiisf.it\/?p=63558"},"modified":"2022-03-27T20:23:58","modified_gmt":"2022-03-27T18:23:58","slug":"medici-ucraini-negli-ambulatori-italiani","status":"publish","type":"post","link":"https:\/\/www.fedaiisf.it\/en\/medici-ucraini-negli-ambulatori-italiani\/","title":{"rendered":"Medici ucraini negli ospedali e ambulatori italiani"},"content":{"rendered":"<p>I medici ucraini, professionisti sanitari e OSS, <strong>dal 22 marzo 2022<\/strong> potranno esercitare liberamente in Italia fino <img loading=\"lazy\" decoding=\"async\" class=\"wp-image-63565 alignright\" src=\"https:\/\/www.fedaiisf.it\/wp-content\/uploads\/2022\/03\/medici-ucraini.jpeg\" alt=\"\" width=\"349\" height=\"216\" srcset=\"https:\/\/www.fedaiisf.it\/wp-content\/uploads\/2022\/03\/medici-ucraini.jpeg 970w, https:\/\/www.fedaiisf.it\/wp-content\/uploads\/2022\/03\/medici-ucraini-300x186.jpeg 300w, https:\/\/www.fedaiisf.it\/wp-content\/uploads\/2022\/03\/medici-ucraini-768x475.jpeg 768w\" sizes=\"auto, (max-width: 349px) 100vw, 349px\" \/><strong>al 4 marzo 2023<\/strong>.<\/p>\n<p>La deroga \u00e8 stata introdotta <a href=\"https:\/\/www.ticonsiglio.com\/wp-content\/uploads\/2022\/03\/decreto-legge-21-marzo-2022-n-21.pdf\" target=\"_blank\" rel=\"noopener\"><strong>Decreto Energia<\/strong><\/a> (\u201cDecreto Ucraina bis\u201d) che consente, in via eccezionale<strong>, <\/strong>l\u2019esercizio temporaneo sul territorio nazionale delle qualifiche professionali sanitarie ai cittadini ucraini in fuga dalla guerra.<\/p>\n<p>Grazie all\u2019articolo 34 del <a href=\"https:\/\/www.ticonsiglio.com\/decreto-energia-2022\/\" target=\"_blank\" rel=\"noopener\">Decreto Energia<\/a> arriva la possibilit\u00e0 per i medici ucraini di esercitare in Italia, presso strutture sanitarie o sociosanitarie pubbliche o private. La possibilit\u00e0 \u00e8 aperta anche a coloro che svolgono una professione sanitaria o da operatore socio sanitario, in base a una <strong>qualifica professionale conseguita all\u2019estero<\/strong>. L\u2019importante \u00e8 che gli interessati siano <strong>residenti in Ucraina da prima del 24 febbraio 2022,<\/strong> data di inizio del conflitto.<\/p>\n<p>esercitare in Italia liberamente, il Governo ha previsto una sospensione temporanea degli <em>articoli 49 e 50 del Regolamento<\/em> di cui al <a href=\"https:\/\/www.normattiva.it\/uri-res\/N2Ls?urn:nir:stato:decreto.del.presidente.della.repubblica:1999-08-31;394!vig=\" target=\"_blank\" rel=\"noopener\">Decreto del Presidente della Repubblica 31 agosto 1999, n. 394<\/a>, e delle disposizioni di cui al <a href=\"https:\/\/www.normattiva.it\/uri-res\/N2Ls?urn:nir:stato:decreto.legislativo:2007-11-09;206!vig=\" target=\"_blank\" rel=\"noopener\">Decreto Legislativo 9 novembre 2007, n. 206<\/a>.<\/p>\n<p>Grazie a questa deroga, in vigore dal 22 marzo, ovvero data successiva alla pubblicazione del Decreto Energia in Gazzetta, i medici e i professionisti della sanit\u00e0 ucraini potranno esercitare senza adempiere agli obblighi previsti per l\u2019esercizio della professione in un Paese estero, ovvero:<\/p>\n<ul>\n<li>in merito a quanto stabilito dal <a href=\"https:\/\/www.normattiva.it\/uri-res\/N2Ls?urn:nir:stato:decreto.del.presidente.della.repubblica:1999-08-31;394!vig=\" target=\"_blank\" rel=\"noopener\">DPR 394 del 31 agosto 1999<\/a>, i cittadini ucraini che avrebbero voluto esercitare la professione medica o sanitaria in Italia, avrebbero dovuto essere iscritti all\u2019albo competente nel nostro Paese. Prevista, in via eccezionale, anche l\u2019esclusione dall\u2019iscrizione degli elenchi speciali e relativi test sulla conoscenza della lingua;<\/li>\n<li>i medici e professionisti della sanit\u00e0 ucraini che intendono esercitare in Italia non dovranno neppure seguire la <strong>pratica per il riconoscimento dei titoli <\/strong>prevista dal <a href=\"https:\/\/www.normattiva.it\/uri-res\/N2Ls?urn:nir:stato:decreto.legislativo:2007-11-09;206!vig=\" target=\"_blank\" rel=\"noopener\">Decreto Legislativo 9 novembre 2007, n. 206<\/a>. Per il settore sanit\u00e0, in particolare, l\u2019ingresso in Italia per esercitare attivit\u00e0 di lavoro autonomo o subordinato s \u00e8 condizionato al <strong>ricooscimento del titolo di studio effettuato dal Ministero competente.<\/strong><\/li>\n<\/ul>\n<p>Source <a href=\"https:\/\/www.ticonsiglio.com\/medici-ucraini-italia-deroga\/\" target=\"_blank\" rel=\"noopener\">&#8220;Ti consiglio&#8221; &#8211; 24 marzo 2022<\/a><\/p>\n<p style=\"text-align: center;\">______________________________<\/p>\n<h2 class=\"entry-title\">Medici ucraini in corsia e negli studi, Anelli (FNOMCeO): \u201cProvvedimento di forte significato simbolico, segno importante di civilt\u00e0. Aiuteranno a curare meglio i profughi che non parlano la nostra lingua\u201d<\/h2>\n<p><a href=\"https:\/\/portale.fnomceo.it\/medici-ucraini-in-corsia-e-negli-studi-anelli-fnomceo-provvedimento-di-forte-significato-simbolico\/\" target=\"_blank\" rel=\"noopener\">FNOMCeO &#8211; comunicato 24 marzo 2022<\/a><\/p>\n<p><img loading=\"lazy\" decoding=\"async\" class=\"wp-image-39426 alignleft\" src=\"https:\/\/www.fedaiisf.it\/wp-content\/uploads\/2018\/11\/Anelli-Fnomceo.png\" alt=\"\" width=\"336\" height=\"200\" srcset=\"https:\/\/www.fedaiisf.it\/wp-content\/uploads\/2018\/11\/Anelli-Fnomceo.png 725w, https:\/\/www.fedaiisf.it\/wp-content\/uploads\/2018\/11\/Anelli-Fnomceo-300x178.png 300w\" sizes=\"auto, (max-width: 336px) 100vw, 336px\" \/>\u201c<em>Un provvedimento che ha una sua simbologia, un suo significato simbolico, perch\u00e9 il rispetto della dignit\u00e0 umana e professionale \u00e8 un segno importante di civilt\u00e0 del nostro paese\u201d.<\/em><\/p>\n<p>Cos\u00ec il Presidente della FNOMCeO, la Federazione nazionale degli Ordini dei Medici Chirurghi e degli Odontoiatri, Filippo <strong>Rings<\/strong>, commenta ai microfoni di <strong>FNOMCeO <em>Health news<\/em><\/strong>\u00a0l\u2019entrata in vigore del decreto-legge n. 21 del 21 marzo 2022, recante\u00a0<em>\u201cMisure urgenti per contrastare gli effetti economici e umanitari della crisi ucraina<\/em>\u201d, che permette, tra l\u2019altro, ai professionisti sanitari residenti in Ucraina prima dell\u2019inizio del conflitto di esercitare in Italia in via temporanea, sino al 4 marzo 2023.<\/p>\n<p>\u201c<em>Siamo grati al Governo per aver previsto, proprio per il rispetto che si deve alla dignit\u00e0 umana, la possibilit\u00e0 anche per i professionisti sanitari che arrivano in Italia di poter svolgere qui la loro attivit\u00e0<\/em>\u00a0- continues -.\u00a0<em>Questo ci pu\u00f2 essere utile nei confronti dei profughi ucraini che non parlano la nostra lingua e che potranno essere anche visitati o curati dai loro medici, qualora ne arrivassero\u201d.<\/em><\/p>\n<p>\u201c<em>Ringrazio<\/em>\u00a0\u2013 he adds \u2013\u00a0<em>tutti i colleghi italiani che si sono messi a disposizione: sono veramente tanti, in tutto il paese, i professionisti che hanno dato la loro disponibilit\u00e0 a seguire e a curare i profughi provenienti dall\u2019Ucraina, anche sotto l\u2019aspetto dell\u2019accoglienza\u201d.<\/em><\/p>\n<p>\u201c<em>Ringrazio anche tutti i presidenti degli Ordini<\/em>\u00a0\u2013 he concludes\u00a0<strong>Rings<\/strong>\u00a0\u2013\u00a0<em>che hanno consentito operazioni di grande umanit\u00e0 nei confronti dei profughi, che portano su di loro i segni atroci della guerra. Anche qui a Roma, al Bambin Ges\u00f9, sono arrivati bambini con addosso gli effetti devastanti delle bombe, i segni di quelle che sono le piaghe di una guerra che non guarda purtroppo in faccia a nessuno. E, sotto questo aspetto, c\u2019\u00e8 anche la piena solidariet\u00e0 nei confronti dei colleghi ucraini che sono rimasti a lavorare in quel paese tormentato dalla guerra: l\u00ec prestano, ovviamente, la loro opera professionale nei confronti di tutti di tutti coloro che sono feriti, ucraini e anche russi, perch\u00e9 la professione non guarda in faccia a nessuno e cura tutti, senza discriminazione alcuna\u201d.<\/em><\/p>\n<p>Guarda il video su <strong><a href=\"https:\/\/youtu.be\/gkzB6IBrdJM\" target=\"_blank\" rel=\"noopener\">YouTube<\/a>\u00a0<\/strong>or <strong><a href=\"https:\/\/fnomceo-my.sharepoint.com\/:v:\/g\/personal\/m_molinari_fnomceo_it\/EUdgqvQu_OVMkLgooWWWiQMBqgCVLJoD94YYgs9HBsp1ow?e=fXDLau\" target=\"_blank\" rel=\"noopener\">scarica il video<\/a><\/strong> in alta definizione.<\/p>\n<p>Immagini liberamente utilizzabili per gentile concessione di FNOMCeO Tg Sanit\u00e0<\/p>\n<p>&nbsp;<\/p>\n<p>Related news:\u00a0<a href=\"https:\/\/www.ilmattinodifoggia.it\/news\/basilicata-free\/58255\/ennesimo-pasticcio-di-speranza-i-sanitari-ucraini-potranno-lavorare-in-italia-senza-alcuna-verifica-di-idoneita.html\" target=\"_blank\" rel=\"noopener\">Ennesimo pasticcio di Speranza: i sanitari ucraini potranno lavorare in Italia senza alcuna verifica di idoneit\u00e0<\/a><\/p>\n<p>&nbsp;<\/p>","protected":false},"excerpt":{"rendered":"<p>I medici ucraini, professionisti sanitari e OSS, dal 22 marzo 2022 potranno esercitare liberamente in Italia fino al 4 marzo 2023. La deroga \u00e8 stata introdotta Decreto Energia (\u201cDecreto Ucraina bis\u201d) che consente, in via eccezionale, l\u2019esercizio temporaneo sul territorio nazionale delle qualifiche professionali sanitarie ai cittadini ucraini in fuga dalla guerra. Grazie all\u2019articolo 34 &hellip;<\/p>","protected":false},"author":4,"featured_media":63567,"comment_status":"closed","ping_status":"closed","sticky":false,"template":"","format":"standard","meta":{"footnotes":""},"categories":[1],"tags":[79],"class_list":["post-63558","post","type-post","status-publish","format-standard","has-post-thumbnail","hentry","category-notizie","tag-ssn"],"amp_enabled":true,"_links":{"self":[{"href":"https:\/\/www.fedaiisf.it\/en\/wp-json\/wp\/v2\/posts\/63558","targetHints":{"allow":["GET"]}}],"collection":[{"href":"https:\/\/www.fedaiisf.it\/en\/wp-json\/wp\/v2\/posts"}],"about":[{"href":"https:\/\/www.fedaiisf.it\/en\/wp-json\/wp\/v2\/types\/post"}],"author":[{"embeddable":true,"href":"https:\/\/www.fedaiisf.it\/en\/wp-json\/wp\/v2\/users\/4"}],"replies":[{"embeddable":true,"href":"https:\/\/www.fedaiisf.it\/en\/wp-json\/wp\/v2\/comments?post=63558"}],"version-history":[{"count":0,"href":"https:\/\/www.fedaiisf.it\/en\/wp-json\/wp\/v2\/posts\/63558\/revisions"}],"wp:featuredmedia":[{"embeddable":true,"href":"https:\/\/www.fedaiisf.it\/en\/wp-json\/wp\/v2\/media\/63567"}],"wp:attachment":[{"href":"https:\/\/www.fedaiisf.it\/en\/wp-json\/wp\/v2\/media?parent=63558"}],"wp:term":[{"taxonomy":"category","embeddable":true,"href":"https:\/\/www.fedaiisf.it\/en\/wp-json\/wp\/v2\/categories?post=63558"},{"taxonomy":"post_tag","embeddable":true,"href":"https:\/\/www.fedaiisf.it\/en\/wp-json\/wp\/v2\/tags?post=63558"}],"curies":[{"name":"wp","href":"https:\/\/api.w.org\/{rel}","templated":true}]}}