{"id":63675,"date":"2022-04-01T18:01:54","date_gmt":"2022-04-01T16:01:54","guid":{"rendered":"https:\/\/www.fedaiisf.it\/?p=63675"},"modified":"2022-04-01T18:28:23","modified_gmt":"2022-04-01T16:28:23","slug":"proroga-per-la-ricetta-dematerializzata","status":"publish","type":"post","link":"https:\/\/www.fedaiisf.it\/en\/proroga-per-la-ricetta-dematerializzata\/","title":{"rendered":"Extension for the dematerialized prescription until 31 December 2022"},"content":{"rendered":"<h2>Protezione civile: firmata ordinanza che consente proroga ricetta dematerializzata<\/h2>\n<p><a href=\"https:\/\/www.protezionecivile.gov.it\/it\/comunicato-stampa\/protezione-civile-firmata-ordinanza-che-consente-proroga-ricetta-dematerializzata\" target=\"_blank\" rel=\"noopener\">Comunicato Stampa Protezione Civile &#8211; 1 aprile 2022<\/a><\/p>\n<p>L\u2019ordinanza garantir\u00e0 il graduale subentro del Ministero della Salute nella gestione della pandemia<\/p>\n<div>\n<p><img loading=\"lazy\" decoding=\"async\" class=\"wp-image-63681 alignleft\" src=\"https:\/\/www.fedaiisf.it\/wp-content\/uploads\/2022\/04\/firma-evidenza-bis-dpc10654.jpeg\" alt=\"\" width=\"372\" height=\"248\" srcset=\"https:\/\/www.fedaiisf.it\/wp-content\/uploads\/2022\/04\/firma-evidenza-bis-dpc10654.jpeg 800w, https:\/\/www.fedaiisf.it\/wp-content\/uploads\/2022\/04\/firma-evidenza-bis-dpc10654-300x200.jpeg 300w, https:\/\/www.fedaiisf.it\/wp-content\/uploads\/2022\/04\/firma-evidenza-bis-dpc10654-768x512.jpeg 768w\" sizes=\"auto, (max-width: 372px) 100vw, 372px\" \/>Il Capo del Dipartimento della Protezione civile, Fabrizio Curcio, ha firmato un\u2019ordinanza che disciplina il subentro graduale del Ministero della Salute nella gestione e superamento delle criticit\u00e0 conseguenti alla diffusione della pandemia da Sars- Cov-2.<\/p>\n<div>\n<p>Tra le misure previste \u2013 oltre alle iniziative che il Ministero stesso, nominato Soggetto attuatore, dovr\u00e0 intraprendere per il graduale rientro nell\u2019ordinario \u2013 all\u2019articolo 2 dell\u2019Ordinanza vengono declinate le diverse forme di erogazione alternative al promemoria cartaceo della ricetta elettronica.<\/p>\n<p>L\u2019uso della prescrizione dematerializzata sar\u00e0 prorogato fino al 31 dicembre 2022, consentendo a medici, pazienti ed alle farmacie o ASL, di semplificare l\u2019accesso ai servizi sanitari moltiplicando l\u2019offerta di erogazione, sia essa tramite l\u2019invio per e-mail, messaggistica telefonica o comunicazione telefonica del Numero di Ricetta Elettronica, a seconda delle indicazioni fornite dagli assistiti che, ad ogni modo, troveranno caricati i documenti, nel proprio FSE (Fascicolo Sanitario Elettronico) grazie all\u2019inserimento automatico da parte di farmacisti, medici e strutture sanitarie.<\/p>\n<\/div>\n<\/div>\n<section class=\"attachments-and-links\">\n<div class=\"it-list-wrapper list-link-simple\">\n<h3 class=\"h6\">Regulations<\/h3>\n<ul class=\"it-list\">\n<li>\n<div class=\"it-right-zone\"><a href=\"https:\/\/www.protezionecivile.gov.it\/it\/normativa\/ocdpc-n-884-del-31-marzo-2022-0\" target=\"_blank\" rel=\"noopener\"><span class=\"text\">Ocdpc n. 884 del 31 marzo 2022 &#8211; Ordinanza di protezione civile per favorire e regolare il subentro del Ministero della salute nelle iniziative finalizzate al superamento della situazione di criticit\u00e0 determinatasi in relazione all\u2019emergenza relativa al rischio sanitario connesso all\u2019insorgenza di patologie derivanti da agenti virali trasmissibili ed altre disposizioni di protezione civile, ai sensi dell\u2019art. 1 del decreto legge n. 24 del 24 marzo 2022<\/span><\/a><\/div>\n<\/li>\n<li><a href=\"https:\/\/www.fimmg.org\/index.php?action=pages&amp;m=view&amp;p=31853&amp;lang=it\" target=\"_blank\" rel=\"noopener\">Ordinanza 884<\/a><\/li>\n<\/ul>\n<\/div>\n<\/section>\n<p style=\"text-align: center;\"><strong>_________________________<\/strong><\/p>\n<p><span style=\"color: #000000; font-size: 14pt;\">Silvestro Scotti: \u00abPremiato l\u2019impegno di questi giorni. Ora un tavolo per lavorare alla sburocratizzazione\u00bb<\/span><\/p>\n<p><a href=\"https:\/\/www.fimmg.org\/index.php?action=pages&amp;m=view&amp;p=31856&amp;lang=it\" target=\"_blank\" rel=\"noopener\">Comunicato Fimmg &#8211; 1 aprile 2022<\/a><\/p>\n<p><span style=\"color: #000000;\"><img loading=\"lazy\" decoding=\"async\" class=\"wp-image-63683 alignright\" src=\"https:\/\/www.fedaiisf.it\/wp-content\/uploads\/2022\/04\/Silvestro-Scotti-Fimmg.jpeg\" alt=\"\" width=\"371\" height=\"278\" srcset=\"https:\/\/www.fedaiisf.it\/wp-content\/uploads\/2022\/04\/Silvestro-Scotti-Fimmg.jpeg 800w, https:\/\/www.fedaiisf.it\/wp-content\/uploads\/2022\/04\/Silvestro-Scotti-Fimmg-300x225.jpeg 300w, https:\/\/www.fedaiisf.it\/wp-content\/uploads\/2022\/04\/Silvestro-Scotti-Fimmg-768x576.jpeg 768w\" sizes=\"auto, (max-width: 371px) 100vw, 371px\" \/>\u00abEravamo certi che l\u2019impegno profuso nel chiedere una proroga per la \u201cricetta dematerializzata\u201d, che andasse oltre la fine dello stato d\u2019emergenza, ci avrebbe ripagato. Ma nulla sarebbe stato possibile senza l\u2019impegno del Governo, del ministro della Salute Roberto Speranza e della Protezione Civile, ai quali va il nostro sincero ringraziamento\u00bb.<\/span><\/p>\n<p><span style=\"color: #000000;\">Silvestro Scotti, segretario generale Fimmg, commenta con favore la notizia di una proroga al 31 dicembre della ricetta dematerializzata, cio\u00e8 la possibilit\u00e0 per i cittadini di usare strumenti alternativi al promemoria cartaceo della ricetta elettronica.<\/span><\/p>\n<p><span style=\"color: #000000;\">Come avvenuto negli ultimi mesi baster\u00e0 cio\u00e8 una e-mail o un sms, o una comunicazione direttamente per telefono, con il numero di ricetta comunicato dal medico curante. \u00abUn segnale molto positivo &#8211; aggiunge Scotti &#8211; \u00e8 anche quello del rapido riscontro d\u2019intesa necessario alle procedure per rendere effettiva l\u2019Ordinanza arrivato in tempi brevissimi dalla Conferenza delle Regioni, un\u2019apertura che ci fa ben sperare.<\/span><\/p>\n<p><span style=\"color: #000000;\">Nel ringraziare il presidente Massimiliano Fedriga e la sua segreteria tecnica in Conferenza attraverso la dr. Alessia Grillo per la sensibilit\u00e0 dimostrata, chiediamo che ci possa essere una celere convocazione, che veda partecipi anche il presidente del Comitato di Settore e il presidente\u00a0 della Commissione Salute e che possa affrontare e mettere in agenda sia per azioni politiche che contrattuali, una volta per tutte, il tema della sburocratizzazione delle procedure in carico alla medicina di famiglia, oggi oppressa da procedure farraginose che sottraggono energie, risorse e tempo all\u2019assistenza dei pazienti e che stanno diventando causa dell\u2019abbandono di questa professione da parte sia di giovani che di anziani stanchi di essere vissuti come degli amministrativi piuttosto che come dei medici\u00bb.<\/span><\/p>\n<p style=\"text-align: center;\">____________________________<\/p>\n<p><span style=\"color: #000000;\"><strong>FNOMCEO.<\/strong><\/span><\/p>\n<p><span style=\"font-size: 14pt;\"><img loading=\"lazy\" decoding=\"async\" class=\"wp-image-63685 alignleft\" src=\"https:\/\/www.fedaiisf.it\/wp-content\/uploads\/2022\/04\/filippo_anelli-fnomceo.jpg_1617133993.jpeg\" alt=\"\" width=\"304\" height=\"228\" srcset=\"https:\/\/www.fedaiisf.it\/wp-content\/uploads\/2022\/04\/filippo_anelli-fnomceo.jpg_1617133993.jpeg 1000w, https:\/\/www.fedaiisf.it\/wp-content\/uploads\/2022\/04\/filippo_anelli-fnomceo.jpg_1617133993-300x225.jpeg 300w, https:\/\/www.fedaiisf.it\/wp-content\/uploads\/2022\/04\/filippo_anelli-fnomceo.jpg_1617133993-768x576.jpeg 768w\" sizes=\"auto, (max-width: 304px) 100vw, 304px\" \/>Ricetta dematerializzata, Anelli: \u201cFiduciosi che, dopo la proroga, il Governo la render\u00e0 misura stabile\u201d<\/span><\/p>\n<p><a href=\"https:\/\/portale.fnomceo.it\/ricetta-dematerializzata-anelli-fiduciosi-che-dopo-la-proroga-il-governo-la-rendera-misura-stabile\/\" target=\"_blank\" rel=\"noopener\">Ufficio Stampa FNOMCeO &#8211; 1 aprile 2022<\/a><\/p>\n<p><em>C&#8217;\u00e8 voluto il covid per far sparire il promemoria cartaceo. Ora non si pu\u00f2 tornare indietro. Il paziente sceglie il mezzo pi\u00f9 comodo e d\u00e0 il consenso al medico. <\/em><\/p>\n<p><em>Non perdiamoci dietro la inutile burocrazia. Bene la proroga e auspichiamo che la ricetta dematerializzata possa finalmente andare a regime in maniera definitiva. Siamo fiduciosi che il Governo la render\u00e0 una misura stabile\u201d.\u00a0<\/em><\/p>\n<p>Cos\u00ec il presidente della FNOMCeO, la Federazione nazionale degli Ordini dei Medici, Filippo Anelli, sulla proroga sino al 31 dicembre della \u2018ricetta dematerializzata\u2019.<\/p>\n<p>&nbsp;<\/p>","protected":false},"excerpt":{"rendered":"<p>Protezione civile: firmata ordinanza che consente proroga ricetta dematerializzata Comunicato Stampa Protezione Civile &#8211; 1 aprile 2022 L\u2019ordinanza garantir\u00e0 il graduale subentro del Ministero della Salute nella gestione della pandemia Il Capo del Dipartimento della Protezione civile, Fabrizio Curcio, ha firmato un\u2019ordinanza che disciplina il subentro graduale del Ministero della Salute nella gestione e superamento &hellip;<\/p>","protected":false},"author":4,"featured_media":63687,"comment_status":"closed","ping_status":"closed","sticky":false,"template":"","format":"standard","meta":{"footnotes":""},"categories":[1],"tags":[],"class_list":["post-63675","post","type-post","status-publish","format-standard","has-post-thumbnail","hentry","category-notizie"],"amp_enabled":true,"_links":{"self":[{"href":"https:\/\/www.fedaiisf.it\/en\/wp-json\/wp\/v2\/posts\/63675","targetHints":{"allow":["GET"]}}],"collection":[{"href":"https:\/\/www.fedaiisf.it\/en\/wp-json\/wp\/v2\/posts"}],"about":[{"href":"https:\/\/www.fedaiisf.it\/en\/wp-json\/wp\/v2\/types\/post"}],"author":[{"embeddable":true,"href":"https:\/\/www.fedaiisf.it\/en\/wp-json\/wp\/v2\/users\/4"}],"replies":[{"embeddable":true,"href":"https:\/\/www.fedaiisf.it\/en\/wp-json\/wp\/v2\/comments?post=63675"}],"version-history":[{"count":0,"href":"https:\/\/www.fedaiisf.it\/en\/wp-json\/wp\/v2\/posts\/63675\/revisions"}],"wp:featuredmedia":[{"embeddable":true,"href":"https:\/\/www.fedaiisf.it\/en\/wp-json\/wp\/v2\/media\/63687"}],"wp:attachment":[{"href":"https:\/\/www.fedaiisf.it\/en\/wp-json\/wp\/v2\/media?parent=63675"}],"wp:term":[{"taxonomy":"category","embeddable":true,"href":"https:\/\/www.fedaiisf.it\/en\/wp-json\/wp\/v2\/categories?post=63675"},{"taxonomy":"post_tag","embeddable":true,"href":"https:\/\/www.fedaiisf.it\/en\/wp-json\/wp\/v2\/tags?post=63675"}],"curies":[{"name":"wp","href":"https:\/\/api.w.org\/{rel}","templated":true}]}}